{"id":22152,"date":"2023-12-19T16:02:18","date_gmt":"2023-12-19T16:02:18","guid":{"rendered":"https:\/\/rp221.com\/?p=22152"},"modified":"2023-12-23T10:29:36","modified_gmt":"2023-12-23T10:29:36","slug":"au-senegal-letat-des-navettes-qui-relient-dakar-a-lile-de-goree-suscite-linquietude-de-parents-deleves","status":"publish","type":"post","link":"https:\/\/rp221.com\/?p=22152","title":{"rendered":"Au S\u00e9n\u00e9gal, l&rsquo;\u00e9tat des navettes qui relient Dakar \u00e0 l&rsquo;\u00eele de Gor\u00e9e suscite l&rsquo;inqui\u00e9tude de parents d&rsquo;\u00e9l\u00e8ves"},"content":{"rendered":"<div class=\"et_d4_element et_pb_section et_pb_section_0  et_pb_css_mix_blend_mode et_section_regular et_block_section\" >\n\t\t\t\t\n\t\t\t\t\n\t\t\t\t\n\t\t\t\t\n\t\t\t\t\n\t\t\t\t\n\t\t\t\t<div class=\"et_d4_element et_pb_row et_pb_row_0  et_pb_css_mix_blend_mode et_block_row\">\n\t\t\t\t\t\t\t\t<div class=\"et_d4_element et_pb_column_4_4 et_pb_column et_pb_column_0  et_pb_css_mix_blend_mode et-last-child et_block_column\">\n\t\t\t\t\n\t\t\t\t\n\t\t\t\t\n\t\t\t\t\n\t\t\t\t<div class=\"et_pb_module et_d4_element et_pb_text et_pb_text_0  et_pb_text_align_left et_pb_bg_layout_light\">\n\t\t\t\t\n\t\t\t\t\n\t\t\t\t\n\t\t\t\t\n\t\t\t\t<div class=\"et_pb_text_inner\"><p class=\"wp-block-paragraph\">Pannes fr\u00e9quentes, mise \u00e0 l'arr\u00eat d'une des chaloupes la semaine derni\u00e8re... Les deux bateaux qui relient quotidiennement la capitale s\u00e9n\u00e9galaise \u00e0 l\u2019\u00eele de Gor\u00e9e montrent des signes de faiblesse alors que jusqu\u2019\u00e0 4\u00a0500 personnes font cette travers\u00e9e chaque jour. Lundi, les parents de 235 \u00e9l\u00e8ves scolaris\u00e9s sur l\u2019\u00eele ont ainsi refus\u00e9 que leurs enfants fassent la travers\u00e9e.<\/p>\n\n\n\n<p class=\"wp-block-paragraph\">Ils \u00e9taient une petite centaine de parents venus accompagner leurs filles scolaris\u00e9es au lyc\u00e9e Mariama Ba&nbsp;<strong><a href=\"https:\/\/www.rfi.fr\/fr\/afrique\/20201010-s%C3%A9n%C3%A9gal-l%C3%AEle-gor%C3%A9e-rouvre-portes-apr%C3%A8s-sept-mois-disolement\">de Gor\u00e9e<\/a><\/strong>. Ces 235 \u00e9l\u00e8ves font la travers\u00e9e chaque semaine depuis Dakar. Mais ce lundi matin, les parents ont d\u00e9cid\u00e9 ne pas les laisser embarquer pour l\u2019\u00eele, \u00e0 2 kilom\u00e8tres et demi de l\u00e0. \u00ab<em>&nbsp;Nous sommes inquiets de la s\u00e9curit\u00e9. Les chaloupes sont vieilles. Vendredi dernier, les cours se sont arr\u00eat\u00e9s \u00e0 10h parce que les rotations n\u2019\u00e9tant plus r\u00e9guli\u00e8res, l\u2019administration a d\u00fb les lib\u00e9rer par groupes,<\/em>&nbsp;rapporte<em><\/em>Maguette Sy, pr\u00e9sident de l\u2019Association de parents d\u2019\u00e9l\u00e8ves, et p\u00e8re d\u2019une \u00e9l\u00e8ve en terminale<em>. Lors de la c\u00e9r\u00e9monie d\u2019excellence, la remise des prix, tous les parents sont rest\u00e9s coinc\u00e9s ici \u00e0 l\u2019embarcad\u00e8re fin novembre.&nbsp;<\/em>\u00bb<\/p>\n\n\n\n<p class=\"wp-block-paragraph\">Des pannes qui se r\u00e9p\u00e8tent comme mardi et jeudi dernier, mais aussi en avril. La crainte, c\u2019est celle d\u2019une catastrophe maritime alors que jusqu\u2019\u00e0 4&nbsp;500 personnes traversent chaque jour ce petit bout d\u2019oc\u00e9an. \u00ab<em>&nbsp;En tout cas, on tient \u00e0 alerter parce que nous ne voulons pas d\u2019une catastrophe maritime, parce que c\u2019est une travers\u00e9e pour une vingtaine de minutes quand m\u00eame. Nous avons peur pour nos filles<\/em>&nbsp;\u00bb<em>,&nbsp;<\/em>explique<em>&nbsp;<\/em>Mariame Fall Dicko, une autre parent d\u2019\u00e9l\u00e8ves du lyc\u00e9e Mariama Ba.<\/p>\n\n\n\n<p class=\"wp-block-paragraph\">Mise en circulation en 1999 pour l\u2019une et en 2013 pour l\u2019autre, les usagers se plaignent depuis plusieurs ann\u00e9es d\u00e9j\u00e0. Mais le directeur du port se veut rassurant. Les pannes caus\u00e9es par un filet de p\u00eache pris dans l\u2019h\u00e9lice sont r\u00e9par\u00e9es. \u00ab<em>&nbsp;La liaison a retrouv\u00e9 donc son r\u00e9gime normal. Les deux chaloupes de back up sont mises en position en cas de difficult\u00e9 et nos autorit\u00e9s maritimes certifient et donnent la garantie avant tout trajet&nbsp;<\/em>\u00bb, assure Mountaga Sy, directeur du port autonome de Dakar.<\/p>\n\n\n\n<p class=\"wp-block-paragraph\">Une nouvelle chaloupe de 450 places sera mise en circulation le 10 janvier, promet le directeur du port. Et pour rassurer les parents, le bateau de remplacement leur a \u00e9t\u00e9 montr\u00e9 lundi. Mais ce nouveau bateau \u00e9tait d\u00e9j\u00e0 annonc\u00e9 pour juillet, rappellent les parents qui disent attendre de le voir pour vraiment y croire.<\/p><\/div>\n\t\t\t<\/div>\n\t\t\t<\/div>\t\t\t\n\t\t\t\t\n\t\t\t\t\n\t\t\t\t\n\t\t\t\t\n\t\t\t<\/div>\t\t\n\t\t\t\t\n\t\t\t\t\n\t\t\t<\/div>","protected":false},"excerpt":{"rendered":"","protected":false},"author":1,"featured_media":0,"comment_status":"open","ping_status":"open","sticky":false,"template":"","format":"standard","meta":{"_et_pb_use_builder":"on","_et_pb_old_content":"<!-- wp:paragraph -->\n<p>Pannes fr\u00e9quentes, mise \u00e0 l'arr\u00eat d'une des chaloupes la semaine derni\u00e8re... Les deux bateaux qui relient quotidiennement la capitale s\u00e9n\u00e9galaise \u00e0 l\u2019\u00eele de Gor\u00e9e montrent des signes de faiblesse alors que jusqu\u2019\u00e0 4\u00a0500 personnes font cette travers\u00e9e chaque jour. Lundi, les parents de 235 \u00e9l\u00e8ves scolaris\u00e9s sur l\u2019\u00eele ont ainsi refus\u00e9 que leurs enfants fassent la travers\u00e9e.<\/p>\n<!-- \/wp:paragraph -->\n\n<!-- wp:paragraph -->\n<p>Ils \u00e9taient une petite centaine de parents venus accompagner leurs filles scolaris\u00e9es au lyc\u00e9e Mariama Ba&nbsp;<strong><a href=\"https:\/\/www.rfi.fr\/fr\/afrique\/20201010-s%C3%A9n%C3%A9gal-l%C3%AEle-gor%C3%A9e-rouvre-portes-apr%C3%A8s-sept-mois-disolement\">de Gor\u00e9e<\/a><\/strong>. Ces 235 \u00e9l\u00e8ves font la travers\u00e9e chaque semaine depuis Dakar. Mais ce lundi matin, les parents ont d\u00e9cid\u00e9 ne pas les laisser embarquer pour l\u2019\u00eele, \u00e0 2 kilom\u00e8tres et demi de l\u00e0. \u00ab<em>&nbsp;Nous sommes inquiets de la s\u00e9curit\u00e9. Les chaloupes sont vieilles. Vendredi dernier, les cours se sont arr\u00eat\u00e9s \u00e0 10h parce que les rotations n\u2019\u00e9tant plus r\u00e9guli\u00e8res, l\u2019administration a d\u00fb les lib\u00e9rer par groupes,<\/em>&nbsp;rapporte<em><\/em>Maguette Sy, pr\u00e9sident de l\u2019Association de parents d\u2019\u00e9l\u00e8ves, et p\u00e8re d\u2019une \u00e9l\u00e8ve en terminale<em>. Lors de la c\u00e9r\u00e9monie d\u2019excellence, la remise des prix, tous les parents sont rest\u00e9s coinc\u00e9s ici \u00e0 l\u2019embarcad\u00e8re fin novembre.&nbsp;<\/em>\u00bb<\/p>\n<!-- \/wp:paragraph -->\n\n<!-- wp:paragraph -->\n<p>Des pannes qui se r\u00e9p\u00e8tent comme mardi et jeudi dernier, mais aussi en avril. La crainte, c\u2019est celle d\u2019une catastrophe maritime alors que jusqu\u2019\u00e0 4&nbsp;500 personnes traversent chaque jour ce petit bout d\u2019oc\u00e9an. \u00ab<em>&nbsp;En tout cas, on tient \u00e0 alerter parce que nous ne voulons pas d\u2019une catastrophe maritime, parce que c\u2019est une travers\u00e9e pour une vingtaine de minutes quand m\u00eame. Nous avons peur pour nos filles<\/em>&nbsp;\u00bb<em>,&nbsp;<\/em>explique<em>&nbsp;<\/em>Mariame Fall Dicko, une autre parent d\u2019\u00e9l\u00e8ves du lyc\u00e9e Mariama Ba.<\/p>\n<!-- \/wp:paragraph -->\n\n<!-- wp:paragraph -->\n<p>Mise en circulation en 1999 pour l\u2019une et en 2013 pour l\u2019autre, les usagers se plaignent depuis plusieurs ann\u00e9es d\u00e9j\u00e0. Mais le directeur du port se veut rassurant. Les pannes caus\u00e9es par un filet de p\u00eache pris dans l\u2019h\u00e9lice sont r\u00e9par\u00e9es. \u00ab<em>&nbsp;La liaison a retrouv\u00e9 donc son r\u00e9gime normal. Les deux chaloupes de back up sont mises en position en cas de difficult\u00e9 et nos autorit\u00e9s maritimes certifient et donnent la garantie avant tout trajet&nbsp;<\/em>\u00bb, assure Mountaga Sy, directeur du port autonome de Dakar.<\/p>\n<!-- \/wp:paragraph -->\n\n<!-- wp:paragraph -->\n<p>Une nouvelle chaloupe de 450 places sera mise en circulation le 10 janvier, promet le directeur du port. Et pour rassurer les parents, le bateau de remplacement leur a \u00e9t\u00e9 montr\u00e9 lundi. Mais ce nouveau bateau \u00e9tait d\u00e9j\u00e0 annonc\u00e9 pour juillet, rappellent les parents qui disent attendre de le voir pour vraiment y croire.<\/p>\n<!-- \/wp:paragraph -->","_et_gb_content_width":"1080","_jetpack_newsletter_access":"","_jetpack_dont_email_post_to_subs":false,"_jetpack_newsletter_tier_id":0,"_jetpack_memberships_contains_paywalled_content":false,"_jetpack_memberships_contains_paid_content":false,"footnotes":""},"categories":[42],"tags":[],"class_list":["post-22152","post","type-post","status-publish","format-standard","hentry","category-economie"],"jetpack_featured_media_url":"","jetpack_sharing_enabled":true,"_links":{"self":[{"href":"https:\/\/rp221.com\/index.php?rest_route=\/wp\/v2\/posts\/22152","targetHints":{"allow":["GET"]}}],"collection":[{"href":"https:\/\/rp221.com\/index.php?rest_route=\/wp\/v2\/posts"}],"about":[{"href":"https:\/\/rp221.com\/index.php?rest_route=\/wp\/v2\/types\/post"}],"author":[{"embeddable":true,"href":"https:\/\/rp221.com\/index.php?rest_route=\/wp\/v2\/users\/1"}],"replies":[{"embeddable":true,"href":"https:\/\/rp221.com\/index.php?rest_route=%2Fwp%2Fv2%2Fcomments&post=22152"}],"version-history":[{"count":0,"href":"https:\/\/rp221.com\/index.php?rest_route=\/wp\/v2\/posts\/22152\/revisions"}],"wp:attachment":[{"href":"https:\/\/rp221.com\/index.php?rest_route=%2Fwp%2Fv2%2Fmedia&parent=22152"}],"wp:term":[{"taxonomy":"category","embeddable":true,"href":"https:\/\/rp221.com\/index.php?rest_route=%2Fwp%2Fv2%2Fcategories&post=22152"},{"taxonomy":"post_tag","embeddable":true,"href":"https:\/\/rp221.com\/index.php?rest_route=%2Fwp%2Fv2%2Ftags&post=22152"}],"curies":[{"name":"wp","href":"https:\/\/api.w.org\/{rel}","templated":true}]}}