{"id":21497,"date":"2023-12-01T08:13:21","date_gmt":"2023-12-01T08:13:21","guid":{"rendered":"https:\/\/rp221.com\/?p=21497"},"modified":"2023-12-01T08:13:24","modified_gmt":"2023-12-01T08:13:24","slug":"mali-ouverture-a-bamako-dune-reunion-des-mae-de-lalliance-des-etats-du-sahel","status":"publish","type":"post","link":"https:\/\/rp221.com\/?p=21497","title":{"rendered":"Mali : ouverture \u00e0 Bamako d&rsquo;une r\u00e9union des MAE de l&rsquo;Alliance des Etats du Sahel"},"content":{"rendered":"\n<p class=\"wp-block-paragraph\">BAMAKO, 30 novembre (Xinhua) -- Une r\u00e9union des ministres des Affaires \u00e9trang\u00e8res de l'Alliance des Etats du Sahel (AES), constitu\u00e9e du Burkina Faso, du Mali et du Niger, s'est ouverte jeudi dans la capitale malienne Bamako.<\/p>\n\n\n\n<p class=\"wp-block-paragraph\">D'une dur\u00e9e de deux jours, cette rencontre minist\u00e9rielle doit aboutir, entre autres, \u00e0 l'adoption de projets de textes additionnels pour compl\u00e9ter l'architecture juridique de l'AES et du relev\u00e9 des conclusions qui va d\u00e9gager les orientations politico-diplomatiques claires pour \"une op\u00e9rationnalisation diligente, efficace et coh\u00e9rente de l'alliance\", selon une source officielle.<\/p>\n\n\n\n<p class=\"wp-block-paragraph\">A l'ouverture des travaux, les ministres des Affaires \u00e9trang\u00e8res du Mali, Abdoulaye Diop, du Burkina Faso, Olivia Rouamba et du Niger, Bakary Yaou Sangar\u00e9, ont salu\u00e9 le \"leadership visionnaire\" de leurs chefs d'Etat consistant \u00e0 \"prendre en main la destin\u00e9e commune des trois pays \u00e0 travers la courageuse et historique d\u00e9cision de mettre en place cette nouvelle dynamique de coop\u00e9ration strat\u00e9gique bas\u00e9e sur les principes de souverainet\u00e9, d'int\u00e9gration et de solidarit\u00e9 agissante\" que demeure l'AES.<\/p>\n\n\n\n<p class=\"wp-block-paragraph\">\"Ce nouvel instrument de coop\u00e9ration\" au service de la d\u00e9fense collective, de la diplomatie efficace et du d\u00e9veloppement int\u00e9gr\u00e9 sera d\u00e9sormais \"un cadre partenarial strat\u00e9gique, fraternel et solidaire\" qui exclut \"toute interf\u00e9rence et diktat \u00e9trangers\", ont-ils soulign\u00e9.<\/p>\n\n\n\n<p class=\"wp-block-paragraph\">Ainsi, les ministres des Affaires \u00e9trang\u00e8res se sont dits convaincus que la d\u00e9termination de leurs dirigeants, \"combin\u00e9e \u00e0 la grande r\u00e9silience des populations\", va permettre de \"se frayer le chemin pour l'\u00e9mancipation totale, la souverainet\u00e9 pleine et enti\u00e8re des trois Etats ainsi que l'\u00e9mergence socio\u00e9conomique dans l'espace du Sahel\". Fin<\/p>\n","protected":false},"excerpt":{"rendered":"<p>BAMAKO, 30 novembre (Xinhua) &#8212; Une r\u00e9union des ministres des Affaires \u00e9trang\u00e8res de l&rsquo;Alliance des Etats du Sahel (AES), constitu\u00e9e du Burkina Faso, du Mali et du Niger, s&rsquo;est ouverte jeudi dans la capitale malienne Bamako. D&rsquo;une dur\u00e9e de deux jours, cette rencontre minist\u00e9rielle doit aboutir, entre autres, \u00e0 l&rsquo;adoption de projets de textes additionnels [&hellip;]<\/p>\n","protected":false},"author":1,"featured_media":0,"comment_status":"open","ping_status":"open","sticky":false,"template":"","format":"standard","meta":{"_jetpack_newsletter_access":"","_jetpack_dont_email_post_to_subs":false,"_jetpack_newsletter_tier_id":0,"_jetpack_memberships_contains_paywalled_content":false,"_jetpack_memberships_contains_paid_content":false,"footnotes":""},"categories":[42],"tags":[],"class_list":["post-21497","post","type-post","status-publish","format-standard","hentry","category-economie"],"jetpack_featured_media_url":"","jetpack_sharing_enabled":true,"_links":{"self":[{"href":"https:\/\/rp221.com\/index.php?rest_route=\/wp\/v2\/posts\/21497","targetHints":{"allow":["GET"]}}],"collection":[{"href":"https:\/\/rp221.com\/index.php?rest_route=\/wp\/v2\/posts"}],"about":[{"href":"https:\/\/rp221.com\/index.php?rest_route=\/wp\/v2\/types\/post"}],"author":[{"embeddable":true,"href":"https:\/\/rp221.com\/index.php?rest_route=\/wp\/v2\/users\/1"}],"replies":[{"embeddable":true,"href":"https:\/\/rp221.com\/index.php?rest_route=%2Fwp%2Fv2%2Fcomments&post=21497"}],"version-history":[{"count":0,"href":"https:\/\/rp221.com\/index.php?rest_route=\/wp\/v2\/posts\/21497\/revisions"}],"wp:attachment":[{"href":"https:\/\/rp221.com\/index.php?rest_route=%2Fwp%2Fv2%2Fmedia&parent=21497"}],"wp:term":[{"taxonomy":"category","embeddable":true,"href":"https:\/\/rp221.com\/index.php?rest_route=%2Fwp%2Fv2%2Fcategories&post=21497"},{"taxonomy":"post_tag","embeddable":true,"href":"https:\/\/rp221.com\/index.php?rest_route=%2Fwp%2Fv2%2Ftags&post=21497"}],"curies":[{"name":"wp","href":"https:\/\/api.w.org\/{rel}","templated":true}]}}