{"id":21494,"date":"2023-12-01T08:09:57","date_gmt":"2023-12-01T08:09:57","guid":{"rendered":"https:\/\/rp221.com\/?p=21494"},"modified":"2023-12-01T08:09:59","modified_gmt":"2023-12-01T08:09:59","slug":"reunion-a-bamako-pour-faire-de-lalliance-des-etats-du-sahel-une-coalition-politique-et-diplomatique","status":"publish","type":"post","link":"https:\/\/rp221.com\/?p=21494","title":{"rendered":"R\u00e9union \u00e0 Bamako pour faire de l&rsquo;alliance des \u00c9tats du Sahel une coalition politique et diplomatique"},"content":{"rendered":"\n<p class=\"wp-block-paragraph\">Les ministres des Affaires \u00e9trang\u00e8res de l'alliance des \u00c9tats du Sahel (AES) sont \u00e0 Bamako pour \u00ab\u00a0l'op\u00e9rationnalisation\u00a0\u00bb de la coalition cr\u00e9\u00e9e le 16 septembre 2023 par le Mali, le Niger et le Burkina, les trois pays sah\u00e9liens dont les autorit\u00e9s actuelles sont issues de coup d'\u00c9tat militaires. La ministre burkinab\u00e8 Olivia Ragnaghn\u00e8wend\u00e9 Rouamba, son homologue nig\u00e9rien Bakary Yaou Sangar\u00e9 et leur h\u00f4te malien Abdoulaye Diop sont r\u00e9unis ce jeudi 30 novembre pour donner \u00e0 cette alliance une dimension politique et diplomatique.<\/p>\n\n\n\n<p class=\"wp-block-paragraph\">Initialement, l'AES est un pacte de d\u00e9fense : le&nbsp;<strong><a href=\"https:\/\/www.rfi.fr\/fr\/tag\/mali\/\">Mali<\/a><\/strong>, le&nbsp;<strong><a href=\"https:\/\/www.rfi.fr\/fr\/tag\/niger\/\">Niger<\/a>&nbsp;<\/strong>et le&nbsp;<strong><a href=\"https:\/\/www.rfi.fr\/fr\/tag\/burkina-faso\/\">Burkina Faso<\/a><\/strong>&nbsp;avaient d\u00e9cid\u00e9 de mutualiser leurs moyens militaires pour combattre les groupes rebelles ou jihadistes comme cela a pu \u00eatre constat\u00e9 r\u00e9cemment au Mali, \u00e0 petite \u00e9chelle pour le moment. Mais les trois pays veulent aller plus loin et fonder une v\u00e9ritable union \u00e9conomique et politique.<\/p>\n\n\n\n<p class=\"wp-block-paragraph\">Sur le plan \u00e9conomique, les trois pays ont annonc\u00e9 le weekend dernier leur intention de renforcer leurs \u00e9changes, de mener ensemble des projets \u00e9nerg\u00e9tiques et industriels, de cr\u00e9er une banque d'investissement et m\u00eame une compagnie a\u00e9rienne communes. Aucune \u00e9ch\u00e9ance n'a \u00e9t\u00e9 fix\u00e9e pour ces projets ambitieux.<\/p>\n","protected":false},"excerpt":{"rendered":"<p>Les ministres des Affaires \u00e9trang\u00e8res de l&rsquo;alliance des \u00c9tats du Sahel (AES) sont \u00e0 Bamako pour \u00ab\u00a0l&rsquo;op\u00e9rationnalisation\u00a0\u00bb de la coalition cr\u00e9\u00e9e le 16 septembre 2023 par le Mali, le Niger et le Burkina, les trois pays sah\u00e9liens dont les autorit\u00e9s actuelles sont issues de coup d&rsquo;\u00c9tat militaires. La ministre burkinab\u00e8 Olivia Ragnaghn\u00e8wend\u00e9 Rouamba, son homologue [&hellip;]<\/p>\n","protected":false},"author":1,"featured_media":0,"comment_status":"open","ping_status":"open","sticky":false,"template":"","format":"standard","meta":{"_jetpack_newsletter_access":"","_jetpack_dont_email_post_to_subs":false,"_jetpack_newsletter_tier_id":0,"_jetpack_memberships_contains_paywalled_content":false,"_jetpack_memberships_contains_paid_content":false,"footnotes":""},"categories":[42],"tags":[],"class_list":["post-21494","post","type-post","status-publish","format-standard","hentry","category-economie"],"jetpack_featured_media_url":"","jetpack_sharing_enabled":true,"_links":{"self":[{"href":"https:\/\/rp221.com\/index.php?rest_route=\/wp\/v2\/posts\/21494","targetHints":{"allow":["GET"]}}],"collection":[{"href":"https:\/\/rp221.com\/index.php?rest_route=\/wp\/v2\/posts"}],"about":[{"href":"https:\/\/rp221.com\/index.php?rest_route=\/wp\/v2\/types\/post"}],"author":[{"embeddable":true,"href":"https:\/\/rp221.com\/index.php?rest_route=\/wp\/v2\/users\/1"}],"replies":[{"embeddable":true,"href":"https:\/\/rp221.com\/index.php?rest_route=%2Fwp%2Fv2%2Fcomments&post=21494"}],"version-history":[{"count":0,"href":"https:\/\/rp221.com\/index.php?rest_route=\/wp\/v2\/posts\/21494\/revisions"}],"wp:attachment":[{"href":"https:\/\/rp221.com\/index.php?rest_route=%2Fwp%2Fv2%2Fmedia&parent=21494"}],"wp:term":[{"taxonomy":"category","embeddable":true,"href":"https:\/\/rp221.com\/index.php?rest_route=%2Fwp%2Fv2%2Fcategories&post=21494"},{"taxonomy":"post_tag","embeddable":true,"href":"https:\/\/rp221.com\/index.php?rest_route=%2Fwp%2Fv2%2Ftags&post=21494"}],"curies":[{"name":"wp","href":"https:\/\/api.w.org\/{rel}","templated":true}]}}