{"id":21205,"date":"2023-11-24T11:41:05","date_gmt":"2023-11-24T11:41:05","guid":{"rendered":"https:\/\/rp221.com\/?p=21205"},"modified":"2023-11-24T11:41:08","modified_gmt":"2023-11-24T11:41:08","slug":"le-burkina-faso-lance-la-construction-de-sa-premiere-raffinerie-dor","status":"publish","type":"post","link":"https:\/\/rp221.com\/?p=21205","title":{"rendered":"Le Burkina Faso lance la construction de sa premi\u00e8re raffinerie d\u2019or"},"content":{"rendered":"\n<p class=\"wp-block-paragraph\">L\u2019usine devrait avoir une capacit\u00e9 de production annuelle de 150\u00a0tonnes d\u2019or pur \u00e0 99,99\u00a0%, soit environ 400\u00a0kg par jour. Sa mise en service est pr\u00e9vue dans onze mois.<\/p>\n\n\n\n<p class=\"wp-block-paragraph\">Vous pouvez partager un article en cliquant sur les ic\u00f4nes de partage en haut \u00e0 droite de celui-ci.<br>La reproduction totale ou partielle d\u2019un article, sans l\u2019autorisation \u00e9crite et pr\u00e9alable du <a href=\"https:\/\/www.lemonde.fr\">Monde<\/a>, est strictement interdite.<br>Pour plus d\u2019informations, consultez nos <a href=\"https:\/\/moncompte.lemonde.fr\/cgv\">conditions g\u00e9n\u00e9rales de vente<\/a>.<br>Pour toute demande d\u2019autorisation, contactez <a href=\"mailto:syndication@lemonde.fr\">syndication@lemonde.fr<\/a>.<br>En tant qu\u2019abonn\u00e9, vous pouvez offrir jusqu\u2019\u00e0 cinq articles par mois \u00e0 l\u2019un de vos proches gr\u00e2ce \u00e0 la fonctionnalit\u00e9 \u00ab Offrir un article \u00bb.<\/p>\n\n\n\n<figure class=\"wp-block-embed\"><div class=\"wp-block-embed__wrapper\">\nhttps:\/\/www.lemonde.fr\/afrique\/article\/2023\/11\/23\/le-burkina-faso-lancement-la-construction-de-sa-premiere-raffinerie-d-or_6201923_3212.html\n<\/div><\/figure>\n\n\n\n<p class=\"wp-block-paragraph\">Les autorit\u00e9s de transition issues d\u2019un coup d\u2019Etat au <a href=\"https:\/\/www.lemonde.fr\/burkina-faso\/\">Burkina Faso<\/a> ont lanc\u00e9 jeudi 23&nbsp;novembre \u00e0 Ouagadougou la construction d\u2019une premi\u00e8re raffinerie d\u2019or, principale ressource min\u00e9rale du pays, dont la mise en service est pr\u00e9vue dans onze mois, a constat\u00e9 un journaliste de l\u2019AFP.<\/p>\n\n\n\n<p class=\"wp-block-paragraph\"><em>\u00ab&nbsp;Il n\u2019est plus question pour nous d\u2019amener notre or \u00e0 l\u2019ext\u00e9rieur pour le raffiner. Nous le raffinerons sur place, nous savons quelle est la teneur r\u00e9elle de l\u2019or brut qui sort. \u00c7a, c\u2019est tr\u00e8s important&nbsp;\u00bb<\/em>, a d\u00e9clar\u00e9 le pr\u00e9sident de transition et capitaine Ibrahim Traor\u00e9, au cours d\u2019une c\u00e9r\u00e9monie de lancement de la construction de la raffinerie dans la capitale burkinab\u00e9e. <em>\u00ab&nbsp;Depuis un certain temps, l\u2019or est devenu le premier produit d\u2019exportation&nbsp;<\/em>[du pays].<em>&nbsp;Mais nous n\u2019avons pas de contr\u00f4le sur l\u2019or <\/em>(\u2026).<em> Aujourd\u2019hui, nous avons d\u00e9cid\u00e9 de mettre toute une cha\u00eene en place&nbsp;\u00bb, <\/em>a-t-il ajout\u00e9.<\/p>\n\n\n\n<p class=\"wp-block-paragraph\"><\/p>\n\n\n\n<p class=\"wp-block-paragraph\">La raffinerie aura une capacit\u00e9 de production annuelle de 150&nbsp;tonnes d\u2019or pur \u00e0 99,99&nbsp;%, soit environ 400&nbsp;kg par jour, selon Isma\u00ebl Sibi, PDG de Marena Gold, soci\u00e9t\u00e9 cog\u00e9rante de la raffinerie. Les premiers lingots d\u2019or, d\u2019une teneur de 22&nbsp;carats, sortiront de cette raffinerie dans onze mois, a-t-il indiqu\u00e9. En outre, cette raffinerie permettra la cr\u00e9ation de 100&nbsp;emplois directs et 5&nbsp;000&nbsp;emplois indirects, a poursuivi M.&nbsp;Sibi.<\/p>\n\n\n\n<h2 class=\"wp-block-heading\">Une production aurif\u00e8re en recul<\/h2>\n\n\n\n<p class=\"wp-block-paragraph\">Au Burkina Faso, la production aurif\u00e8re a recul\u00e9 de 13,7&nbsp;% en&nbsp;2022 par rapport \u00e0 2021, passant de 66,8 \u00e0 57,6&nbsp;tonnes. Selon les donn\u00e9es de l\u2019Initiative pour la transparence dans les industries mini\u00e8res extractives (ITIE), le secteur minier contribuait pour 14,3&nbsp;% aux recettes de l\u2019Etat burkinab\u00e9. Par ailleurs, <em>\u00ab&nbsp;beaucoup d\u2019or sort du Burkina de fa\u00e7on frauduleuse et cela contribue d\u2019ailleurs \u00e0 alimenter le terrorisme&nbsp;\u00bb<\/em>, a affirm\u00e9 M.&nbsp;Traor\u00e9.<\/p>\n\n\n\n<p class=\"wp-block-paragraph\"><\/p>\n\n\n\n<p class=\"wp-block-paragraph\">Depuis 2015, le Burkina Faso est pris dans une spirale de violences perp\u00e9tr\u00e9es par des groupes djihadistes affili\u00e9s \u00e0 l\u2019Etat islamique et \u00e0 Al-Qaida qui frappaient d\u00e9j\u00e0 le Mali et le Niger voisins. Elles ont \u00e0 ce jour fait plus de 17&nbsp;000&nbsp;morts civils et militaires depuis huit ans, dont plus de 6&nbsp;000 depuis le d\u00e9but de l\u2019ann\u00e9e 2023, selon l\u2019ONG Acled qui r\u00e9pertorie les victimes des conflits dans le monde.<\/p>\n\n\n\n<p class=\"wp-block-paragraph\">Ces violences ont entra\u00een\u00e9 en&nbsp;2022 la fermeture de quatre mines industrielles et l\u2019abandon de pr\u00e8s de 700&nbsp;sites d\u2019orpaillage, selon des chiffres officiels. En f\u00e9vrier, les autorit\u00e9s burkinab\u00e9es ont r\u00e9quisitionn\u00e9 200&nbsp;kg d\u2019or produits par une filiale du groupe canadien Endeavour Mining pour <em>\u00ab&nbsp;n\u00e9cessit\u00e9 publique&nbsp;\u00bb<\/em>, une d\u00e9cision <em>\u00ab&nbsp;dict\u00e9e par un contexte exceptionnel&nbsp;\u00bb<\/em>, selon le gouvernement.<\/p>\n\n\n\n<p class=\"wp-block-paragraph\">Le Monde avec AFP<\/p>\n","protected":false},"excerpt":{"rendered":"<p>L\u2019usine devrait avoir une capacit\u00e9 de production annuelle de 150\u00a0tonnes d\u2019or pur \u00e0 99,99\u00a0%, soit environ 400\u00a0kg par jour. Sa mise en service est pr\u00e9vue dans onze mois. Vous pouvez partager un article en cliquant sur les ic\u00f4nes de partage en haut \u00e0 droite de celui-ci.La reproduction totale ou partielle d\u2019un article, sans l\u2019autorisation \u00e9crite [&hellip;]<\/p>\n","protected":false},"author":1,"featured_media":0,"comment_status":"open","ping_status":"open","sticky":false,"template":"","format":"standard","meta":{"_jetpack_newsletter_access":"","_jetpack_dont_email_post_to_subs":false,"_jetpack_newsletter_tier_id":0,"_jetpack_memberships_contains_paywalled_content":false,"_jetpack_memberships_contains_paid_content":false,"footnotes":""},"categories":[42],"tags":[],"class_list":["post-21205","post","type-post","status-publish","format-standard","hentry","category-economie"],"jetpack_featured_media_url":"","jetpack_sharing_enabled":true,"_links":{"self":[{"href":"https:\/\/rp221.com\/index.php?rest_route=\/wp\/v2\/posts\/21205","targetHints":{"allow":["GET"]}}],"collection":[{"href":"https:\/\/rp221.com\/index.php?rest_route=\/wp\/v2\/posts"}],"about":[{"href":"https:\/\/rp221.com\/index.php?rest_route=\/wp\/v2\/types\/post"}],"author":[{"embeddable":true,"href":"https:\/\/rp221.com\/index.php?rest_route=\/wp\/v2\/users\/1"}],"replies":[{"embeddable":true,"href":"https:\/\/rp221.com\/index.php?rest_route=%2Fwp%2Fv2%2Fcomments&post=21205"}],"version-history":[{"count":0,"href":"https:\/\/rp221.com\/index.php?rest_route=\/wp\/v2\/posts\/21205\/revisions"}],"wp:attachment":[{"href":"https:\/\/rp221.com\/index.php?rest_route=%2Fwp%2Fv2%2Fmedia&parent=21205"}],"wp:term":[{"taxonomy":"category","embeddable":true,"href":"https:\/\/rp221.com\/index.php?rest_route=%2Fwp%2Fv2%2Fcategories&post=21205"},{"taxonomy":"post_tag","embeddable":true,"href":"https:\/\/rp221.com\/index.php?rest_route=%2Fwp%2Fv2%2Ftags&post=21205"}],"curies":[{"name":"wp","href":"https:\/\/api.w.org\/{rel}","templated":true}]}}