{"id":20470,"date":"2023-10-28T02:05:11","date_gmt":"2023-10-28T02:05:11","guid":{"rendered":"https:\/\/rp221.com\/?p=20470"},"modified":"2023-10-28T02:05:12","modified_gmt":"2023-10-28T02:05:12","slug":"forum-economique-senegal-gambie-une-communaute-qui-offre-dinnombrables-opportunites-dinvestissement","status":"publish","type":"post","link":"https:\/\/rp221.com\/?p=20470","title":{"rendered":"Forum \u00e9conomique S\u00e9n\u00e9gal-Gambie: Une communaut\u00e9 qui offre d\u2019innombrables opportunit\u00e9s d\u2019investissement"},"content":{"rendered":"\n<p class=\"wp-block-paragraph\"><strong>Dakar a abrit\u00e9 un forum \u00e9conomique, commercial et d\u2019investissement qui s\u2019est ouvert ce&nbsp; jeudi 26 octobre. Le Premier Ministre et le Vice-pr\u00e9sident de la Gambie ont co-pr\u00e9sid\u00e9 la c\u00e9r\u00e9monie d\u2019ouverture en pr\u00e9sence d\u2019hommes d\u2019affaires de la Gambie et du S\u00e9n\u00e9gal. L\u2019objectif du forum est de renforcer les \u00e9changes entre les deux pays.<\/strong><\/p>\n\n\n\n<p class=\"wp-block-paragraph\">\u00ab&nbsp;Cette c\u00e9r\u00e9monie qui nous r\u00e9unit ce matin, pose un jalon dans notre qu\u00eate de renforcer les relations entre nos deux nations et de promouvoir la coop\u00e9ration \u00e9conomique et le d\u00e9veloppement r\u00e9gional&nbsp;\u00bb, d\u00e9clare Amadou Ba, Premier Ministre. Selon lui, ce forum repr\u00e9sente une plateforme pr\u00e9cieuse pour discuter de ces enjeux et travailler ensemble \u00e0 trouver des solutions. Il mise sur l\u2019investissement du secteur comme moteur de la croissance \u00e9conomique, de la cr\u00e9ation d\u2019emplois et du d\u00e9veloppement durable pour les deux \u00c9tats. \u00ab&nbsp;J\u2019encourage vivement les entrepreneurs et les investisseurs des deux pays \u00e0 explorer des partenariats et des opportunit\u00e9s d\u2019investissement de part et d\u2019autre&nbsp;\u00bb, dit-il. A en croire au PM la communaut\u00e9 S\u00e9n\u00e9galo-Gambienne \u00ab&nbsp;offre d\u2019innombrables opportunit\u00e9s d\u2019investissement dans des secteurs vari\u00e9s tels que l\u2019agriculture, le tourisme, l\u2019industrie, l\u2019\u00e9nergie, les infrastructures, et bien d\u2019autres&nbsp;\u00bb. Il par ailleurs de mettre en place des cadres r\u00e9glementaires transparents et pr\u00e9visibles, \u00e0 garantir la s\u00e9curit\u00e9 juridique et \u00e0 promouvoir des politiques fiscales \u00e9quitables pour attirer les investisseurs.<\/p>\n\n\n\n<p class=\"wp-block-paragraph\"><strong>Lansana Diandy<\/strong><\/p>\n","protected":false},"excerpt":{"rendered":"<p>Dakar a abrit\u00e9 un forum \u00e9conomique, commercial et d\u2019investissement qui s\u2019est ouvert ce&nbsp; jeudi 26 octobre. Le Premier Ministre et le Vice-pr\u00e9sident de la Gambie ont co-pr\u00e9sid\u00e9 la c\u00e9r\u00e9monie d\u2019ouverture en pr\u00e9sence d\u2019hommes d\u2019affaires de la Gambie et du S\u00e9n\u00e9gal. L\u2019objectif du forum est de renforcer les \u00e9changes entre les deux pays. \u00ab&nbsp;Cette c\u00e9r\u00e9monie qui [&hellip;]<\/p>\n","protected":false},"author":1,"featured_media":0,"comment_status":"open","ping_status":"open","sticky":false,"template":"","format":"standard","meta":{"_jetpack_newsletter_access":"","_jetpack_dont_email_post_to_subs":false,"_jetpack_newsletter_tier_id":0,"_jetpack_memberships_contains_paywalled_content":false,"_jetpack_memberships_contains_paid_content":false,"footnotes":""},"categories":[42],"tags":[],"class_list":["post-20470","post","type-post","status-publish","format-standard","hentry","category-economie"],"jetpack_featured_media_url":"","jetpack_sharing_enabled":true,"_links":{"self":[{"href":"https:\/\/rp221.com\/index.php?rest_route=\/wp\/v2\/posts\/20470","targetHints":{"allow":["GET"]}}],"collection":[{"href":"https:\/\/rp221.com\/index.php?rest_route=\/wp\/v2\/posts"}],"about":[{"href":"https:\/\/rp221.com\/index.php?rest_route=\/wp\/v2\/types\/post"}],"author":[{"embeddable":true,"href":"https:\/\/rp221.com\/index.php?rest_route=\/wp\/v2\/users\/1"}],"replies":[{"embeddable":true,"href":"https:\/\/rp221.com\/index.php?rest_route=%2Fwp%2Fv2%2Fcomments&post=20470"}],"version-history":[{"count":0,"href":"https:\/\/rp221.com\/index.php?rest_route=\/wp\/v2\/posts\/20470\/revisions"}],"wp:attachment":[{"href":"https:\/\/rp221.com\/index.php?rest_route=%2Fwp%2Fv2%2Fmedia&parent=20470"}],"wp:term":[{"taxonomy":"category","embeddable":true,"href":"https:\/\/rp221.com\/index.php?rest_route=%2Fwp%2Fv2%2Fcategories&post=20470"},{"taxonomy":"post_tag","embeddable":true,"href":"https:\/\/rp221.com\/index.php?rest_route=%2Fwp%2Fv2%2Ftags&post=20470"}],"curies":[{"name":"wp","href":"https:\/\/api.w.org\/{rel}","templated":true}]}}