{"id":20016,"date":"2023-09-28T11:54:48","date_gmt":"2023-09-28T11:54:48","guid":{"rendered":"https:\/\/rp221.com\/?p=20016"},"modified":"2023-09-28T11:57:06","modified_gmt":"2023-09-28T11:57:06","slug":"la-crise-au-sahel-est-loccasion-pour-la-france-de-se-poser-une-question-fondamentale-quels-sont-ses-interets-en-afrique","status":"publish","type":"post","link":"https:\/\/rp221.com\/?p=20016","title":{"rendered":"\u00ab\u00a0La crise au Sahel est l\u2019occasion pour la France de se poser une question fondamentale\u00a0: quels sont ses int\u00e9r\u00eats en Afrique\u00a0?\u00a0\u00bb"},"content":{"rendered":"\n<p class=\"wp-block-paragraph\">Directeur r\u00e9gional Afrique de l\u2019Est \u00e0 l\u2019Institut d\u2019\u00e9tude de s\u00e9curit\u00e9, Paul-Simon Handy analyse les causes du revers fran\u00e7ais au Niger et plus largement au Sahel.<\/p>\n\n\n\n<p class=\"wp-block-paragraph\">Vous pouvez partager un article en cliquant sur les ic\u00f4nes de partage en haut \u00e0 droite de celui-ci.&nbsp;<br>La reproduction totale ou partielle d\u2019un article, sans l\u2019autorisation \u00e9crite et pr\u00e9alable du&nbsp;<a href=\"https:\/\/www.lemonde.fr\/\">Monde<\/a>, est strictement interdite.&nbsp;<br>Pour plus d\u2019informations, consultez nos&nbsp;<a href=\"https:\/\/moncompte.lemonde.fr\/cgv\">conditions g\u00e9n\u00e9rales de vente<\/a>.&nbsp;<br>Pour toute demande d\u2019autorisation, contactez&nbsp;<a href=\"mailto:syndication@lemonde.fr\">syndication@lemonde.fr<\/a>.&nbsp;<br>En tant qu\u2019abonn\u00e9, vous pouvez offrir jusqu\u2019\u00e0 cinq articles par mois \u00e0 l\u2019un de vos proches gr\u00e2ce \u00e0 la fonctionnalit\u00e9 \u00ab Offrir un article \u00bb.&nbsp;<\/p>\n\n\n\n<figure class=\"wp-block-embed\"><div class=\"wp-block-embed__wrapper\">\nhttps:\/\/www.lemonde.fr\/afrique\/article\/2023\/09\/27\/la-crise-au-sahel-est-l-occasion-pour-la-france-de-se-poser-une-question-fondamentale-quels-sont-ses-interets-en-afrique_6191286_3212.html\n<\/div><\/figure>\n\n\n\n<p class=\"wp-block-paragraph\">Deux mois apr\u00e8s le coup d\u2019Etat au Niger qui a conduit au renversement du pr\u00e9sident \u00e9lu Mohamed Bazoum, la France a annonc\u00e9, dimanche 24&nbsp;septembre, qu\u2019elle retirerait, d\u2019ici \u00e0 la fin de l\u2019ann\u00e9e, ses troupes positionn\u00e9es dans le pays.<\/p>\n\n\n\n<p class=\"wp-block-paragraph\">Une d\u00e9cision qui met fin au bras de fer engag\u00e9 avec les militaires au pouvoir \u00e0 Niamey, mais qui&nbsp;<em>\u00ab&nbsp;r\u00e9v\u00e8le les contradictions de la politique africaine de la France&nbsp;\u00bb<\/em>, selon Paul-Simon Handy, directeur r\u00e9gional Afrique de l\u2019Est de l\u2019Institut d\u2019\u00e9tude de s\u00e9curit\u00e9 (ISS) qui analyse les raisons du revers fran\u00e7ais.<\/p>\n\n\n\n<h3 class=\"wp-block-heading\" id=\"apres-le-retrait-du-mali-et-du-burkina-le-depart-annonce-des-soldats-francais-du-niger-est-il-un-echec-politique-pour-paris\">Apr\u00e8s le retrait du Mali et du Burkina, le d\u00e9part annonc\u00e9 des soldats fran\u00e7ais du Niger est-il un \u00e9chec politique pour Paris&nbsp;?<\/h3>\n\n\n\n<p class=\"wp-block-paragraph\"><strong>Paul-Simon Handy<\/strong>&nbsp;C\u2019est en tout cas un retrait humiliant. La posture intransigeante d\u2019Emmanuel Macron, partisan d\u2019une ligne dure contre les putschistes depuis le d\u00e9but de la crise, n\u2019augurait que deux issues&nbsp;: le clash avec les militaires nig\u00e9riens ou un d\u00e9part forc\u00e9. Le soutien au pr\u00e9sident Bazoum \u00e9tait l\u00e9gitime, d\u2019ailleurs l\u2019Union africaine (UA) et la Communaut\u00e9 \u00e9conomique des Etats d\u2019Afrique de l\u2019Ouest (Cedeao) sont sur cette ligne. Mais quand il y a un changement de r\u00e9gime, f\u00fbt-il ill\u00e9gal, il faut faire preuve de r\u00e9alisme, au-del\u00e0 de la r\u00e9probation. Bien que louable, la posture fran\u00e7aise a p\u00e9ch\u00e9 par une absence de pragmatisme politique et diplomatique.<\/p>\n","protected":false},"excerpt":{"rendered":"<p>Directeur r\u00e9gional Afrique de l\u2019Est \u00e0 l\u2019Institut d\u2019\u00e9tude de s\u00e9curit\u00e9, Paul-Simon Handy analyse les causes du revers fran\u00e7ais au Niger et plus largement au Sahel. Vous pouvez partager un article en cliquant sur les ic\u00f4nes de partage en haut \u00e0 droite de celui-ci.&nbsp;La reproduction totale ou partielle d\u2019un article, sans l\u2019autorisation \u00e9crite et pr\u00e9alable du&nbsp;Monde, [&hellip;]<\/p>\n","protected":false},"author":1,"featured_media":0,"comment_status":"open","ping_status":"open","sticky":false,"template":"","format":"standard","meta":{"_jetpack_newsletter_access":"","_jetpack_dont_email_post_to_subs":false,"_jetpack_newsletter_tier_id":0,"_jetpack_memberships_contains_paywalled_content":false,"_jetpack_memberships_contains_paid_content":false,"footnotes":""},"categories":[42],"tags":[],"class_list":["post-20016","post","type-post","status-publish","format-standard","hentry","category-economie"],"jetpack_featured_media_url":"","jetpack_sharing_enabled":true,"_links":{"self":[{"href":"https:\/\/rp221.com\/index.php?rest_route=\/wp\/v2\/posts\/20016","targetHints":{"allow":["GET"]}}],"collection":[{"href":"https:\/\/rp221.com\/index.php?rest_route=\/wp\/v2\/posts"}],"about":[{"href":"https:\/\/rp221.com\/index.php?rest_route=\/wp\/v2\/types\/post"}],"author":[{"embeddable":true,"href":"https:\/\/rp221.com\/index.php?rest_route=\/wp\/v2\/users\/1"}],"replies":[{"embeddable":true,"href":"https:\/\/rp221.com\/index.php?rest_route=%2Fwp%2Fv2%2Fcomments&post=20016"}],"version-history":[{"count":0,"href":"https:\/\/rp221.com\/index.php?rest_route=\/wp\/v2\/posts\/20016\/revisions"}],"wp:attachment":[{"href":"https:\/\/rp221.com\/index.php?rest_route=%2Fwp%2Fv2%2Fmedia&parent=20016"}],"wp:term":[{"taxonomy":"category","embeddable":true,"href":"https:\/\/rp221.com\/index.php?rest_route=%2Fwp%2Fv2%2Fcategories&post=20016"},{"taxonomy":"post_tag","embeddable":true,"href":"https:\/\/rp221.com\/index.php?rest_route=%2Fwp%2Fv2%2Ftags&post=20016"}],"curies":[{"name":"wp","href":"https:\/\/api.w.org\/{rel}","templated":true}]}}