{"id":18989,"date":"2023-08-19T11:32:21","date_gmt":"2023-08-19T11:32:21","guid":{"rendered":"https:\/\/rp221.com\/?p=18989"},"modified":"2023-08-19T11:36:39","modified_gmt":"2023-08-19T11:36:39","slug":"niger-la-cedeao-prete-a-intervenir-ultime-mission-diplomatique-ce-samedi-la-sante-de-bazoum-inquiete","status":"publish","type":"post","link":"https:\/\/rp221.com\/?p=18989","title":{"rendered":"Niger\u00a0: la Cedeao pr\u00eate \u00e0 intervenir, ultime mission diplomatique ce samedi, la sant\u00e9 de Bazoum inqui\u00e8te"},"content":{"rendered":"\n<p class=\"wp-block-paragraph\">La force de la Cedeao s\u2019est dite vendredi \u00abpr\u00eate \u00e0 intervenir\u00bb au Niger et le jour de cette intervention arm\u00e9e a \u00e9t\u00e9 fix\u00e9, mais une \u00abpossible\u00bb mission diplomatique pourrait se rendre samedi \u00e0 Niamey<\/p>\n\n\n\n<p class=\"wp-block-paragraph\">\u00abNous sommes pr\u00eats \u00e0 intervenir d\u00e8s que l\u2019ordre sera donn\u00e9. Le jour de l\u2019intervention a aussi \u00e9t\u00e9 fix\u00e9\u00bb, a d\u00e9clar\u00e9 le commissaire aux affaires politiques, \u00e0 la paix et \u00e0 la s\u00e9curit\u00e9 de l\u2019organisation r\u00e9gionale, Abdel-Fatau Musah. Il s\u2019exprimait \u00e0 l\u2019issue d\u2019une r\u00e9union des chefs d\u2019\u00e9tat-major des arm\u00e9es ouest-africaines r\u00e9unis depuis jeudi \u00e0 Accra, plus de trois semaines apr\u00e8s le coup d\u2019Etat qui a renvers\u00e9 le 26 juillet au Niger le pr\u00e9sident Mohamed Bazoum.<\/p>\n","protected":false},"excerpt":{"rendered":"<p>La force de la Cedeao s\u2019est dite vendredi \u00abpr\u00eate \u00e0 intervenir\u00bb au Niger et le jour de cette intervention arm\u00e9e a \u00e9t\u00e9 fix\u00e9, mais une \u00abpossible\u00bb mission diplomatique pourrait se rendre samedi \u00e0 Niamey \u00abNous sommes pr\u00eats \u00e0 intervenir d\u00e8s que l\u2019ordre sera donn\u00e9. Le jour de l\u2019intervention a aussi \u00e9t\u00e9 fix\u00e9\u00bb, a d\u00e9clar\u00e9 le [&hellip;]<\/p>\n","protected":false},"author":1,"featured_media":0,"comment_status":"open","ping_status":"open","sticky":false,"template":"","format":"standard","meta":{"_jetpack_newsletter_access":"","_jetpack_dont_email_post_to_subs":false,"_jetpack_newsletter_tier_id":0,"_jetpack_memberships_contains_paywalled_content":false,"_jetpack_memberships_contains_paid_content":false,"footnotes":""},"categories":[42,44],"tags":[],"class_list":["post-18989","post","type-post","status-publish","format-standard","hentry","category-economie","category-politique"],"jetpack_featured_media_url":"","jetpack_sharing_enabled":true,"_links":{"self":[{"href":"https:\/\/rp221.com\/index.php?rest_route=\/wp\/v2\/posts\/18989","targetHints":{"allow":["GET"]}}],"collection":[{"href":"https:\/\/rp221.com\/index.php?rest_route=\/wp\/v2\/posts"}],"about":[{"href":"https:\/\/rp221.com\/index.php?rest_route=\/wp\/v2\/types\/post"}],"author":[{"embeddable":true,"href":"https:\/\/rp221.com\/index.php?rest_route=\/wp\/v2\/users\/1"}],"replies":[{"embeddable":true,"href":"https:\/\/rp221.com\/index.php?rest_route=%2Fwp%2Fv2%2Fcomments&post=18989"}],"version-history":[{"count":0,"href":"https:\/\/rp221.com\/index.php?rest_route=\/wp\/v2\/posts\/18989\/revisions"}],"wp:attachment":[{"href":"https:\/\/rp221.com\/index.php?rest_route=%2Fwp%2Fv2%2Fmedia&parent=18989"}],"wp:term":[{"taxonomy":"category","embeddable":true,"href":"https:\/\/rp221.com\/index.php?rest_route=%2Fwp%2Fv2%2Fcategories&post=18989"},{"taxonomy":"post_tag","embeddable":true,"href":"https:\/\/rp221.com\/index.php?rest_route=%2Fwp%2Fv2%2Ftags&post=18989"}],"curies":[{"name":"wp","href":"https:\/\/api.w.org\/{rel}","templated":true}]}}