{"id":18521,"date":"2023-08-02T06:56:02","date_gmt":"2023-08-02T06:56:02","guid":{"rendered":"https:\/\/rp221.com\/?p=18521"},"modified":"2023-08-02T06:56:10","modified_gmt":"2023-08-02T06:56:10","slug":"attaque-au-cocktail-molotov-sur-un-bus-aftu-cest-une-moto-qui-serait-a-lorigine-responsable","status":"publish","type":"post","link":"https:\/\/rp221.com\/?p=18521","title":{"rendered":"Attaque au cocktail molotov sur un bus AFTU: c&rsquo;est une moto qui serait \u00e0 l&rsquo;origine (Responsable)\u00a0"},"content":{"rendered":"\n<p class=\"wp-block-paragraph\">Un bus King Long de l'Association pour le financement des transports urbains (AFTU) a \u00e9t\u00e9 attaqu\u00e9 ce mardi apr\u00e8s-midi par moyen d'un jet de cocktail molotov alors qu'il transportait des passagers. Les faits ont eu lieu \u00e0 Yarakh (banlieue dakaroise). Selon le vice-pr\u00e9sident de l'association pr\u00e9cit\u00e9e, il y a 2 morts et 5 bless\u00e9s d\u00e9compt\u00e9s pour le moment.&nbsp;<\/p>\n\n\n\n<p class=\"wp-block-paragraph\">\"L'attaque a fait pour le moment deux morts et cinq bless\u00e9s graves. D'apr\u00e8s mes renseignements, c'est le conducteur d'une moto qui a jet\u00e9 le cocktail molotov dans le bus avant de prendre la fuite\", a indique le vice-pr\u00e9sident de l'AFTU, contact\u00e9 par Pr\u00e9ssAfrik.&nbsp;<\/p>\n\n\n\n<p class=\"wp-block-paragraph\">Depuis le placement en d\u00e9tention de Ousmane Sonko lundi par le doyen des juges Maham Diallo, plusieurs localit\u00e9s du pays dont Dakar et Ziguinchor sont en proie \u00e0 des manifestations violentes. Rien que dans la journ\u00e9e d'hier, 3 d\u00e9c\u00e8s de manifestants ont \u00e9t\u00e9 enregistr\u00e9s dont un \u00e0 Pikine et deux autres \u00e0 Ziguinchor (Sud du S\u00e9n\u00e9gal).<\/p>\n","protected":false},"excerpt":{"rendered":"<p>Un bus King Long de l&rsquo;Association pour le financement des transports urbains (AFTU) a \u00e9t\u00e9 attaqu\u00e9 ce mardi apr\u00e8s-midi par moyen d&rsquo;un jet de cocktail molotov alors qu&rsquo;il transportait des passagers. Les faits ont eu lieu \u00e0 Yarakh (banlieue dakaroise). Selon le vice-pr\u00e9sident de l&rsquo;association pr\u00e9cit\u00e9e, il y a 2 morts et 5 bless\u00e9s d\u00e9compt\u00e9s [&hellip;]<\/p>\n","protected":false},"author":1,"featured_media":0,"comment_status":"open","ping_status":"open","sticky":false,"template":"","format":"standard","meta":{"_jetpack_newsletter_access":"","_jetpack_dont_email_post_to_subs":false,"_jetpack_newsletter_tier_id":0,"_jetpack_memberships_contains_paywalled_content":false,"_jetpack_memberships_contains_paid_content":false,"footnotes":""},"categories":[42],"tags":[],"class_list":["post-18521","post","type-post","status-publish","format-standard","hentry","category-economie"],"jetpack_featured_media_url":"","jetpack_sharing_enabled":true,"_links":{"self":[{"href":"https:\/\/rp221.com\/index.php?rest_route=\/wp\/v2\/posts\/18521","targetHints":{"allow":["GET"]}}],"collection":[{"href":"https:\/\/rp221.com\/index.php?rest_route=\/wp\/v2\/posts"}],"about":[{"href":"https:\/\/rp221.com\/index.php?rest_route=\/wp\/v2\/types\/post"}],"author":[{"embeddable":true,"href":"https:\/\/rp221.com\/index.php?rest_route=\/wp\/v2\/users\/1"}],"replies":[{"embeddable":true,"href":"https:\/\/rp221.com\/index.php?rest_route=%2Fwp%2Fv2%2Fcomments&post=18521"}],"version-history":[{"count":0,"href":"https:\/\/rp221.com\/index.php?rest_route=\/wp\/v2\/posts\/18521\/revisions"}],"wp:attachment":[{"href":"https:\/\/rp221.com\/index.php?rest_route=%2Fwp%2Fv2%2Fmedia&parent=18521"}],"wp:term":[{"taxonomy":"category","embeddable":true,"href":"https:\/\/rp221.com\/index.php?rest_route=%2Fwp%2Fv2%2Fcategories&post=18521"},{"taxonomy":"post_tag","embeddable":true,"href":"https:\/\/rp221.com\/index.php?rest_route=%2Fwp%2Fv2%2Ftags&post=18521"}],"curies":[{"name":"wp","href":"https:\/\/api.w.org\/{rel}","templated":true}]}}