{"id":18127,"date":"2023-07-26T19:24:07","date_gmt":"2023-07-26T19:24:07","guid":{"rendered":"https:\/\/rp221.com\/?p=18127"},"modified":"2023-07-26T19:26:29","modified_gmt":"2023-07-26T19:26:29","slug":"communique","status":"publish","type":"post","link":"https:\/\/rp221.com\/?p=18127","title":{"rendered":"COMMUNIQUE"},"content":{"rendered":"\n<p class=\"wp-block-paragraph\">C\u2019est \u00e0 la suite d\u2019une r\u00e9flexion profonde que j\u2019ai d\u00e9cid\u00e9, en toute ind\u00e9pendance, de m\u2019impliquer dans la Pr\u00e9sidentielle de 2024, dans une perspective mue par un constat, une conviction et un but.<br>Le constat, c\u2019est que le S\u00e9n\u00e9gal demeure confront\u00e9 \u00e0 de nombreux d\u00e9fis, aux niveaux rural, p\u00e9ri-urbain et urbain, malgr\u00e9 les nombreuses actions entreprises depuis 1960 par les Gouvernements successifs. Ma conviction, une forte conviction, c\u2019est que le S\u00e9n\u00e9gal regorge d\u2019atouts et de talents qui lui permettent de relever tous les d\u00e9fis. Le but est d\u2019\u00e9largir le d\u00e9bat jusque-l\u00e0 concentr\u00e9 entre les seuls partis politiques, et d\u2019inclure les citoyens, o\u00f9 qu\u2019ils se trouvent, dans l\u2019\u00e9laboration, dans la mise en \u0153uvre et dans le suivi-\u00e9valuation des politiques de d\u00e9veloppement.<br>J\u2019indiquerai, au cours des prochaines, semaines, les axes programmatiques que nous proposons aux S\u00e9n\u00e9galais.<br>Ma Vision du S\u00e9n\u00e9gal de demain, c\u2019est un S\u00e9n\u00e9gal \u00e9mergent, pleinement int\u00e9gr\u00e9 \u00e0 une Afrique unie, o\u00f9 la pauvret\u00e9 et l\u2019ignorance auront \u00e9t\u00e9 vaincues. C\u2019est un S\u00e9n\u00e9gal, en paix avec lui-m\u00eame et avec les autres, fier de ses valeurs ancestrales, qui allie tradition et modernit\u00e9, dont la gouvernance s\u2019inspire des enseignements et de la pratique de nos illustres compatriotes qui se sont distingu\u00e9s par leur vertu et par leur sens du devoir.<br>J\u2019invite tous les citoyens \u00e0 se joindre \u00e0 nous et \u00e0 b\u00e2tir une large coalition, afin de r\u00e9ussir le tournant de l\u2019ann\u00e9e 2024 et d\u2019en faire un nouveau d\u00e9part dans notre marche vers l\u2019\u00e9mergence et le d\u00e9veloppement int\u00e9gral.<\/p>\n\n\n\n<p class=\"wp-block-paragraph\">Moubarack LO<br>\u00c9conomiste<br>Maire de la Commune de Niomr\u00e9, D\u00e9partement de Louga<br>President du Mouvement pour un S\u00e9n\u00e9gal Emergent (MOUSEM)<\/p>\n","protected":false},"excerpt":{"rendered":"<p>C\u2019est \u00e0 la suite d\u2019une r\u00e9flexion profonde que j\u2019ai d\u00e9cid\u00e9, en toute ind\u00e9pendance, de m\u2019impliquer dans la Pr\u00e9sidentielle de 2024, dans une perspective mue par un constat, une conviction et un but.Le constat, c\u2019est que le S\u00e9n\u00e9gal demeure confront\u00e9 \u00e0 de nombreux d\u00e9fis, aux niveaux rural, p\u00e9ri-urbain et urbain, malgr\u00e9 les nombreuses actions entreprises depuis [&hellip;]<\/p>\n","protected":false},"author":1,"featured_media":0,"comment_status":"open","ping_status":"open","sticky":false,"template":"","format":"standard","meta":{"_jetpack_newsletter_access":"","_jetpack_dont_email_post_to_subs":false,"_jetpack_newsletter_tier_id":0,"_jetpack_memberships_contains_paywalled_content":false,"_jetpack_memberships_contains_paid_content":false,"footnotes":""},"categories":[42],"tags":[],"class_list":["post-18127","post","type-post","status-publish","format-standard","hentry","category-economie"],"jetpack_featured_media_url":"","jetpack_sharing_enabled":true,"_links":{"self":[{"href":"https:\/\/rp221.com\/index.php?rest_route=\/wp\/v2\/posts\/18127","targetHints":{"allow":["GET"]}}],"collection":[{"href":"https:\/\/rp221.com\/index.php?rest_route=\/wp\/v2\/posts"}],"about":[{"href":"https:\/\/rp221.com\/index.php?rest_route=\/wp\/v2\/types\/post"}],"author":[{"embeddable":true,"href":"https:\/\/rp221.com\/index.php?rest_route=\/wp\/v2\/users\/1"}],"replies":[{"embeddable":true,"href":"https:\/\/rp221.com\/index.php?rest_route=%2Fwp%2Fv2%2Fcomments&post=18127"}],"version-history":[{"count":0,"href":"https:\/\/rp221.com\/index.php?rest_route=\/wp\/v2\/posts\/18127\/revisions"}],"wp:attachment":[{"href":"https:\/\/rp221.com\/index.php?rest_route=%2Fwp%2Fv2%2Fmedia&parent=18127"}],"wp:term":[{"taxonomy":"category","embeddable":true,"href":"https:\/\/rp221.com\/index.php?rest_route=%2Fwp%2Fv2%2Fcategories&post=18127"},{"taxonomy":"post_tag","embeddable":true,"href":"https:\/\/rp221.com\/index.php?rest_route=%2Fwp%2Fv2%2Ftags&post=18127"}],"curies":[{"name":"wp","href":"https:\/\/api.w.org\/{rel}","templated":true}]}}