{"id":17482,"date":"2023-07-09T16:48:30","date_gmt":"2023-07-09T16:48:30","guid":{"rendered":"https:\/\/rp221.com\/?p=17482"},"modified":"2023-07-09T16:54:05","modified_gmt":"2023-07-09T16:54:05","slug":"opinion-invest-in-senegal-du-president-de-la-republique-et-de-la-fiscalite-par-elimane-pouye-inspecteur-des-impots","status":"publish","type":"post","link":"https:\/\/rp221.com\/?p=17482","title":{"rendered":"OPINION &#8211; INVEST IN SENEGAL: Du Pr\u00e9sident de la R\u00e9publique et de la Fiscalit\u00e9.<br>Par: Elimane POUYE, Inspecteur des imp\u00f4ts.&nbsp;"},"content":{"rendered":"\n<p class=\"wp-block-paragraph\">J'ai \u00e9cout\u00e9 avec int\u00e9r\u00eat le discours de monsieur le pr\u00e9sident &nbsp;de la R\u00e9publique \u00e0 l'occasion du Forum Invest in S\u00e9n\u00e9gal.<br>J'ai particuli\u00e8rement retenu la partie de l'allocution relative aux reformes n\u00e9cessaires pour rendre plus attractif le climat des affaires.<br>Le pr\u00e9sident a fait, sans gants, le proc\u00e8s de la fiscalit\u00e9 s\u00e9n\u00e9galaise et celui de ces acteurs. Ces diatribes ponctu\u00e9s d'applaudissements et de sourires narcissiques appellent de ma part cette petite r\u00e9flexion.&nbsp;<br>Faut-il rire ou pleurer de cette d\u00e9sinvolture du premier ambassadeur de la destination S\u00e9n\u00e9gal?&nbsp;<br>Devant des investisseurs, &nbsp;fallait il s'auto flageller autant alors qu'on est sens\u00e9 attirer ces derniers ? Langage de v\u00e9rit\u00e9 ou boutade ? Regard condescendant d'un ing\u00e9nieur \u00e0 l'\u00e9gard de son dauphin (PM) ou de son principal opposant (Ousmane Sonko)...ou \u00e0 l'\u00e9gard de toute une corporation (les Inspecturs des imp\u00f4ts) et m\u00eame des \u00e9narques?&nbsp;<br>Une chose est s\u00fbre, la fiscalit\u00e9 s\u00e9n\u00e9galaise est quasi identique \u00e0 celle de la plupart des pays de m\u00eame tradition juridique. Sur des pans entiers, elle est plus simple compar\u00e9e \u00e0 celle de beaucoup de pays africains. Elle est largement arrim\u00e9e aux meilleurs standards internationaux. Des efforts importants de simplification ont \u00e9t\u00e9 faits ces deux derni\u00e8res d\u00e9cennies.&nbsp;Certes il y a des d\u00e9ficiences au plan normatif et au niveau de la gouvernance, mais un pr\u00e9sident de la R\u00e9publique est surtout attendu pour sa capacit\u00e9 \u00e0 proposer des r\u00e9formes pour gommer ses imperfections. Le monopole de la critique doit \u00eatre l'apanage des oppositions et de la soci\u00e9t\u00e9 civile.<br>La communication pr\u00e9sidentielle est r\u00e9v\u00e9lateur d'une chose: le chef de l'\u00e9tat est-il au fait du contenu des lois (fiscales ou de finances) qu'il promulgue? Que dire quand le PR ignore une r\u00e9forme en vigueur sous son magist\u00e8re depuis 10 ans (la CGF \u00e0 \u00e9t\u00e9 adopt\u00e9e en 2014 et modifi\u00e9e en 2018. Cet imp\u00f4t postule que l'imp\u00f4t est \u00e9quivalent \u00e0 un ou deu &nbsp;mois &nbsp;de loyer pour les propri\u00e9taires d'un certain seuil de revenus locatifs.&nbsp;<br>Au regard de ce discours, il n'est pas \u00e9tonnant de noter que le &nbsp;PSE, principal document de r\u00e9f\u00e9rence des politiques publiques et ses d\u00e9clinaisons op\u00e9rationnelles (PAP) ne consacrent que des d\u00e9veloppements accessoires et p\u00e9riph\u00e9riques \u00e0 son financement par des ressources fiscales internes.&nbsp;<br>En r\u00e9sum\u00e9, ce discours est symptomatique d'un PR qui n'a aucune id\u00e9e de la fiscalit\u00e9, principal levier de financement des politiques publiques.&nbsp;Traduit-il un niveau d'inculture sur un sujet qui doit \u00eatre au centre du d\u00e9bat public? &nbsp;Est-ce une insuffisance intellectuelle propre au chef de l'\u00e9tat en particulier ou largement not\u00e9e chez les acteurs politiques en question.<br>R\u00e9sultat, l'approche de l'endettement pour financer les politiques publiques a de beaux jours devant elle car plus facile \u00e0 mobiliser avec ses graves cons\u00e9quences n\u00e9fastes sur le d\u00e9veloppement....oubliant que les emprunts sont rembours\u00e9s gr\u00e2ce aux ressources fiscales.<\/p>\n","protected":false},"excerpt":{"rendered":"<p>J&rsquo;ai \u00e9cout\u00e9 avec int\u00e9r\u00eat le discours de monsieur le pr\u00e9sident &nbsp;de la R\u00e9publique \u00e0 l&rsquo;occasion du Forum Invest in S\u00e9n\u00e9gal.J&rsquo;ai particuli\u00e8rement retenu la partie de l&rsquo;allocution relative aux reformes n\u00e9cessaires pour rendre plus attractif le climat des affaires.Le pr\u00e9sident a fait, sans gants, le proc\u00e8s de la fiscalit\u00e9 s\u00e9n\u00e9galaise et celui de ces acteurs. Ces [&hellip;]<\/p>\n","protected":false},"author":1,"featured_media":0,"comment_status":"open","ping_status":"open","sticky":false,"template":"","format":"standard","meta":{"_jetpack_newsletter_access":"","_jetpack_dont_email_post_to_subs":false,"_jetpack_newsletter_tier_id":0,"_jetpack_memberships_contains_paywalled_content":false,"_jetpack_memberships_contains_paid_content":false,"footnotes":""},"categories":[42],"tags":[],"class_list":["post-17482","post","type-post","status-publish","format-standard","hentry","category-economie"],"jetpack_featured_media_url":"","jetpack_sharing_enabled":true,"_links":{"self":[{"href":"https:\/\/rp221.com\/index.php?rest_route=\/wp\/v2\/posts\/17482","targetHints":{"allow":["GET"]}}],"collection":[{"href":"https:\/\/rp221.com\/index.php?rest_route=\/wp\/v2\/posts"}],"about":[{"href":"https:\/\/rp221.com\/index.php?rest_route=\/wp\/v2\/types\/post"}],"author":[{"embeddable":true,"href":"https:\/\/rp221.com\/index.php?rest_route=\/wp\/v2\/users\/1"}],"replies":[{"embeddable":true,"href":"https:\/\/rp221.com\/index.php?rest_route=%2Fwp%2Fv2%2Fcomments&post=17482"}],"version-history":[{"count":0,"href":"https:\/\/rp221.com\/index.php?rest_route=\/wp\/v2\/posts\/17482\/revisions"}],"wp:attachment":[{"href":"https:\/\/rp221.com\/index.php?rest_route=%2Fwp%2Fv2%2Fmedia&parent=17482"}],"wp:term":[{"taxonomy":"category","embeddable":true,"href":"https:\/\/rp221.com\/index.php?rest_route=%2Fwp%2Fv2%2Fcategories&post=17482"},{"taxonomy":"post_tag","embeddable":true,"href":"https:\/\/rp221.com\/index.php?rest_route=%2Fwp%2Fv2%2Ftags&post=17482"}],"curies":[{"name":"wp","href":"https:\/\/api.w.org\/{rel}","templated":true}]}}