{"id":16415,"date":"2023-06-05T05:53:39","date_gmt":"2023-06-05T05:53:39","guid":{"rendered":"https:\/\/rp221.com\/?p=16415"},"modified":"2023-06-05T05:53:47","modified_gmt":"2023-06-05T05:53:47","slug":"communique-de-presse-sur-la-coupure-de-linternet-mobile","status":"publish","type":"post","link":"https:\/\/rp221.com\/?p=16415","title":{"rendered":"COMMUNIQU\u00c9 DE PRESSE SUR LA COUPURE DE L\u2019INTERNET MOBILE\u00a0"},"content":{"rendered":"\n<p class=\"wp-block-paragraph\">APPEL d\u00e9nonce la volont\u00e9 unilat\u00e9rale de l\u2019Etat \u00e0 sevrer les populations de l\u2019information&nbsp;<br>L\u2019Association des Editeurs et Professionnels de la Presse en Ligne (APPEL) a constat\u00e9 avec consternation la d\u00e9cision de l\u2019Etat du S\u00e9n\u00e9gal de couper l\u2019Internet mobile. Les op\u00e9rateurs ont fait des SMS pour s\u2019excuser et faire savoir \u00e0 l\u2019opinion que c\u2019est sur la demande de l\u2019Etat que les donn\u00e9es mobiles ont \u00e9t\u00e9 coup\u00e9es. Une situation inimaginable et inconcevable au S\u00e9n\u00e9gal. D\u00e9j\u00e0, les restrictions op\u00e9r\u00e9es depuis&nbsp;jeudi soir&nbsp;sur certains r\u00e9seaux sociaux notamment Whatsapp, Facebook, Instagram, Twitter, Telegram ont \u00e9t\u00e9 lourdes de cons\u00e9quences sur le plan \u00e9ditorial et \u00e9conomique. En effet, les directs et les \u00e9missions via Youtube, Facebook, Instagram et Twitter n\u2019\u00e9taient plus possibles. Les populations ont \u00e9t\u00e9 sevr\u00e9es de leur droit \u00e0 une information juste et plurielle \u00e0 cet effet. Cette coupure s\u2019est op\u00e9r\u00e9e sans sommation ni concertation avec les acteurs de l\u2019Internet. APPEL est, certes, sensible \u00e0 cette situation sociopolitique tr\u00e8s tendue. Toutefois, elle estime que le droit \u00e0 l\u2019information du public, garanti par la Constitution et des instruments juridiques internationaux ratifi\u00e9s par le S\u00e9n\u00e9gal, est inali\u00e9nable. La suspension des donn\u00e9es mobiles entra\u00eene de facto la suspension ou l\u2019interruption de la fourniture de l\u2019information \u00e0 travers nos sites. Or, l\u2019information est une donn\u00e9e capitale pour aider la population \u00e0 s\u2019informer \u00e0 s\u2019orienter en temps de crise. L\u2019absence d\u2019une bonne frange des programmes de la presse en ligne cr\u00e9e des d\u00e9g\u00e2ts incommensurables pour nos entreprises d\u00e9j\u00e0 \u00e0 l\u2019agonie depuis la p\u00e9riode de la Covid19. Plus grave, cela laisse libre cours \u00e0 la prolif\u00e9ration des fausses informations.&nbsp;La suspension de l\u2019Internet mobile risque de porter l\u2019estocade aux entreprises de presse si vuln\u00e9rables. L\u2019Etat doit comprendre qu\u2019aujourd\u2019hui des secteurs vitaux du pays d\u00e9pendent des donn\u00e9es mobiles et que sa coupure peut ouvrir des br\u00e8ches fatales pour certaines \u00e9conomies mais aussi des services m\u00e9dicaux, a\u00e9ronautiques ou des transports.&nbsp;Les Editeurs de la presse en ligne sont d\u00e9cid\u00e9s \u00e0 saisir les organisations de d\u00e9fense des libert\u00e9s de presse, d\u2019expression et des droits humains pour que ces agissements anti-d\u00e9mocratiques, anachroniques cessent dans les plus brefs d\u00e9lais. Ils se r\u00e9servent le droit aussi de travailler avec des partenaires au niveau Africain et international pour porter plainte et obtenir une juste r\u00e9parat<\/p>\n","protected":false},"excerpt":{"rendered":"<p>APPEL d\u00e9nonce la volont\u00e9 unilat\u00e9rale de l\u2019Etat \u00e0 sevrer les populations de l\u2019information&nbsp;L\u2019Association des Editeurs et Professionnels de la Presse en Ligne (APPEL) a constat\u00e9 avec consternation la d\u00e9cision de l\u2019Etat du S\u00e9n\u00e9gal de couper l\u2019Internet mobile. Les op\u00e9rateurs ont fait des SMS pour s\u2019excuser et faire savoir \u00e0 l\u2019opinion que c\u2019est sur la demande [&hellip;]<\/p>\n","protected":false},"author":1,"featured_media":0,"comment_status":"open","ping_status":"open","sticky":false,"template":"","format":"standard","meta":{"_jetpack_newsletter_access":"","_jetpack_dont_email_post_to_subs":false,"_jetpack_newsletter_tier_id":0,"_jetpack_memberships_contains_paywalled_content":false,"_jetpack_memberships_contains_paid_content":false,"footnotes":""},"categories":[42],"tags":[],"class_list":["post-16415","post","type-post","status-publish","format-standard","hentry","category-economie"],"jetpack_featured_media_url":"","jetpack_sharing_enabled":true,"_links":{"self":[{"href":"https:\/\/rp221.com\/index.php?rest_route=\/wp\/v2\/posts\/16415","targetHints":{"allow":["GET"]}}],"collection":[{"href":"https:\/\/rp221.com\/index.php?rest_route=\/wp\/v2\/posts"}],"about":[{"href":"https:\/\/rp221.com\/index.php?rest_route=\/wp\/v2\/types\/post"}],"author":[{"embeddable":true,"href":"https:\/\/rp221.com\/index.php?rest_route=\/wp\/v2\/users\/1"}],"replies":[{"embeddable":true,"href":"https:\/\/rp221.com\/index.php?rest_route=%2Fwp%2Fv2%2Fcomments&post=16415"}],"version-history":[{"count":0,"href":"https:\/\/rp221.com\/index.php?rest_route=\/wp\/v2\/posts\/16415\/revisions"}],"wp:attachment":[{"href":"https:\/\/rp221.com\/index.php?rest_route=%2Fwp%2Fv2%2Fmedia&parent=16415"}],"wp:term":[{"taxonomy":"category","embeddable":true,"href":"https:\/\/rp221.com\/index.php?rest_route=%2Fwp%2Fv2%2Fcategories&post=16415"},{"taxonomy":"post_tag","embeddable":true,"href":"https:\/\/rp221.com\/index.php?rest_route=%2Fwp%2Fv2%2Ftags&post=16415"}],"curies":[{"name":"wp","href":"https:\/\/api.w.org\/{rel}","templated":true}]}}