{"id":16329,"date":"2023-06-02T12:47:12","date_gmt":"2023-06-02T12:47:12","guid":{"rendered":"https:\/\/rp221.com\/?p=16329"},"modified":"2023-06-02T12:47:40","modified_gmt":"2023-06-02T12:47:40","slug":"afrique-de-louest223-milliards-fcfa-de-la-france-et-lautruche-pour-financer-un-projet-de-recyclage","status":"publish","type":"post","link":"https:\/\/rp221.com\/?p=16329","title":{"rendered":"Afrique de l\u2019Ouest:22,3 milliards FCFA de la France et l\u2019Autruche pour financer un projet de recyclage"},"content":{"rendered":"\n<p class=\"wp-block-paragraph\"><strong>L'Afrique fait face \u00e0 un gros d\u00e9ficit en mati\u00e8re d'infrastructures de recyclage. Pour les d\u00e9chets li\u00e9s au plomb, deux agences de d\u00e9veloppement europ\u00e9ennes veulent accompagner un projet indien sur le continent en augmentant sa capacit\u00e9 de recyclage et en finan\u00e7ant ses besoins quotidiens.<\/strong><\/p>\n\n\n\n<p class=\"wp-block-paragraph\">Les gouvernements fran\u00e7ais et autrichien vont investir 34 millions d'euros, soit 22,3 milliards FCFA, dans un projet de recyclage de d\u00e9chets au S\u00e9n\u00e9gal et au Ghana. L'information a \u00e9t\u00e9 rendue publique par la filiale du groupe Agence fran\u00e7aise de d\u00e9veloppement (AFD), d\u00e9di\u00e9e au financement du secteur priv\u00e9 dans les pays en d\u00e9veloppement, Proparco, le lundi 30 mai.<\/p>\n\n\n\n<p class=\"wp-block-paragraph\"><strong><em>Cet investissement qui sera r\u00e9alis\u00e9 par le biais de Proparco et l'OeEB, l'institution autrichienne de financement du d\u00e9veloppement, sera mis \u00e0 la disposition de Gravita Netherlands BV (GNBV), le chef de la division outre-mer de Gravita India Limited (GIL).<\/em><\/strong><\/p>\n\n\n\n<p class=\"wp-block-paragraph\">Cette entreprise sp\u00e9cialis\u00e9e dans le recyclage industriel, notamment du plomb, en Inde et \u00e0 l'\u00e9tranger, d\u00e9veloppera de nouvelles fili\u00e8res dans les pays b\u00e9n\u00e9ficiaires, en y apportant des capacit\u00e9s suppl\u00e9mentaires et en d\u00e9marrant de nouvelles verticales (caoutchouc, cuivre).<\/p>\n\n\n\n<p class=\"wp-block-paragraph\">Cette initiative vise, \u00e0 terme, \u00e0 att\u00e9nuer le changement climatique, en recyclant la ferraille (au lieu de l'extraction) et \u00e0 soutenir la fabrication durable, en valorisant les intrants recycl\u00e9s pour le secteur industriel.<\/p>\n\n\n\n<p class=\"wp-block-paragraph\">Elle permettra, en outre de fournir des alternatives \u00e0 l'industrie extractive en alimentant l'\u00e9conomie circulaire et d'offrir des alternatives \u00e0 la fonte informelle, accompagn\u00e9e de graves probl\u00e8mes de sant\u00e9 et de pollution.Jean-Marc&nbsp;Gogbeu<\/p>\n\n\n\n<p class=\"wp-block-paragraph\"><strong><em>L\u2019argent du programme \u00bbX\u00ebyu ndaw \u00f1i\u00bb positionn\u00e9 dans les comptes des agences et structures impliqu\u00e9es (ministre)<\/em><\/strong><\/p>\n\n\n\n<p class=\"wp-block-paragraph\">Dakar, 1er juin (APS) \u2013 L\u2019enveloppe des 450 milliards de CFA du programme &nbsp;\u00bbX\u00ebyu ndaw \u00f1i&nbsp;\u00bb a \u00e9t\u00e9 positionn\u00e9e dans les comptes des agences et des structures impliqu\u00e9es dans la mise en \u0153uvre de ce programme destin\u00e9 \u00e0 l\u2019emploi des jeunes, a assur\u00e9 jeudi le ministre de la Jeunesse, de l\u2019Emploi et de l\u2019Entreprenariat, Papa Malick Ndour.<\/p>\n\n\n\n<p class=\"wp-block-paragraph\"><strong><em>&nbsp;\u00bbLe programme X\u00ebyu ndaw \u00f1i est dot\u00e9 d\u2019une enveloppe de 450 milliards de CFA et aujourd\u2019hui, toute cette somme mobilis\u00e9e sur ressource interne a \u00e9t\u00e9 positionn\u00e9e dans les comptes des agences et des structures qui \u00e9taient impliqu\u00e9es dans le projet\u2019\u2019, a-t-il d\u00e9clar\u00e9.<\/em><\/strong><\/p>\n\n\n\n<p class=\"wp-block-paragraph\">Le ministre Pape Malick Ndour r\u00e9pondait \u00e0 une interpellation de l\u2019opposant Guy Marius Sagna lors de la s\u00e9ance des questions orales adress\u00e9es au gouvernement.<\/p>\n\n\n\n<p class=\"wp-block-paragraph\">M. Sagna, \u00e9lu de Yewwi askan wi dit avoir constat\u00e9 r\u00e9guli\u00e8rement que les jeunes qui travaillent dans le cadre du programme &nbsp;\u00bbX\u00ebyu ndaw \u00f1i&nbsp;\u00bb restaient deux \u00e0 trois mois sans percevoir leurs salaires.<\/p>\n\n\n\n<p class=\"wp-block-paragraph\">Le ministre de la Jeunesse a \u00e9galement d\u00e9menti les affirmations du d\u00e9put\u00e9 Sagna faisant \u00e9tat de l\u2019existence de contrats fictifs dans le cadre de la mise en \u0153uvre du programme &nbsp;\u00bbX\u00ebyu ndaw \u00f1i&nbsp;\u00bb.<\/p>\n\n\n\n<p class=\"wp-block-paragraph\">Le programme est ex\u00e9cut\u00e9 normalement, a assur\u00e9 Papa Malick Ndour.<\/p>\n\n\n\n<p class=\"wp-block-paragraph\">&nbsp;\u00bbIl peut y avoir des retards de salaires\u2019\u2019, a-t-il reconnu, mais cela ne remet pas en cause les principes de base d\u2019un recrutement effectif de pr\u00e8s de 70.000 jeunes dont les salaires sont positionn\u00e9s \u00e0 chaque fin du mois.AN\/OID\/ASB<strong><em><\/em><\/strong><\/p>\n\n\n\n<p class=\"wp-block-paragraph\"><strong><em>Entrepreneuriat:la chambre de commerce de Dakar et \u00abFeed the future\u00bb signent des conventions de partenariat<\/em><\/strong><\/p>\n\n\n\n<p class=\"wp-block-paragraph\">Dakar, 1er juin (APS) \u2013 La chambre de commerce et d\u2019industrie et d\u2019agriculture de Dakar (CCIAD) et Feed the future et projection company, ont proc\u00e9d\u00e9 jeudi, \u00e0 la signature d\u2019une convention de partenariat pour \u2018\u2019contribuer \u00e0 l\u2019am\u00e9lioration de la qualit\u00e9 de l\u2019entrepreneuriat au niveau de la r\u00e9gion de Dakar\u2019\u2019, a constat\u00e9 l\u2019APS.<\/p>\n\n\n\n<p class=\"wp-block-paragraph\"><strong><em>\u2018\u2019La convention avec Feed the future est motiv\u00e9e par le renforcement de la s\u00e9curit\u00e9 alimentaire et celle avec Pojection compagny a pour objet de poser les jalons d\u2019une contribution \u00e0 l\u2019am\u00e9lioration de la qualit\u00e9 de l\u2019entrepreneuriat au niveau de la r\u00e9gion de Dakar\u2019\u2019, a d\u00e9clar\u00e9 Abdoulaye Sow, pr\u00e9sident de la chambre de commerce et d\u2019industrie et d\u2019agriculture de Dakar.<\/em><\/strong><\/p>\n\n\n\n<p class=\"wp-block-paragraph\">Selon lui, \u00ab&nbsp;ces signatures ont lieu dans un contexte profond\u00e9ment marqu\u00e9 par les cons\u00e9quences de la r\u00e9cente crise sanitaire du coronavirus, la guerre en Ukraine et l\u2019ouverture de la ZLECAf qui exigent des comp\u00e9tences av\u00e9r\u00e9es de tous ceux qui sont mobilis\u00e9s autour de la question majeure du d\u00e9veloppement\u2019\u2019.<\/p>\n\n\n\n<p class=\"wp-block-paragraph\">\u00ab&nbsp;La meilleure approche pour r\u00e9duire l\u2019ins\u00e9curit\u00e9 alimentaire est de renforcer les capacit\u00e9s des acteurs de l\u2019agro-alimentaire notamment les producteurs de fruits et l\u00e9gumes, de viande, lait et poisson\u2019\u2019, a estim\u00e9 le pr\u00e9sident de la CCIAD.<\/p>\n\n\n\n<p class=\"wp-block-paragraph\">\u2018\u2019La question de la s\u00e9curit\u00e9 sanitaire des aliments rev\u00eat une importance capitale pour diff\u00e9rentes raisons\u2019\u2019, a soulign\u00e9 la Directrice du programme business drivers for food safety, Mariama Samb Dieng, soulignant que l\u2019acc\u00e8s \u00e0 des aliments sains et nutritifs \u2018\u2019en qualit\u00e9 et en quantit\u00e9 suffisantes est essentiel pour nos populations locales\u2019\u2019.<\/p>\n\n\n\n<p class=\"wp-block-paragraph\">Elle a ajout\u00e9 que \u2018\u2019le renforcement de la s\u00e9curit\u00e9 sanitaire des aliments est important pour l\u2019acc\u00e8s aux march\u00e9s locaux et internationaux\u2019\u2019.<\/p>\n\n\n\n<p class=\"wp-block-paragraph\">\u2018\u2019Notre ambition, c\u2019est que les entreprises du S\u00e9n\u00e9gal, quelle que soit leur taille, respectent les normes de qualit\u00e9 des aliments, puissent \u00e0 la fois satisfaire aux objectifs de sant\u00e9 publique du gouvernement mais aussi \u00e0 nos objectifs de comp\u00e9titivit\u00e9 du secteur priv\u00e9 national\u2019\u2019, a-t-elle dit.<\/p>\n\n\n\n<p class=\"wp-block-paragraph\"><strong><em>Le programme business drivers for food safety est \u2018\u2019un important programme de renforcement des capacit\u00e9s mis en place par le gouvernement am\u00e9ricain, pour la promotion des entreprises s\u00e9n\u00e9galaises comme moteur de la s\u00e9curit\u00e9 sanitaire des aliments&nbsp;\u00bb. Il veut aider les entreprises partenaires \u00e0 &nbsp;\u00bbimpl\u00e9menter ses activit\u00e9s avec efficacit\u00e9 et efficience\u2019\u2019.<\/em><\/strong><\/p>\n\n\n\n<p class=\"wp-block-paragraph\">Les programmes portent aussi sur \u2018\u2019l\u2019\u00e9veil des consommateurs \u00e0 travers la diffusion de messages sur la s\u00e9curit\u00e9 sanitaire des aliments ciblant notamment les jeunes et les femmes\u2019\u2019.&nbsp;&nbsp;Mme Dieng a invit\u00e9 les entreprises alimentaires \u00e0 \u2018\u2019mettre en \u0153uvre les programmes pr\u00e9 requis ou des syst\u00e8mes performants de management de la s\u00e9curit\u00e9 des denr\u00e9es alimentaires\u2019\u2019.<\/p>\n\n\n\n<p class=\"wp-block-paragraph\">&nbsp;\u2018\u2019La s\u00e9curit\u00e9 sanitaire des aliments est un \u00e9l\u00e9ment essentiel pour la sant\u00e9 des populations\u2019\u2019, a insist\u00e9 la Directrice du programme business drivers for food safety. Pour elle, les aliments \u2018\u2019impropres \u00e0 la consommation contenant des bact\u00e9ries, des virus, des parasites ou des substances chimiques toxiques provoquent chaque ann\u00e9e de nombreuses maladies\u2019\u2019.CS\/ASB\/OID<\/p>\n\n\n\n<p class=\"wp-block-paragraph\"><strong><em>Chaque commune sera dot\u00e9e de 200 lampadaires d\u2019ici fin 2023 (ministre )<\/em><\/strong><\/p>\n\n\n\n<p class=\"wp-block-paragraph\">Dakar, 1er juin (APS) \u2013 La ministre du P\u00e9trole et des Energies, A\u00efssatou Sophie Gladima, a annonc\u00e9 jeudi que chaque commune s\u00e9n\u00e9galaise sera dot\u00e9e d\u2019au moins 200 lampadaires d\u2019ici la fin de l\u2019ann\u00e9e en cours.<\/p>\n\n\n\n<p class=\"wp-block-paragraph\">Elle en a fait la r\u00e9v\u00e9lation lors d\u2019une s\u00e9ance pl\u00e9ni\u00e8re consacr\u00e9e aux questions orales adress\u00e9es au Gouvernement.<\/p>\n\n\n\n<p class=\"wp-block-paragraph\">Elle a d\u00e9clar\u00e9 que \u2018\u2019le meilleur reste \u00e0 venir pour notre pays qui travaille \u00e0 atteindre l\u2019acc\u00e8s universel [\u00e0 l\u2019\u00e9lectricit\u00e9] \u00e0 l\u2019horizon 2025\u2019\u2019.<\/p>\n\n\n\n<p class=\"wp-block-paragraph\">L\u2019ensemble des communes du pays seront dot\u00e9es de lampadaires, a-t-elle assur\u00e9, pr\u00e9cisant que leur d\u00e9ploiement sera r\u00e9alis\u00e9 en relation &nbsp;avec notamment l\u2019administration territoriale.<\/p>\n\n\n\n<p class=\"wp-block-paragraph\">La s\u00e9ance pl\u00e9ni\u00e8re se d\u00e9roule sous la pr\u00e9sidence d\u2019Amadou Mame Diop, pr\u00e9sident de l\u2019Assembl\u00e9e nationale et en pr\u00e9sence de plusieurs membres du gouvernement.AN\/ASG<\/p>\n\n\n\n<figure class=\"wp-block-embed\"><div class=\"wp-block-embed__wrapper\">\nhttps:\/\/www.sikafinance.com\n<\/div><\/figure>\n","protected":false},"excerpt":{"rendered":"<p>L&rsquo;Afrique fait face \u00e0 un gros d\u00e9ficit en mati\u00e8re d&rsquo;infrastructures de recyclage. Pour les d\u00e9chets li\u00e9s au plomb, deux agences de d\u00e9veloppement europ\u00e9ennes veulent accompagner un projet indien sur le continent en augmentant sa capacit\u00e9 de recyclage et en finan\u00e7ant ses besoins quotidiens. Les gouvernements fran\u00e7ais et autrichien vont investir 34 millions d&rsquo;euros, soit 22,3 [&hellip;]<\/p>\n","protected":false},"author":1,"featured_media":0,"comment_status":"open","ping_status":"open","sticky":false,"template":"","format":"standard","meta":{"_jetpack_newsletter_access":"","_jetpack_dont_email_post_to_subs":false,"_jetpack_newsletter_tier_id":0,"_jetpack_memberships_contains_paywalled_content":false,"_jetpack_memberships_contains_paid_content":false,"footnotes":""},"categories":[42],"tags":[],"class_list":["post-16329","post","type-post","status-publish","format-standard","hentry","category-economie"],"jetpack_featured_media_url":"","jetpack_sharing_enabled":true,"_links":{"self":[{"href":"https:\/\/rp221.com\/index.php?rest_route=\/wp\/v2\/posts\/16329","targetHints":{"allow":["GET"]}}],"collection":[{"href":"https:\/\/rp221.com\/index.php?rest_route=\/wp\/v2\/posts"}],"about":[{"href":"https:\/\/rp221.com\/index.php?rest_route=\/wp\/v2\/types\/post"}],"author":[{"embeddable":true,"href":"https:\/\/rp221.com\/index.php?rest_route=\/wp\/v2\/users\/1"}],"replies":[{"embeddable":true,"href":"https:\/\/rp221.com\/index.php?rest_route=%2Fwp%2Fv2%2Fcomments&post=16329"}],"version-history":[{"count":0,"href":"https:\/\/rp221.com\/index.php?rest_route=\/wp\/v2\/posts\/16329\/revisions"}],"wp:attachment":[{"href":"https:\/\/rp221.com\/index.php?rest_route=%2Fwp%2Fv2%2Fmedia&parent=16329"}],"wp:term":[{"taxonomy":"category","embeddable":true,"href":"https:\/\/rp221.com\/index.php?rest_route=%2Fwp%2Fv2%2Fcategories&post=16329"},{"taxonomy":"post_tag","embeddable":true,"href":"https:\/\/rp221.com\/index.php?rest_route=%2Fwp%2Fv2%2Ftags&post=16329"}],"curies":[{"name":"wp","href":"https:\/\/api.w.org\/{rel}","templated":true}]}}