{"id":16326,"date":"2023-06-02T12:45:01","date_gmt":"2023-06-02T12:45:01","guid":{"rendered":"https:\/\/rp221.com\/?p=16326"},"modified":"2023-06-02T12:45:47","modified_gmt":"2023-06-02T12:45:47","slug":"lutte-contre-la-pauvreteleconomie-sociale-et-solidaire-comme-panacee","status":"publish","type":"post","link":"https:\/\/rp221.com\/?p=16326","title":{"rendered":"LUTTE CONTRE LA PAUVRET\u00c9:L\u2019\u00e9conomie sociale et solidaire comme panac\u00e9e"},"content":{"rendered":"\n<p class=\"wp-block-paragraph\"><em>La Revue annuelle conjointe (RAC) du minist\u00e8re de la Microfinance et de l\u2019\u00c9conomie sociale et solidaire (MMESS) a permis, hier, de faire l\u2019\u00e9tat des lieux de ce secteur qui n\u2019est pas bien connu. L'objectif g\u00e9n\u00e9ral de l\u2019atelier \u00e9tait d'\u00e9valuer les progr\u00e8s r\u00e9alis\u00e9s, d'identifier les d\u00e9fis auxquels ce secteur est confront\u00e9 et de tracer les orientations futures pour une croissance durable et inclusive.<\/em><em><\/em><\/p>\n\n\n\n<p class=\"wp-block-paragraph\"><strong><em>La Revue annuelle conjointe (RAC) du minist\u00e8re de la Microfinance et de l\u2019\u00c9conomie sociale et solidaire (MMESS) a r\u00e9uni, hier, tous les acteurs du d\u00e9partement et de l\u2019\u00e9cosyst\u00e8me \u00e0 travers leur r\u00e9seau, et ceux de la Banque centrale des Etats de l\u2019Afrique de l\u2019Ouest (BCEAO).<\/em><\/strong><\/p>\n\n\n\n<p class=\"wp-block-paragraph\">Le directeur g\u00e9n\u00e9ral du Bureau de prospective \u00e9conomique, Moubarak L\u00f4, a fait remarquer que cet important rendez-vous des acteurs du secteur de la microfinance et de l\u2019\u00e9conomie sociale et solidaire a permis d\u2019\u00e9changer sur les r\u00e9alisations, mais \u00e9galement sur les perspectives.<\/p>\n\n\n\n<p class=\"wp-block-paragraph\">Pour lui, le concept d\u2019\u00e9conomie sociale et solidaire n\u2019est pas bien compris. Il d\u00e9clare&nbsp;: \u2018\u2019C\u2019est un concept \u00e9mergent qui m\u00e9rite d\u2019\u00eatre connu\u2019\u2019, parce qu\u2019on \u2018\u2019ne peut pas parler de pays d\u00e9velopp\u00e9s, si les populations ne sont pas d\u00e9velopp\u00e9es\u2019\u2019.<\/p>\n\n\n\n<p class=\"wp-block-paragraph\">En effet, il explique que dans l\u2019\u00e9conomie, il y a des gens qui travaillent dans le secteur formel, dans des industries manufacturi\u00e8res, dans l\u2019Administration, mais la majeure partie de la population travaille dans l\u2019\u00e9conomie solidaire. Il donne l\u2019exemple des p\u00eacheurs, des artisans, des petits m\u00e9tiers, des femmes qui ont des groupements. Selon M. Lo, \u2018\u2019on devrait m\u00eame tous les ans avoir un livre vert sur l\u2019action gouvernementale en faveur de l\u2019\u00e9conomie sociale et solidaire\u2019\u2019.&nbsp;<\/p>\n\n\n\n<p class=\"wp-block-paragraph\">D\u2019ailleurs, la proposition qui a \u00e9t\u00e9 retenue dans la salle pr\u00f4ne le plan national de d\u00e9veloppement, parce que les intervenants estiment qu\u2019il ne faut pas penser l\u2019\u00e9conomie sociale et solidaire comme quelque chose de sectoriel. \u2018\u2019Il faut que \u00e7a soit une action transversale qui irrigue l\u2019ensemble de l\u2019action gouvernementale\u2019\u2019.&nbsp;<\/p>\n\n\n\n<p class=\"wp-block-paragraph\">Ainsi, le coordonnateur g\u00e9n\u00e9ral du R\u00e9seau des acteurs et collectivit\u00e9s territoriales pour l\u2019\u00e9conomie sociale et solidaire, Malick Diop, a insist\u00e9 sur la mani\u00e8re d\u2019int\u00e9grer les collectivit\u00e9s territoriales dans le dispositif. \u2018\u2019On ne peut pas, dit-il, faire l\u2019\u00e9conomie sociale et solidaire, si le territoire n\u2019est pas au c\u0153ur du processus. D\u2019o\u00f9 l\u2019importance de r\u00e9affirmer cette mobilisation\u2019\u2019.&nbsp;<em><\/em><\/p>\n\n\n\n<p class=\"wp-block-paragraph\"><strong><em>Croissance \u00e9conomique inclusive<\/em><\/strong><em><\/em><\/p>\n\n\n\n<p class=\"wp-block-paragraph\">\u00c0 la suite des intervenants, le repr\u00e9sentant du ministre de la Microfinance et de l\u2019\u00c9conomie sociale et solidaire, Ibrahima Fall, a pris la parole pour faire remarquer que ces secteurs jouent un r\u00f4le crucial dans la r\u00e9duction de la pauvret\u00e9, la cr\u00e9ation d'emplois, l'autonomisation des femmes et des jeunes, ainsi que dans le renforcement des communaut\u00e9s territoriales. Ils favorisent \u00e9galement l'acc\u00e8s aux services financiers et aux opportunit\u00e9s \u00e9conomiques pour les populations vuln\u00e9rables.<\/p>\n\n\n\n<p class=\"wp-block-paragraph\"><strong><em>De ce fait, M. Fall a d\u00e9clar\u00e9&nbsp;: \u2018\u2019Nous devons reconna\u00eetre que des d\u00e9fis persistent.\u2019\u2019<\/em><\/strong><\/p>\n\n\n\n<p class=\"wp-block-paragraph\">\u2018\u2019Les initiatives d'\u00e9conomie sociale et solidaire ont \u00e9galement connu une croissance remarquable, contribuant ainsi \u00e0 la cr\u00e9ation d'emplois durables et \u00e0 la r\u00e9duction des in\u00e9galit\u00e9s sociales. Cependant, nous ne devons pas nous reposer sur nos lauriers. Les d\u00e9fis auxquels nous sommes confront\u00e9s sont nombreux et complexes\u2019\u2019, souligne-t-il.&nbsp;<em>DIANA DIA (Stagiaire)<\/em><\/p>\n","protected":false},"excerpt":{"rendered":"<p>La Revue annuelle conjointe (RAC) du minist\u00e8re de la Microfinance et de l\u2019\u00c9conomie sociale et solidaire (MMESS) a permis, hier, de faire l\u2019\u00e9tat des lieux de ce secteur qui n\u2019est pas bien connu. L&rsquo;objectif g\u00e9n\u00e9ral de l\u2019atelier \u00e9tait d&rsquo;\u00e9valuer les progr\u00e8s r\u00e9alis\u00e9s, d&rsquo;identifier les d\u00e9fis auxquels ce secteur est confront\u00e9 et de tracer les orientations [&hellip;]<\/p>\n","protected":false},"author":1,"featured_media":0,"comment_status":"open","ping_status":"open","sticky":false,"template":"","format":"standard","meta":{"_jetpack_newsletter_access":"","_jetpack_dont_email_post_to_subs":false,"_jetpack_newsletter_tier_id":0,"_jetpack_memberships_contains_paywalled_content":false,"_jetpack_memberships_contains_paid_content":false,"footnotes":""},"categories":[42],"tags":[],"class_list":["post-16326","post","type-post","status-publish","format-standard","hentry","category-economie"],"jetpack_featured_media_url":"","jetpack_sharing_enabled":true,"_links":{"self":[{"href":"https:\/\/rp221.com\/index.php?rest_route=\/wp\/v2\/posts\/16326","targetHints":{"allow":["GET"]}}],"collection":[{"href":"https:\/\/rp221.com\/index.php?rest_route=\/wp\/v2\/posts"}],"about":[{"href":"https:\/\/rp221.com\/index.php?rest_route=\/wp\/v2\/types\/post"}],"author":[{"embeddable":true,"href":"https:\/\/rp221.com\/index.php?rest_route=\/wp\/v2\/users\/1"}],"replies":[{"embeddable":true,"href":"https:\/\/rp221.com\/index.php?rest_route=%2Fwp%2Fv2%2Fcomments&post=16326"}],"version-history":[{"count":0,"href":"https:\/\/rp221.com\/index.php?rest_route=\/wp\/v2\/posts\/16326\/revisions"}],"wp:attachment":[{"href":"https:\/\/rp221.com\/index.php?rest_route=%2Fwp%2Fv2%2Fmedia&parent=16326"}],"wp:term":[{"taxonomy":"category","embeddable":true,"href":"https:\/\/rp221.com\/index.php?rest_route=%2Fwp%2Fv2%2Fcategories&post=16326"},{"taxonomy":"post_tag","embeddable":true,"href":"https:\/\/rp221.com\/index.php?rest_route=%2Fwp%2Fv2%2Ftags&post=16326"}],"curies":[{"name":"wp","href":"https:\/\/api.w.org\/{rel}","templated":true}]}}