{"id":16266,"date":"2023-06-01T10:55:33","date_gmt":"2023-06-01T10:55:33","guid":{"rendered":"https:\/\/rp221.com\/?p=16266"},"modified":"2023-06-01T11:00:28","modified_gmt":"2023-06-01T11:00:28","slug":"le-projet-gunge-mbay-pour-favoriser-la-croissance-de-la-valeur-ajoutee-de-lagroalimentaire-au-sine-saloum","status":"publish","type":"post","link":"https:\/\/rp221.com\/?p=16266","title":{"rendered":"Le projet \u2018\u2019Gunge Mbay\u2019\u2019 pour favoriser la croissance de la valeur ajout\u00e9e de l\u2019agroalimentaire au Sine-Saloum\u00a0"},"content":{"rendered":"\n<p class=\"wp-block-paragraph\">Kaolack, 31 mai (APS) \u2013 Le projet \u2018\u2019Gunge Mbay\u2019\u2019 (Accompagner l\u2019agriculture, en wolof), du Team Europe Initiative Agropole Centre, a l\u2019ambition de contribuer \u00e0 lever les principales contraintes \u00e0 la croissance de la valeur ajout\u00e9e du secteur agroalimentaire de la r\u00e9gion naturelle du Sine-Saloum, a appris l\u2019APS du Fonds national de d\u00e9veloppement agro-sylvo-pastoral (FNDASP).<\/p>\n\n\n\n<p class=\"wp-block-paragraph\"><strong><em>Ce projet d\u2019une dur\u00e9e de quatre ans est financ\u00e9 par l\u2019Union europ\u00e9enne (UE) pour un co\u00fbt de 15 millions d\u2019euros. Il compte s\u2019appuyer sur la performance attendue de l\u2019Agropole Centre comme \u2018\u2019\u00e9l\u00e9ment central\u2019\u2019 d\u2019un syst\u00e8me alimentaire durable du territoire.<\/em><\/strong><\/p>\n\n\n\n<p class=\"wp-block-paragraph\">Ce mercredi s\u2019est tenu \u00e0 Kaolack un atelier de restitution et de validation du portefeuille de projets de services agricoles des organisations professionnelles agricoles cibles du projet des d\u00e9partements de Foundiougne (Fatick), Koungheul (Kaffrine) et Nioro du Rip (Kaolack).<\/p>\n\n\n\n<p class=\"wp-block-paragraph\">\u2018\u2019L\u2019atelier rentre dans un cadre beaucoup plus global, notamment l\u2019accompagnement aux agropoles qui sont mis en place dans le cadre du Plan S\u00e9n\u00e9gal \u00e9mergent (PSE) par l\u2019Etat du S\u00e9n\u00e9gal (\u2026)\u2019\u2019, a expliqu\u00e9 Jean-Charles Faye, directeur ex\u00e9cutif du FNDASP. Cet accompagnement devrait permettre de \u2018\u2019pouvoir disposer de suffisamment de mati\u00e8res premi\u00e8res pour les unit\u00e9s agroalimentaires qui sont dans les diff\u00e9rents agropoles comme celui du centre du pays\u2019\u2019, a-t-il expliqu\u00e9.<\/p>\n\n\n\n<p class=\"wp-block-paragraph\">Il a rappel\u00e9 que le projet \u2018\u2019Gunge Mbay\u2019\u2019 vise \u00e0 promouvoir une dynamique favorisant la participation des petits producteurs ruraux \u00e0 la dynamique de transformation structurelle de l\u2019\u00e9conomie agroalimentaire du Sine-Saloum (\u2026)\u2019\u2019. L\u2019enjeu est de \u2018\u2019rendre la base productive de ce p\u00f4le de d\u00e9veloppement \u2018\u2019plus durable et r\u00e9siliente\u2019\u2019 vis-\u00e0-vis du changement climatique.<\/p>\n\n\n\n<p class=\"wp-block-paragraph\">Selon Jean-Charles Faye, ce financement ex\u00e9cut\u00e9 par l\u2019Agence belge de d\u00e9veloppement (ENABEL) vient conforter le sch\u00e9ma institutionnel mis en place \u00e0 travers la Loi d\u2019orientation agro-sylvo-pastorale (LOASP).<\/p>\n\n\n\n<p class=\"wp-block-paragraph\">Pour l\u2019adjoint au gouverneur de la r\u00e9gion de Kaolack charg\u00e9 des affaires administratives, El Hadji Malick S\u00e9mou Diouf, qui a pr\u00e9sid\u00e9 les travaux de cet atelier au nom du ministre de l\u2019Agriculture, de l\u2019Equipement rural et de la Souverainet\u00e9 alimentaire, ce projet va dans le sens d\u2019am\u00e9liorer l\u2019agriculture au S\u00e9n\u00e9gal.<\/p>\n\n\n\n<p class=\"wp-block-paragraph\"><strong><em>\u2018\u2019Nous saluons l\u2019initiative de ce projet \u00e0 sa juste valeur et l\u2019un des aspects importants que nous retenons \u00e0 travers cet atelier, c\u2019est qu\u2019il s\u2019agit d\u2019une co-construction o\u00f9 les acteurs sont invit\u00e9s \u00e0 dire leurs besoins. Avec leurs besoins, il y a des prestataires qui les accompagnent pour pouvoir mettre en \u0153uvre des projets qui pourront \u00eatre financ\u00e9s\u2019\u2019, a-t-il expliqu\u00e9.<\/em><\/strong><\/p>\n\n\n\n<p class=\"wp-block-paragraph\">Il a insist\u00e9 sur la redevabilit\u00e9, un point essentiel projet. \u2018\u2019Aujourd\u2019hui, nous sommes dans une logique de performance, dans une logique de r\u00e9sultats. Il n\u2019est plus normal de d\u00e9rouler un programme alors que derri\u00e8re, il n\u2019y a pas une obligation de reddition de comptes\u2019\u2019, a-t-il lanc\u00e9.<\/p>\n\n\n\n<p class=\"wp-block-paragraph\">Il estime qu\u2019\u2019\u2019il n\u2019est plus question de d\u00e9rouler un projet et que, in fine, [ses] acquis ne soient pas p\u00e9rennis\u00e9s\u2019\u2019. \u2018\u2019Il faut que les acteurs qui \u00e9taient cibl\u00e9s \u00e0 travers les projets puissent assurer une certaine p\u00e9rennit\u00e9\u2019\u2019, a-t-il insist\u00e9.ADE\/ASG\/OID<\/p>\n","protected":false},"excerpt":{"rendered":"<p>Kaolack, 31 mai (APS) \u2013 Le projet \u2018\u2019Gunge Mbay\u2019\u2019 (Accompagner l\u2019agriculture, en wolof), du Team Europe Initiative Agropole Centre, a l\u2019ambition de contribuer \u00e0 lever les principales contraintes \u00e0 la croissance de la valeur ajout\u00e9e du secteur agroalimentaire de la r\u00e9gion naturelle du Sine-Saloum, a appris l\u2019APS du Fonds national de d\u00e9veloppement agro-sylvo-pastoral (FNDASP). Ce [&hellip;]<\/p>\n","protected":false},"author":1,"featured_media":0,"comment_status":"open","ping_status":"open","sticky":false,"template":"","format":"standard","meta":{"_jetpack_newsletter_access":"","_jetpack_dont_email_post_to_subs":false,"_jetpack_newsletter_tier_id":0,"_jetpack_memberships_contains_paywalled_content":false,"_jetpack_memberships_contains_paid_content":false,"footnotes":""},"categories":[42],"tags":[],"class_list":["post-16266","post","type-post","status-publish","format-standard","hentry","category-economie"],"jetpack_featured_media_url":"","jetpack_sharing_enabled":true,"_links":{"self":[{"href":"https:\/\/rp221.com\/index.php?rest_route=\/wp\/v2\/posts\/16266","targetHints":{"allow":["GET"]}}],"collection":[{"href":"https:\/\/rp221.com\/index.php?rest_route=\/wp\/v2\/posts"}],"about":[{"href":"https:\/\/rp221.com\/index.php?rest_route=\/wp\/v2\/types\/post"}],"author":[{"embeddable":true,"href":"https:\/\/rp221.com\/index.php?rest_route=\/wp\/v2\/users\/1"}],"replies":[{"embeddable":true,"href":"https:\/\/rp221.com\/index.php?rest_route=%2Fwp%2Fv2%2Fcomments&post=16266"}],"version-history":[{"count":0,"href":"https:\/\/rp221.com\/index.php?rest_route=\/wp\/v2\/posts\/16266\/revisions"}],"wp:attachment":[{"href":"https:\/\/rp221.com\/index.php?rest_route=%2Fwp%2Fv2%2Fmedia&parent=16266"}],"wp:term":[{"taxonomy":"category","embeddable":true,"href":"https:\/\/rp221.com\/index.php?rest_route=%2Fwp%2Fv2%2Fcategories&post=16266"},{"taxonomy":"post_tag","embeddable":true,"href":"https:\/\/rp221.com\/index.php?rest_route=%2Fwp%2Fv2%2Ftags&post=16266"}],"curies":[{"name":"wp","href":"https:\/\/api.w.org\/{rel}","templated":true}]}}