{"id":16160,"date":"2023-05-31T13:45:25","date_gmt":"2023-05-31T13:45:25","guid":{"rendered":"https:\/\/rp221.com\/?p=16160"},"modified":"2023-05-31T13:46:02","modified_gmt":"2023-05-31T13:46:02","slug":"foire-internationale-des-artisans-des-parcelles-assainies","status":"publish","type":"post","link":"https:\/\/rp221.com\/?p=16160","title":{"rendered":"Foire internationale des artisans des Parcelles-Assainies"},"content":{"rendered":"\n<p class=\"wp-block-paragraph\">La Foire internationale des artisans des Parcelles-Assainies se tient du 25 mai au 10 juin. Hier, lors de la c\u00e9r\u00e9monie officielle, le secr\u00e9taire g\u00e9n\u00e9ral de la&nbsp;F\u00e9d\u00e9ration nationale des professionnels de l'habillement (FENAPH) a indiqu\u00e9 que l'objectif de cette foire est le d\u00e9veloppement et la promotion de l\u2019artisanat \u00e0 travers une facilitation de l'acc\u00e8s aux articles, aux \u00e9changes et \u00e0 la commercialisation.<strong><\/strong><\/p>\n\n\n\n<p class=\"wp-block-paragraph\">Pour Khassim Tour\u00e9, c'est pour cela qu'ils ont mis en place le cadre de r\u00e9flexion des artisans des Parcelles-Assainies pour une commune et un Dakar artisanal et structur\u00e9. \"Jamais une mutation n'a \u00e9t\u00e9 aussi rapide, aussi prodigieuse, changeant les modes de vie, les mani\u00e8res de produire, les chemins du savoir, les moyens d'informer et de s'informer, la conscience citoyenne, les rapports entre les artisans et les commer\u00e7ants. Ce cadre de r\u00e9flexion est sans aucun doute loin d'\u00e9puiser son potentiel d'innovation.<strong><\/strong><\/p>\n\n\n\n<p class=\"wp-block-paragraph\">Les choses ne viennent que de commencer ! Au programme de cette \u00e9dition, des portes ouvertes &nbsp;permettront d'aller \u00e0 la rencontre des artisans r\u00e9partis dans les stands, sur leur lieu de cr\u00e9ation, depuis les c\u00e9ramistes, les cr\u00e9ateurs de mode, des \u00e9b\u00e9nistes, des plombiers, des restaurateurs d'\u0153uvres d'art, des menuisiers, des tailleurs, des plasticiens, des sculpteurs, des boulangers, des coiffeurs-coiffeuses, cordonniers, designers textiles, \u00e9b\u00e9nistes, fleuristes, maroquiniers, parfumeurs, p\u00e2tissiers, paysagistes, peintres en b\u00e2timent, plombiers-chauffagistes, serruriers, m\u00e9caniciens, lithographes, en passant par la bijouterie et les luminaires\", a-t-il list\u00e9.<strong><\/strong><\/p>\n\n\n\n<p class=\"wp-block-paragraph\">Avant d'annoncer que les visiteurs peuvent \u00e9galement assister \u00e0 des d\u00e9monstrations de savoir-faire, des tables rondes sur le futur p\u00f4le artisanal et d\u00e9couvrir des expositions, des \u00e9missions en direct, des pr\u00e9sentations de stands, des comp\u00e9titions, ainsi que des d\u00e9fil\u00e9s de mode en plein air, des panels d\u2019\u00e9changes des innovations, des lots \u00e0 vendre, \u00e0 d\u00e9couvrir, notamment une pr\u00e9sentation de la commune... \"Comme vous le savez tous, l\u2019artisanat est compos\u00e9 de quatre grands secteurs : l\u2019alimentation, le b\u00e2timent, la fabrication et les services.<strong><\/strong><\/p>\n\n\n\n<p class=\"wp-block-paragraph\">Des m\u00e9tiers difficiles qui ont un co\u00fbt d\u2019entr\u00e9e et n\u00e9cessitent un accompagnement, tout en sachant que nous sommes confront\u00e9s \u00e0 un probl\u00e8me de site. C\u2019est la chert\u00e9 des loyers, m\u00eame dans des espaces partag\u00e9s, et la difficult\u00e9 \u00e0 trouver des locaux d\u2019activit\u00e9s en petites couronnes\u2019\u2019, a soulign\u00e9 M. Tour\u00e9.<\/p>\n","protected":false},"excerpt":{"rendered":"<p>La Foire internationale des artisans des Parcelles-Assainies se tient du 25 mai au 10 juin. Hier, lors de la c\u00e9r\u00e9monie officielle, le secr\u00e9taire g\u00e9n\u00e9ral de la&nbsp;F\u00e9d\u00e9ration nationale des professionnels de l&rsquo;habillement (FENAPH) a indiqu\u00e9 que l&rsquo;objectif de cette foire est le d\u00e9veloppement et la promotion de l\u2019artisanat \u00e0 travers une facilitation de l&rsquo;acc\u00e8s aux articles, [&hellip;]<\/p>\n","protected":false},"author":1,"featured_media":0,"comment_status":"open","ping_status":"open","sticky":false,"template":"","format":"standard","meta":{"_jetpack_newsletter_access":"","_jetpack_dont_email_post_to_subs":false,"_jetpack_newsletter_tier_id":0,"_jetpack_memberships_contains_paywalled_content":false,"_jetpack_memberships_contains_paid_content":false,"footnotes":""},"categories":[42],"tags":[],"class_list":["post-16160","post","type-post","status-publish","format-standard","hentry","category-economie"],"jetpack_featured_media_url":"","jetpack_sharing_enabled":true,"_links":{"self":[{"href":"https:\/\/rp221.com\/index.php?rest_route=\/wp\/v2\/posts\/16160","targetHints":{"allow":["GET"]}}],"collection":[{"href":"https:\/\/rp221.com\/index.php?rest_route=\/wp\/v2\/posts"}],"about":[{"href":"https:\/\/rp221.com\/index.php?rest_route=\/wp\/v2\/types\/post"}],"author":[{"embeddable":true,"href":"https:\/\/rp221.com\/index.php?rest_route=\/wp\/v2\/users\/1"}],"replies":[{"embeddable":true,"href":"https:\/\/rp221.com\/index.php?rest_route=%2Fwp%2Fv2%2Fcomments&post=16160"}],"version-history":[{"count":0,"href":"https:\/\/rp221.com\/index.php?rest_route=\/wp\/v2\/posts\/16160\/revisions"}],"wp:attachment":[{"href":"https:\/\/rp221.com\/index.php?rest_route=%2Fwp%2Fv2%2Fmedia&parent=16160"}],"wp:term":[{"taxonomy":"category","embeddable":true,"href":"https:\/\/rp221.com\/index.php?rest_route=%2Fwp%2Fv2%2Fcategories&post=16160"},{"taxonomy":"post_tag","embeddable":true,"href":"https:\/\/rp221.com\/index.php?rest_route=%2Fwp%2Fv2%2Ftags&post=16160"}],"curies":[{"name":"wp","href":"https:\/\/api.w.org\/{rel}","templated":true}]}}