{"id":16063,"date":"2023-05-30T11:47:45","date_gmt":"2023-05-30T11:47:45","guid":{"rendered":"https:\/\/rp221.com\/?p=16063"},"modified":"2023-05-30T11:48:45","modified_gmt":"2023-05-30T11:48:45","slug":"qatar-economic-forumlena-sene-defend-le-financement-des-pme-surtout-en-afrique%ef%bf%bc","status":"publish","type":"post","link":"https:\/\/rp221.com\/?p=16063","title":{"rendered":"Qatar Economic Forum:L\u00e9na Sene d\u00e9fend le financement des PME, surtout en Afrique\ufffc"},"content":{"rendered":"\n<p class=\"wp-block-paragraph\">La S\u00e9n\u00e9galaise L\u00e9na Sene a particip\u00e9 \u00e0 l\u2019\u00e9dition 2023 du Qatar Economic Forum, organis\u00e9e \u00e0 Doha la capitale de l\u2019Emir Mohammed ben Abderrahmane Al-Thani, du 23 au 25&nbsp; Mai 2023.<em><\/em><\/p>\n\n\n\n<p class=\"wp-block-paragraph\">Mme Sene a \u00e9t\u00e9 s\u00e9lectionn\u00e9e, pour la deuxi\u00e8me ann\u00e9e cons\u00e9cutive, par Bloomberg pour prendre part \u00e0 ce rendez-vous international ax\u00e9 sur le th\u00e8me \u00ab March\u00e9s \u00e9mergents : une reprise in\u00e9gale et une croissance future \u00bb.<em><\/em><\/p>\n\n\n\n<p class=\"wp-block-paragraph\">Elle intervenait au panel sur le financement des Petites et Moyennes Entreprises et a lanc\u00e9 notamment un appel \u00e0 \u00ab acc\u00e9l\u00e9rer (leur acc\u00e8s au financement) \u00bb surtout en Afrique.&nbsp;<em><\/em><\/p>\n\n\n\n<p class=\"wp-block-paragraph\">Pour elle, c\u2019est l\u00e0 une des voies pour propulser la croissance de fa\u00e7on exponentielle sur le continent.&nbsp;<em><\/em><\/p>\n\n\n\n<p class=\"wp-block-paragraph\"><strong><em>L\u00e9na Sene avait comme co-pan\u00e9listes:<\/em><\/strong><strong><em><\/em><\/strong><\/p>\n\n\n\n<p class=\"wp-block-paragraph\">- Cheikh Ali Alwaleed Al-Thani, PDG Agence de promotion des investissements du Qatar (IPA Qatar),&nbsp;<strong><em><\/em><\/strong><\/p>\n\n\n\n<p class=\"wp-block-paragraph\">- Rizwan Shaikh co-Directeur Executif, Capital March\u00e9s et Conseil, Moyen Orient et Afrique, Citi Bank Group&nbsp;<strong><em><\/em><\/strong><\/p>\n\n\n\n<p class=\"wp-block-paragraph\">- Kristian Feldborg CEO &amp; Founder Vesuvio Labs.<strong><em><\/em><\/strong><\/p>\n\n\n\n<p class=\"wp-block-paragraph\">Mme L\u00e9na Sene, CEO de DCA, a mis \u00e0 profit son intervention pour parler du fonds d\u2019investissement VISTA Fixed IncomeFund (<a href=\"http:\/\/vista-fund.com\/)\" target=\"_blank\" rel=\"noreferrer noopener\">vista-fund.com\/)<\/a>&nbsp;r\u00e9cemment mis en place avec ses partenaires de la haute finance mondiale et qui justement se positionne dans cette perspective.<strong><em><\/em><\/strong><\/p>\n\n\n\n<p class=\"wp-block-paragraph\">Pour rappel, le Forum Economique du Qatar, organis\u00e9 par Bloomberg, est la principale voix du Moyen-Orient d\u00e9di\u00e9e aux affaires et aux investissements mondiaux.&nbsp;<strong><em><\/em><\/strong><\/p>\n\n\n\n<p class=\"wp-block-paragraph\">En mettant l\u2019accent sur les principaux probl\u00e8mes \u00e9conomiques auxquels sont confront\u00e9s les PDGs de firmes internationales, les Chefs d\u2019\u00c9tat et les march\u00e9s mon\u00e9taires, le Forum \u00e9conomique du Qatar offre des perspectives nouvelles et uniques sur les questions qui animent les conversations mondiales des conseils d\u2019administration.<strong><em><\/em><\/strong><\/p>\n\n\n\n<p class=\"wp-block-paragraph\">Strat\u00e9giquement situ\u00e9 \u00e0 Doha, le Forum s\u2019appuie sur la capacit\u00e9 du Qatar \u00e0 relier l\u2019Asie \u00e0 l\u2019Afrique et au-del\u00e0, ainsi que sur sa position de plaque tournante diplomatique mondiale cl\u00e9 et de leader dans les technologies \u00e9nerg\u00e9tiques du GNL.<strong><em><\/em><\/strong><\/p>\n\n\n\n<p class=\"wp-block-paragraph\">Le point positif est que les march\u00e9s \u00e9mergents devraient conna\u00eetre une croissance de 4% par rapport \u00e0 une pr\u00e9vision de croissance mondiale de 1,7% mais beaucoup reste \u00e0 faire.<\/p>\n\n\n\n<figure class=\"wp-block-embed\"><div class=\"wp-block-embed__wrapper\">\nhttps:\/\/www.seneweb.com\n<\/div><\/figure>\n","protected":false},"excerpt":{"rendered":"<p>La S\u00e9n\u00e9galaise L\u00e9na Sene a particip\u00e9 \u00e0 l\u2019\u00e9dition 2023 du Qatar Economic Forum, organis\u00e9e \u00e0 Doha la capitale de l\u2019Emir Mohammed ben Abderrahmane Al-Thani, du 23 au 25&nbsp; Mai 2023. Mme Sene a \u00e9t\u00e9 s\u00e9lectionn\u00e9e, pour la deuxi\u00e8me ann\u00e9e cons\u00e9cutive, par Bloomberg pour prendre part \u00e0 ce rendez-vous international ax\u00e9 sur le th\u00e8me \u00ab March\u00e9s [&hellip;]<\/p>\n","protected":false},"author":1,"featured_media":0,"comment_status":"open","ping_status":"open","sticky":false,"template":"","format":"standard","meta":{"_jetpack_newsletter_access":"","_jetpack_dont_email_post_to_subs":false,"_jetpack_newsletter_tier_id":0,"_jetpack_memberships_contains_paywalled_content":false,"_jetpack_memberships_contains_paid_content":false,"footnotes":""},"categories":[42],"tags":[],"class_list":["post-16063","post","type-post","status-publish","format-standard","hentry","category-economie"],"jetpack_featured_media_url":"","jetpack_sharing_enabled":true,"_links":{"self":[{"href":"https:\/\/rp221.com\/index.php?rest_route=\/wp\/v2\/posts\/16063","targetHints":{"allow":["GET"]}}],"collection":[{"href":"https:\/\/rp221.com\/index.php?rest_route=\/wp\/v2\/posts"}],"about":[{"href":"https:\/\/rp221.com\/index.php?rest_route=\/wp\/v2\/types\/post"}],"author":[{"embeddable":true,"href":"https:\/\/rp221.com\/index.php?rest_route=\/wp\/v2\/users\/1"}],"replies":[{"embeddable":true,"href":"https:\/\/rp221.com\/index.php?rest_route=%2Fwp%2Fv2%2Fcomments&post=16063"}],"version-history":[{"count":0,"href":"https:\/\/rp221.com\/index.php?rest_route=\/wp\/v2\/posts\/16063\/revisions"}],"wp:attachment":[{"href":"https:\/\/rp221.com\/index.php?rest_route=%2Fwp%2Fv2%2Fmedia&parent=16063"}],"wp:term":[{"taxonomy":"category","embeddable":true,"href":"https:\/\/rp221.com\/index.php?rest_route=%2Fwp%2Fv2%2Fcategories&post=16063"},{"taxonomy":"post_tag","embeddable":true,"href":"https:\/\/rp221.com\/index.php?rest_route=%2Fwp%2Fv2%2Ftags&post=16063"}],"curies":[{"name":"wp","href":"https:\/\/api.w.org\/{rel}","templated":true}]}}