{"id":16004,"date":"2023-05-29T13:21:04","date_gmt":"2023-05-29T13:21:04","guid":{"rendered":"https:\/\/rp221.com\/?p=16004"},"modified":"2023-05-29T13:34:39","modified_gmt":"2023-05-29T13:34:39","slug":"auchan-ziguinchorla-colere-de-guy-marius-sagna","status":"publish","type":"post","link":"https:\/\/rp221.com\/?p=16004","title":{"rendered":"AUCHAN ZIGUINCHOR:LA COL\u00c8RE DE GUY MARIUS SAGNA"},"content":{"rendered":"\n<p class=\"wp-block-paragraph\">Guy Marius Sagna est contre l\u2019implantation de Auchan Ziguinchor. Invit\u00e9 du Jdd, ce dimanche 28 mai, le membre de Pastef dit d\u00e9fendre une position de principe.<\/p>\n\n\n\n<p class=\"wp-block-paragraph\">\u201cO\u00f9 que puisse s\u2019installer Auchan au S\u00e9n\u00e9gal, Carrefour, China Mall, je ne suis pas d\u2019accord. Parce que le patriotisme, c\u2019est soutenir l\u2019\u00e9quipe nationale \u00e9conomique. Les amener \u00e0 s\u2019am\u00e9liorer, \u00e0 r\u00e9pondre aux pr\u00e9occupations des populations, oui. Mais pas les sacrifier, en d\u00e9roulant le tapis rouge aux \u00e9trangers\u201d, a-t-il d\u2019abord expliqu\u00e9.<\/p>\n\n\n\n<p class=\"wp-block-paragraph\">Ensuite, il a signal\u00e9 avoir saisi le minist\u00e8re du Commerce, en se basant, dit-il, sur les textes encadrant l\u2019ouverture des magasins de grande surface au S\u00e9n\u00e9gal. Lesquels stipulent&nbsp;: \u201cEntre deux magasins de grande surface, il doit y avoir au minimum 800 m\u00e8tres. Entre un magasin de grande surface et nos march\u00e9s traditionnels, il doit y avoir 1 000 m\u00e8tres.\u201d<\/p>\n\n\n\n<p class=\"wp-block-paragraph\">Pour le cas de Auchan Ziguinchor, soutient-il, \u201cil y a moins de 1000 m\u00e8tres\u201d entre le magasin et deux march\u00e9s traditionnels. Ce qu\u2019il juge \u201cill\u00e9gal\u201d. Il ajoute, toutefois, que lui et ses camarades attendent \u201ctoujours la r\u00e9ponse\u201d des services de Abdou Karim Fofana.<\/p>\n\n\n\n<p class=\"wp-block-paragraph\">Le maire de Ziguinchor et leader de Pastef, Ousmane Sonko, annon\u00e7ant l\u2019implantation de Auchan Ziguinchor, avait estim\u00e9 inopportun de d\u00e9penser entre 800 millions et 1 milliard F CFA pour construire un march\u00e9 de produits agricoles quand des opportunit\u00e9s telles que celle-ci se pr\u00e9sentent. Di\u00e9 BA, Pape Doudou DIALLO (Photo)<\/p>\n\n\n\n<figure class=\"wp-block-embed\"><div class=\"wp-block-embed__wrapper\">\n<blockquote class=\"wp-embedded-content\" data-secret=\"TNpNsMQqxw\"><a href=\"https:\/\/emedia.sn\/\"><\/a><\/blockquote><iframe loading=\"lazy\" class=\"wp-embedded-content\" sandbox=\"allow-scripts\" security=\"restricted\" style=\"position: absolute; visibility: hidden;\" title=\"\u00ab\u00a0\u00a0\u00bb &#8212; EmediaSN\" src=\"https:\/\/emedia.sn\/embed\/#?secret=QDrWTEAsxN#?secret=TNpNsMQqxw\" data-secret=\"TNpNsMQqxw\" width=\"600\" height=\"338\" frameborder=\"0\" marginwidth=\"0\" marginheight=\"0\" scrolling=\"no\"><\/iframe>\n<\/div><\/figure>\n","protected":false},"excerpt":{"rendered":"<p>Guy Marius Sagna est contre l\u2019implantation de Auchan Ziguinchor. Invit\u00e9 du Jdd, ce dimanche 28 mai, le membre de Pastef dit d\u00e9fendre une position de principe. \u201cO\u00f9 que puisse s\u2019installer Auchan au S\u00e9n\u00e9gal, Carrefour, China Mall, je ne suis pas d\u2019accord. Parce que le patriotisme, c\u2019est soutenir l\u2019\u00e9quipe nationale \u00e9conomique. Les amener \u00e0 s\u2019am\u00e9liorer, \u00e0 [&hellip;]<\/p>\n","protected":false},"author":1,"featured_media":0,"comment_status":"open","ping_status":"open","sticky":false,"template":"","format":"standard","meta":{"_jetpack_newsletter_access":"","_jetpack_dont_email_post_to_subs":false,"_jetpack_newsletter_tier_id":0,"_jetpack_memberships_contains_paywalled_content":false,"_jetpack_memberships_contains_paid_content":false,"footnotes":""},"categories":[46,44],"tags":[],"class_list":["post-16004","post","type-post","status-publish","format-standard","hentry","category-dossiers","category-politique"],"jetpack_featured_media_url":"","jetpack_sharing_enabled":true,"_links":{"self":[{"href":"https:\/\/rp221.com\/index.php?rest_route=\/wp\/v2\/posts\/16004","targetHints":{"allow":["GET"]}}],"collection":[{"href":"https:\/\/rp221.com\/index.php?rest_route=\/wp\/v2\/posts"}],"about":[{"href":"https:\/\/rp221.com\/index.php?rest_route=\/wp\/v2\/types\/post"}],"author":[{"embeddable":true,"href":"https:\/\/rp221.com\/index.php?rest_route=\/wp\/v2\/users\/1"}],"replies":[{"embeddable":true,"href":"https:\/\/rp221.com\/index.php?rest_route=%2Fwp%2Fv2%2Fcomments&post=16004"}],"version-history":[{"count":0,"href":"https:\/\/rp221.com\/index.php?rest_route=\/wp\/v2\/posts\/16004\/revisions"}],"wp:attachment":[{"href":"https:\/\/rp221.com\/index.php?rest_route=%2Fwp%2Fv2%2Fmedia&parent=16004"}],"wp:term":[{"taxonomy":"category","embeddable":true,"href":"https:\/\/rp221.com\/index.php?rest_route=%2Fwp%2Fv2%2Fcategories&post=16004"},{"taxonomy":"post_tag","embeddable":true,"href":"https:\/\/rp221.com\/index.php?rest_route=%2Fwp%2Fv2%2Ftags&post=16004"}],"curies":[{"name":"wp","href":"https:\/\/api.w.org\/{rel}","templated":true}]}}