{"id":15992,"date":"2023-05-29T12:44:18","date_gmt":"2023-05-29T12:44:18","guid":{"rendered":"https:\/\/rp221.com\/?p=15992"},"modified":"2023-05-29T13:10:47","modified_gmt":"2023-05-29T13:10:47","slug":"reception-plus-de-300-taureaux-geniteurs-de-race-guzera-importes-du-bresil","status":"publish","type":"post","link":"https:\/\/rp221.com\/?p=15992","title":{"rendered":"R\u00e9ception plus de 300 taureaux g\u00e9niteurs de race guzera import\u00e9s du Br\u00e9sil\u00a0\u00a0"},"content":{"rendered":"\n<p class=\"wp-block-paragraph\">Thi\u00e8s, 28 mai (APS) \u2013 Le Premier ministre et ministre de l\u2019Elevage et des Productions animales, Amadou Ba, a r\u00e9ceptionn\u00e9 samedi \u00e0 Thi\u00e8s (ouest) 312 taureaux g\u00e9niteurs de race guzera import\u00e9s du Br\u00e9sil, a constat\u00e9 l\u2019APS.&nbsp;<strong><em><\/em><\/strong><\/p>\n\n\n\n<p class=\"wp-block-paragraph\">La c\u00e9r\u00e9monie de r\u00e9ception du b\u00e9tail destin\u00e9 \u00e0 l\u2019am\u00e9lioration des races bovines locales a eu lieu dans l\u2019enceinte de l\u2019Ecole nationale sup\u00e9rieure d\u2019agriculture (ENSA), en pr\u00e9sence de responsables d\u2019associations d\u2019\u00e9leveurs venus de plusieurs r\u00e9gions du pays.<strong><em><\/em><\/strong><\/p>\n\n\n\n<p class=\"wp-block-paragraph\">Les sujets arriv\u00e9s du Br\u00e9sil par avion, le 13 mai dernier, ont \u00e9t\u00e9 mis en quarantaine \u00e0 l\u2019ENSA, avant leur distribution aux b\u00e9n\u00e9ficiaires.<strong><em><\/em><\/strong><\/p>\n\n\n\n<p class=\"wp-block-paragraph\">Cette op\u00e9ration est la \u2018\u2019premi\u00e8re du genre\u2019\u2019, a pr\u00e9cis\u00e9 Amadou Ba, ajoutant que les taureaux g\u00e9niteurs sont arriv\u00e9s sur le sol s\u00e9n\u00e9galais \u00e0 l\u2019initiative du Groupement des \u00e9leveurs pour l\u2019am\u00e9lioration g\u00e9n\u00e9tique de l\u2019\u00e9levage pastoral et extensif au S\u00e9n\u00e9gal (GEPES), avec l\u2019aide de techniciens du minist\u00e8re de l\u2019Elevage et des Productions animales.<strong><em><\/em><\/strong><\/p>\n\n\n\n<p class=\"wp-block-paragraph\"><strong><em>Ces animaux vont servir \u00e0 am\u00e9liorer les races bovines et \u00e0 contribuer \u00e0 l\u2019autosuffisance en viande du S\u00e9n\u00e9gal.<\/em><\/strong><\/p>\n\n\n\n<p class=\"wp-block-paragraph\">Il s\u2019agit de b\u0153ufs \u00e2g\u00e9s de 23 mois \u00e0 trois ans. Ils peuvent peser chacun 500 kilos.<\/p>\n\n\n\n<p class=\"wp-block-paragraph\">Les taureaux achet\u00e9s \u00e0 4,5 millions de francs CFA l\u2019unit\u00e9 sont revendus aux \u00e9leveurs \u00e0 un prix subventionn\u00e9 par l\u2019Etat, ce qui permet aux b\u00e9n\u00e9ficiaires de les acheter \u00e0 2.250.000 francs CFA.&nbsp;<\/p>\n\n\n\n<p class=\"wp-block-paragraph\">\u2018\u2019En mobilisant 675 millions de francs CFA cette ann\u00e9e pour subventionner l\u2019achat de 300 g\u00e9niteurs guzera, le gouvernement a amorc\u00e9 un processus d\u2019appui durable aux \u00e9leveurs que vous \u00eates\u2019\u2019, a dit Amadou Ba.<\/p>\n\n\n\n<p class=\"wp-block-paragraph\">Le S\u00e9n\u00e9gal veut importer un millier de g\u00e9niteurs par an pendant cinq ans, une mesure prise par le chef de l\u2019Etat.<\/p>\n\n\n\n<p class=\"wp-block-paragraph\">Le recours \u00e0 la commande group\u00e9e permet d\u2019acqu\u00e9rir des sujets de bonne qualit\u00e9, \u00e0 des prix abordables, avec une r\u00e9duction des frais de transport.<\/p>\n\n\n\n<p class=\"wp-block-paragraph\"><strong><em>Les prochaines importations vont arriver par voie maritime au S\u00e9n\u00e9gal.<\/em><\/strong><\/p>\n\n\n\n<p class=\"wp-block-paragraph\">Les premi\u00e8res importations de taureaux g\u00e9niteurs de race guzera surviennent moins de quatre mois apr\u00e8s la r\u00e9ception, par le pr\u00e9sident de la R\u00e9publique, \u00e0 Niague (ouest), de 1.242 g\u00e9nisses gestantes \u00e0 haut potentiel laitier.<\/p>\n\n\n\n<p class=\"wp-block-paragraph\">\u2018\u2019Notre r\u00eave est devenu r\u00e9alit\u00e9\u2019\u2019, a dit Arona Gallo B\u00e2, le pr\u00e9sident du GEPES.<\/p>\n\n\n\n<p class=\"wp-block-paragraph\">L\u2019arriv\u00e9e des taureaux en provenance du Br\u00e9sil est le d\u00e9but d\u2019une \u2018\u2019transformation positive\u2019\u2019 de l\u2019\u00e9levage s\u00e9n\u00e9galais entam\u00e9e en 2013 \u00e0 Dolly (nord) par Macky Sall, selon M. B\u00e2.<\/p>\n\n\n\n<p class=\"wp-block-paragraph\">Arona Gallo B\u00e2 a invit\u00e9 les \u00e9leveurs b\u00e9n\u00e9ficiaires \u00e0 bien prendre soin des animaux.<\/p>\n\n\n\n<p class=\"wp-block-paragraph\">Le recteur de l\u2019universit\u00e9 Iba-Der-Thiam de Thi\u00e8s, Mamadou Babacar Ndiaye, sugg\u00e8re que l\u2019ENSA soit impliqu\u00e9e dans l\u2019introduction des bovins de race au S\u00e9n\u00e9gal.ADI\/ESF<\/p>\n","protected":false},"excerpt":{"rendered":"<p>Thi\u00e8s, 28 mai (APS) \u2013 Le Premier ministre et ministre de l\u2019Elevage et des Productions animales, Amadou Ba, a r\u00e9ceptionn\u00e9 samedi \u00e0 Thi\u00e8s (ouest) 312 taureaux g\u00e9niteurs de race guzera import\u00e9s du Br\u00e9sil, a constat\u00e9 l\u2019APS.&nbsp; La c\u00e9r\u00e9monie de r\u00e9ception du b\u00e9tail destin\u00e9 \u00e0 l\u2019am\u00e9lioration des races bovines locales a eu lieu dans l\u2019enceinte de [&hellip;]<\/p>\n","protected":false},"author":1,"featured_media":0,"comment_status":"open","ping_status":"open","sticky":false,"template":"","format":"standard","meta":{"_jetpack_newsletter_access":"","_jetpack_dont_email_post_to_subs":false,"_jetpack_newsletter_tier_id":0,"_jetpack_memberships_contains_paywalled_content":false,"_jetpack_memberships_contains_paid_content":false,"footnotes":""},"categories":[42],"tags":[],"class_list":["post-15992","post","type-post","status-publish","format-standard","hentry","category-economie"],"jetpack_featured_media_url":"","jetpack_sharing_enabled":true,"_links":{"self":[{"href":"https:\/\/rp221.com\/index.php?rest_route=\/wp\/v2\/posts\/15992","targetHints":{"allow":["GET"]}}],"collection":[{"href":"https:\/\/rp221.com\/index.php?rest_route=\/wp\/v2\/posts"}],"about":[{"href":"https:\/\/rp221.com\/index.php?rest_route=\/wp\/v2\/types\/post"}],"author":[{"embeddable":true,"href":"https:\/\/rp221.com\/index.php?rest_route=\/wp\/v2\/users\/1"}],"replies":[{"embeddable":true,"href":"https:\/\/rp221.com\/index.php?rest_route=%2Fwp%2Fv2%2Fcomments&post=15992"}],"version-history":[{"count":0,"href":"https:\/\/rp221.com\/index.php?rest_route=\/wp\/v2\/posts\/15992\/revisions"}],"wp:attachment":[{"href":"https:\/\/rp221.com\/index.php?rest_route=%2Fwp%2Fv2%2Fmedia&parent=15992"}],"wp:term":[{"taxonomy":"category","embeddable":true,"href":"https:\/\/rp221.com\/index.php?rest_route=%2Fwp%2Fv2%2Fcategories&post=15992"},{"taxonomy":"post_tag","embeddable":true,"href":"https:\/\/rp221.com\/index.php?rest_route=%2Fwp%2Fv2%2Ftags&post=15992"}],"curies":[{"name":"wp","href":"https:\/\/api.w.org\/{rel}","templated":true}]}}