{"id":15966,"date":"2023-05-28T18:28:03","date_gmt":"2023-05-28T18:28:03","guid":{"rendered":"https:\/\/rp221.com\/?p=15966"},"modified":"2023-05-28T18:28:10","modified_gmt":"2023-05-28T18:28:10","slug":"mbagnick-diopnous-ne-devons-pas-nous-contenter-des-miettes-et-de-la-sous-traitance-du-petrole%ef%bf%bc","status":"publish","type":"post","link":"https:\/\/rp221.com\/?p=15966","title":{"rendered":"Mbagnick Diop:\u2018\u2019Nous ne devons pas nous contenter des miettes et de la sous-traitance du p\u00e9trole\u2019\u2019\ufffc"},"content":{"rendered":"\n<p class=\"wp-block-paragraph\">pr\u00e9sident du Mouvement des entreprises du S\u00e9n\u00e9gal (MEDS), Mbagnick Diop, salue les dispositions prises par les pouvoirs publics s\u00e9n\u00e9galais pour permettre au secteur priv\u00e9 local de tirer profit du p\u00e9trole et du gaz, tout en leur demandant d\u2019\u00e9viter de faire en sorte que les op\u00e9rateurs \u00e9conomiques du pays se contentent des \u2018\u2019miettes\u2019\u2019 et des activit\u00e9s de sous-traitance.<\/p>\n\n\n\n<p class=\"wp-block-paragraph\"><strong><em>Le pr\u00e9sident du MEDS est d\u2019avis qu\u2019\u2018\u2019il faut faire en sorte que les entrepreneurs locaux trouvent leur compte dans l\u2019exploitation du p\u00e9trole et du gaz\u2019\u2019, dont le d\u00e9marrage est pr\u00e9vu \u00e0 la fin de cette ann\u00e9e.<\/em><\/strong><\/p>\n\n\n\n<p class=\"wp-block-paragraph\">\u2018\u2019Il faut que \u00e7a bouge et que nous ne nous contentions pas des miettes et de la sous-traitance. Il faut \u00e9viter cela\u2019\u2019, a pr\u00e9venu&nbsp; M. Diop dans une interview accord\u00e9e \u00e0 la r\u00e9daction de l\u2019APS. \u2018\u2019Nous sommes satisfaits mais il faut que nous nous positionnions. Il faut \u00e9viter que les majors du p\u00e9trole produisent et appuient sur un bouton pour que l\u2019argent se retrouve \u00e0 l\u2019\u00e9tranger\u2019\u2019, dans les pays d\u2019origine de ces grandes compagnies, a-t-il averti.<\/p>\n\n\n\n<p class=\"wp-block-paragraph\">Selon lui, de nombreux op\u00e9rateurs \u00e9conomiques s\u00e9n\u00e9galais se sont lanc\u00e9s dans une op\u00e9ration de \u2018\u2019mise \u00e0 niveau\u2019\u2019 pour \u00eatre en mesure de tirer profit des hydrocarbures que le pays s\u2019appr\u00eate \u00e0 produire apr\u00e8s la d\u00e9couverte d\u2019importants gisements p\u00e9troliers et gaziers au S\u00e9n\u00e9gal et l\u2019implantation dans le pays de grandes compagnies p\u00e9troli\u00e8res.<\/p>\n\n\n\n<p class=\"wp-block-paragraph\">Le pays s\u2019appr\u00eatant \u00e0 se lancer dans la production de p\u00e9trole et de gaz, \u2018\u2019il faut que les retomb\u00e9es soient au rendez-vous\u2019\u2019, a soutenu Mbagnick Diop. Il estime que l\u2019Etat a suffisamment impliqu\u00e9 le secteur priv\u00e9 \u00e0 la pr\u00e9paration de l\u2019\u00e9conomie p\u00e9troli\u00e8re et gazi\u00e8re. \u2018\u2019L\u2019Etat nous a impliqu\u00e9s. Nous travaillons avec lui en bonne intelligence\u2019\u2019, s\u2019est r\u00e9joui le pr\u00e9sident du MEDS.<\/p>\n\n\n\n<p class=\"wp-block-paragraph\">Plusieurs entreprises s\u00e9n\u00e9galaises ont cr\u00e9\u00e9 des entit\u00e9s d\u00e9di\u00e9es \u00e0 l\u2019\u00e9conomie du p\u00e9trole et du gaz, selon lui. \u2018\u2019C\u2019est \u00e0 nous de mettre les bouch\u00e9es doubles et d\u2019\u00e9viter que cette opportunit\u00e9 soit g\u00e2ch\u00e9e comme on l\u2019a fait ailleurs\u2019\u2019, a-t-il dit en citant l\u2019exemple du Nigeria, l\u2019un des plus grands producteurs africains de p\u00e9trole, o\u00f9 \u2018\u2019il n\u2019y a presque pas d\u2019\u00e9lectricit\u00e9\u2019\u2019 dans de nombreuses parties du pays.<\/p>\n\n\n\n<p class=\"wp-block-paragraph\"><strong><em>\u2018\u2019Le S\u00e9n\u00e9gal a une approche positive de l\u2019exploitation du p\u00e9trole\u2019\u2019, a ajout\u00e9 Mbagnick Diop.<\/em><\/strong><\/p>\n\n\n\n<p class=\"wp-block-paragraph\">Sur la question concernant l\u2019institutionnalisation d\u2019une &nbsp;\u00bbrencontre p\u00e9riodique \u00bb entre le chef de l\u2019Etat et le patronat, le pr\u00e9sident du Mouvement des entreprises du S\u00e9n\u00e9gal (MEDS), Mbagnick Diop, sugg\u00e8re &nbsp;\u00bbl\u2019institutionnalisation \u00bb d\u2019une rencontre p\u00e9riodique tous les trois mois entre le pr\u00e9sident de la R\u00e9publique et le secteur priv\u00e9, en vue d\u2019\u00e9changer avec des acteurs qui cr\u00e9ent de la richesse et investissent au S\u00e9n\u00e9gal. &nbsp;\u00bbAujourd\u2019hui, il y a une sorte de frustration du secteur priv\u00e9 quand on voit le pr\u00e9sident de la R\u00e9publique recevoir certaines cat\u00e9gories sociales, comme les lutteurs et les artistes&nbsp;\u00bb, a relev\u00e9 le pr\u00e9sident du MDES, s\u2019exprimant dans un entretien avec l\u2019APS, dont il \u00e9tait l\u2019invit\u00e9 de la r\u00e9daction.<\/p>\n\n\n\n<p class=\"wp-block-paragraph\">Selon Mbagnick Diop, &nbsp;\u00bble secteur priv\u00e9 qui constitue la colonne vert\u00e9brale de l\u2019\u00e9conomie et qui cr\u00e9e de la richesse au S\u00e9n\u00e9gal devrait \u00eatre la priorit\u00e9 \u00bb. Aussi a-t-il sugg\u00e9r\u00e9 l\u2019institutionnalisation d\u2019une rencontre, tous les trois mois, entre le pr\u00e9sident de la R\u00e9publique et le patronat.&nbsp;&nbsp;\u00bbA titre priv\u00e9, on le [le pr\u00e9sident de la R\u00e9publique] voit. \u00c7\u00e0, il n\u2019y a aucun souci. Mais, je parle du patronat et du secteur priv\u00e9&nbsp;\u00bb, a-t-il pr\u00e9cis\u00e9, en faisant allusion \u00e0 cette audience du chef de l\u2019Etat avec le patronat annonc\u00e9e depuis le mois de f\u00e9vrier.<\/p>\n\n\n\n<p class=\"wp-block-paragraph\">Il consid\u00e8re que &nbsp;\u00bbc\u2019est important m\u00eame pour le pr\u00e9sident de la R\u00e9publique de rencontrer des acteurs qui sont sur le terrain et qui investissent au S\u00e9n\u00e9gal \u00bb.&nbsp;&nbsp;\u00bbNous ne qu\u00e9mandons rien, mais le secteur priv\u00e9 a juste besoin de sentir qu\u2019il y a l\u2019Etat \u00e0 ses c\u00f4t\u00e9s \u00bb, a soulign\u00e9 M. Diop, donnant l\u2019exemple de pays, comme la France, la Chine et le Maroc, o\u00f9 le pr\u00e9sident est souvent accompagn\u00e9 lors de ses d\u00e9placements \u00e0 l\u2019\u00e9tranger par une forte d\u00e9l\u00e9gation de chefs d\u2019entreprise.<\/p>\n\n\n\n<p class=\"wp-block-paragraph\">\u00bbUn pays se d\u00e9veloppe par son secteur priv\u00e9&nbsp;\u00bb, a soutenu le pr\u00e9sident du MEDS, insistant sur la n\u00e9cessit\u00e9 de mettre en avant &nbsp;\u00bble patriotisme \u00e9conomique et la pr\u00e9f\u00e9rence nationale&nbsp;\u00bb.<\/p>\n","protected":false},"excerpt":{"rendered":"<p>pr\u00e9sident du Mouvement des entreprises du S\u00e9n\u00e9gal (MEDS), Mbagnick Diop, salue les dispositions prises par les pouvoirs publics s\u00e9n\u00e9galais pour permettre au secteur priv\u00e9 local de tirer profit du p\u00e9trole et du gaz, tout en leur demandant d\u2019\u00e9viter de faire en sorte que les op\u00e9rateurs \u00e9conomiques du pays se contentent des \u2018\u2019miettes\u2019\u2019 et des activit\u00e9s [&hellip;]<\/p>\n","protected":false},"author":1,"featured_media":0,"comment_status":"open","ping_status":"open","sticky":false,"template":"","format":"standard","meta":{"_jetpack_newsletter_access":"","_jetpack_dont_email_post_to_subs":false,"_jetpack_newsletter_tier_id":0,"_jetpack_memberships_contains_paywalled_content":false,"_jetpack_memberships_contains_paid_content":false,"footnotes":""},"categories":[42],"tags":[],"class_list":["post-15966","post","type-post","status-publish","format-standard","hentry","category-economie"],"jetpack_featured_media_url":"","jetpack_sharing_enabled":true,"_links":{"self":[{"href":"https:\/\/rp221.com\/index.php?rest_route=\/wp\/v2\/posts\/15966","targetHints":{"allow":["GET"]}}],"collection":[{"href":"https:\/\/rp221.com\/index.php?rest_route=\/wp\/v2\/posts"}],"about":[{"href":"https:\/\/rp221.com\/index.php?rest_route=\/wp\/v2\/types\/post"}],"author":[{"embeddable":true,"href":"https:\/\/rp221.com\/index.php?rest_route=\/wp\/v2\/users\/1"}],"replies":[{"embeddable":true,"href":"https:\/\/rp221.com\/index.php?rest_route=%2Fwp%2Fv2%2Fcomments&post=15966"}],"version-history":[{"count":0,"href":"https:\/\/rp221.com\/index.php?rest_route=\/wp\/v2\/posts\/15966\/revisions"}],"wp:attachment":[{"href":"https:\/\/rp221.com\/index.php?rest_route=%2Fwp%2Fv2%2Fmedia&parent=15966"}],"wp:term":[{"taxonomy":"category","embeddable":true,"href":"https:\/\/rp221.com\/index.php?rest_route=%2Fwp%2Fv2%2Fcategories&post=15966"},{"taxonomy":"post_tag","embeddable":true,"href":"https:\/\/rp221.com\/index.php?rest_route=%2Fwp%2Fv2%2Ftags&post=15966"}],"curies":[{"name":"wp","href":"https:\/\/api.w.org\/{rel}","templated":true}]}}