{"id":15961,"date":"2023-05-28T18:25:25","date_gmt":"2023-05-28T18:25:25","guid":{"rendered":"https:\/\/rp221.com\/?p=15961"},"modified":"2023-05-28T18:25:31","modified_gmt":"2023-05-28T18:25:31","slug":"afriqueun-avenir-meilleur-necessitera-une-vision-strategique-sans-precedent-rapport","status":"publish","type":"post","link":"https:\/\/rp221.com\/?p=15961","title":{"rendered":"Afrique:\u00abun avenir meilleur n\u00e9cessitera une vision strat\u00e9gique sans pr\u00e9c\u00e9dent\u00bb (rapport)"},"content":{"rendered":"\n<p class=\"wp-block-paragraph\"><strong>Un collectif d\u2019experts ind\u00e9pendants soutient que&nbsp;<\/strong><strong>\u00ab&nbsp;<\/strong><em><strong>le changement climatique, les politiques de d\u00e9veloppement mal avis\u00e9es et les d\u00e9pendances coloniales ont enferm\u00e9 les pays africains dans des pi\u00e8ges perp\u00e9tuels, notamment l\u2019endettement ext\u00e9rieur.<\/strong><\/em><strong>&nbsp;\u00bb<\/strong><\/p>\n\n\n\n<p class=\"wp-block-paragraph\">Faire de l\u2019Afrique le continent du 21e si\u00e8cle, c\u2019est le pari d\u2019un rapport de 89 pages intitul\u00e9 \u00ab&nbsp;<em>Transition juste. Une vision pour le climat, l\u2019\u00e9nergie et le d\u00e9veloppement de l\u2019Afrique.&nbsp;<\/em>\u00bb Sous la direction de Youba Sokona, vice-pr\u00e9sident du Groupe d\u2019experts intergouvernemental sur l\u2019\u00e9volution du climat (Giec), les auteurs pr\u00e9sentent \u00e0 cet effet \u00ab&nbsp;<em>des possibilit\u00e9s de d\u00e9veloppement durable et collaboratif.<\/em>&nbsp;\u00bb<\/p>\n\n\n\n<p class=\"wp-block-paragraph\">Le document montre \u00ab&nbsp;<em>comment le continent peut entamer une transition juste africaine<\/em>&nbsp;\u00bb au moment o\u00f9 il continue de \u00ab&nbsp;<em>subir les effets destructeurs du changement climatique et de nombreuses autres crises.&nbsp;<\/em>\u00bb En outre, il explique \u00ab&nbsp;<em>comment la collaboration panafricaine peut placer durablement le continent sur une nouvelle trajectoire de d\u00e9veloppement et de transition juste, en exploitant toute son \u00e9nergie renouvelable, et en s\u2019appuyant sur la souverainet\u00e9 alimentaire et le d\u00e9veloppement de son potentiel.<\/em>&nbsp;\u00bb<\/p>\n\n\n\n<p class=\"wp-block-paragraph\">Dans leur analyse, fruit de plus d\u2019une d\u00e9cennie de collaboration et de partage d\u2019exp\u00e9riences, les auteurs sont arriv\u00e9s \u00e0 la conclusion selon laquelle \u00ab&nbsp;<em>le changement fournit des opportunit\u00e9s pour que l\u2019Afrique prenne les r\u00eanes de son avenir.&nbsp;<\/em>\u00bb<em>&nbsp;<\/em>Mais, soutiennent-ils, \u00ab&nbsp;<em>un avenir meilleur n\u00e9cessitera forc\u00e9ment une vision strat\u00e9gique sans pr\u00e9c\u00e9dent. Elle devra s\u2019ancrer dans l\u2019histoire commune de l\u2019Afrique, correspondre \u00e0 son potentiel incroyable et se d\u00e9ployer avec assurance.&nbsp;<\/em>\u00bb<\/p>\n\n\n\n<p class=\"wp-block-paragraph\">Poursuivant, le groupe d\u2019experts consid\u00e8re que trois pi\u00e8ges structurels menacent l\u2019Afrique : \u00ab&nbsp;<em>l\u2019ins\u00e9curit\u00e9 alimentaire, les importations alimentaires et la sous-alimentation<\/em>&nbsp;\u00bb, \u00ab&nbsp;<em>la pr\u00e9carit\u00e9 \u00e9nerg\u00e9tique cr\u00e9\u00e9e par des syst\u00e8mes inad\u00e9quats, fond\u00e9s sur les combustibles fossiles<\/em>&nbsp;\u00bb et \u00ab&nbsp;<em>l\u2019\u00e9chec ou l\u2019inefficacit\u00e9 des strat\u00e9gies industrielles.<\/em>&nbsp;\u00bb<\/p>\n\n\n\n<p class=\"wp-block-paragraph\">\u00ab&nbsp;<em>Une transition vers la souverainet\u00e9 alimentaire gr\u00e2ce \u00e0 l\u2019agro\u00e9cologie<\/em>&nbsp;\u00bb, \u00ab&nbsp;<em>une transition \u00e9nerg\u00e9tique juste vers des syst\u00e8mes \u00e9nerg\u00e9tiques enti\u00e8rement renouvelables et focalis\u00e9s sur l\u2019humain<\/em>&nbsp;\u00bb et \u00ab&nbsp;<em>des politiques industrielles panafricaines qui mobilisent les ressources du continent, tout en veillant sur les populations et l\u2019environnement<\/em>&nbsp;\u00bb, voil\u00e0 pour eux les solutions afin de contourner lesdits pi\u00e8ges.<\/p>\n\n\n\n<p class=\"wp-block-paragraph\">Pr\u00e9facier du rapport, William Ruto, pr\u00e9sident du Kenya, rappelle que \u00ab&nbsp;<em>l\u2019Afrique regorge de possibilit\u00e9s et de ressources naturelles. Le potentiel d\u2019\u00e9nergies renouvelables du continent est 50 fois plus important que la demande d\u2019\u00e9lectricit\u00e9 mondiale anticip\u00e9e pour l\u2019ann\u00e9e 2040. Le continent poss\u00e8de \u00e9galement plus de 40 % des r\u00e9serves mondiales de min\u00e9raux cl\u00e9s pour les batteries et les technologies de l\u2019hydrog\u00e8ne. L\u2019Afrique compte aussi les plus vastes \u00e9tendues de terres cultivables et une population jeune : 70 % de ses habitants ont moins de 30 ans.&nbsp;<\/em>\u00bb<\/p>\n\n\n\n<p class=\"wp-block-paragraph\">Malgr\u00e9 tout cela, estiment M. Sokona et ses pairs, \u00ab&nbsp;<em>le continent restera un site o\u00f9 les autres puissances mondiales se disputent le contr\u00f4le des ressources, des march\u00e9s et des institutions<\/em>&nbsp;<em>s\u2019il ne renouvelle pas sa vision strat\u00e9gique.&nbsp;<\/em>\u00bb Le chef de l\u2019\u00c9tat k\u00e9nyan est du m\u00eame avis&nbsp;: \u00ab&nbsp;<em>R\u00e9aliser le potentiel du continent n\u00e9cessite de nouvelles approches audacieuses, \u00e0 la hauteur du d\u00e9fi existentiel pos\u00e9 par le changement climatique dont l\u2019Afrique souffre de fa\u00e7on disproportionn\u00e9e. Ces mesures audacieuses doivent s\u2019accompagner d\u2019un sentiment d\u2019urgence aigu et \u00e9viter les \u00e9cueils et pi\u00e8ges des trajectoires de mal-d\u00e9veloppement, qui ont autrefois retard\u00e9 le continent. Reproduire les erreurs du pass\u00e9 en esp\u00e9rant obtenir de nouveaux r\u00e9sultats n\u2019est pas une option.&nbsp;<\/em>\u00bb<\/p>\n\n\n\n<p class=\"wp-block-paragraph\"><strong><em>Messages cl\u00e9s<\/em><\/strong><\/p>\n\n\n\n<p class=\"wp-block-paragraph\">Le rapport met en relief quatre leviers afin de placer l\u2019Afrique sur les rampes du d\u00e9veloppement. Par rapport \u00e0 la souverainet\u00e9 alimentaire, le document souligne que le continent, \u00ab&nbsp;<em>un importateur net de nourriture<\/em>&nbsp;\u00bb, privil\u00e9gie \u00ab&nbsp;<em>les cultures de rente, pourtant tr\u00e8s on\u00e9reuses et polluantes<\/em>&nbsp;\u00bb, avant de proposer l\u2019adoption de \u00ab&nbsp;<em>pratiques agro\u00e9cologiques (favorisant) la souverainet\u00e9 alimentaire, tout en pr\u00e9servant la biodiversit\u00e9, les vari\u00e9t\u00e9s et les connaissances locales.<\/em>&nbsp;\u00bb<\/p>\n\n\n\n<p class=\"wp-block-paragraph\">En ce qui concerne la pr\u00e9carit\u00e9 \u00e9nerg\u00e9tique touchant \u00ab&nbsp;<em>plus de 600 millions d\u2019Africains<\/em>&nbsp;\u00bb, le collectif d\u2019experts ind\u00e9pendants conseille \u00ab&nbsp;<em>de passer outre l\u2019infrastructure \u00e9nerg\u00e9tique sale li\u00e9e aux combustibles fossiles responsables de la pollution de la plan\u00e8te et du changement climatique<\/em>&nbsp;\u00bb pour utiliser \u00ab&nbsp;<em>des formes d\u2019\u00e9nergies renouvelables plus propres, \u00e9conomiques et souples.&nbsp;<\/em>\u00bb<\/p>\n\n\n\n<p class=\"wp-block-paragraph\">De l\u2019avis du vice-pr\u00e9sident du Giec, \u00ab&nbsp;<em>l\u2019Afrique (qui) se trouve \u00e0 un carrefour \u00e9nerg\u00e9tique&nbsp;<\/em>\u00bb doit \u00ab&nbsp;<em>montrer au monde qu\u2019un autre d\u00e9veloppement est possible au 21e si\u00e8cle (avec la mise) en place de politiques qui accordent la priorit\u00e9 au renouvelable et laissent les combustibles fossiles dans le sol.<\/em>&nbsp;\u00bb<\/p>\n\n\n\n<p class=\"wp-block-paragraph\">Le rapport pr\u00f4ne une approche industrielle panafricaine. Ainsi, les auteurs \u00ab&nbsp;<em>somment les dirigeants africains de se lib\u00e9rer du pi\u00e8ge postcolonial de priorisation des industries d\u2019extraction, de la production \u00e0 la cha\u00eene simple et des exportations \u00e0 faible valeur ajout\u00e9e vers des pays \u00e9trangers<\/em>&nbsp;\u00bb, et de \u00ab&nbsp;<em>d\u00e9velopper les march\u00e9s int\u00e9rieurs de l\u2019Afrique, de formuler des partenariats et relations commerciales strat\u00e9giques, selon des conditions panafricaines, afin de cr\u00e9er des \u00e9conomies d\u2019\u00e9chelle dans de nouvelles industries africaines respectueuses de la soci\u00e9t\u00e9 et de l\u2019environnement.&nbsp;<\/em>\u00bb<\/p>\n\n\n\n<p class=\"wp-block-paragraph\">Enfin, promeut le document, l\u2019Afrique peut, et se doit, de formuler une vision de \u00ab&nbsp;<em>transition juste<\/em>&nbsp;\u00bb s\u2019inscrivant dans une r\u00e9flexion profonde quant \u00e0 la signification du \u00ab&nbsp;<em>d\u00e9veloppement<\/em>&nbsp;\u00bb, celui qui priorise les droits de l\u2019Homme et le bien-\u00eatre.<strong>ID\/ac\/APA<\/strong><em><\/em><\/p>\n\n\n\n<p class=\"wp-block-paragraph\"><strong><em>Le MEDS \u2018\u2019satisfait\u2019\u2019 de la loi sur les PPP et le code des march\u00e9s publics<\/em><\/strong><\/p>\n\n\n\n<p class=\"wp-block-paragraph\">Dakar, 26 mai (APS) \u2013 Le pr\u00e9sident du Mouvement des entreprises du S\u00e9n\u00e9gal (MEDS), Mbagnick Diop, s\u2019est dit &nbsp;\u00bbsatisfait&nbsp;\u00bb des derni\u00e8res modifications apport\u00e9es \u00e0 la loi relative aux partenariats public-priv\u00e9 (PPP) et au code des march\u00e9s publics en faveur du secteur priv\u00e9 s\u00e9n\u00e9galais.<\/p>\n\n\n\n<p class=\"wp-block-paragraph\"><strong><em>&nbsp;\u00bbNous sommes tr\u00e8s satisfaits parce que le secteur priv\u00e9 fait partie des inspirateurs de ces modifications&nbsp;\u00bb, a-t-il expliqu\u00e9, vendredi, lors&nbsp;d\u2019un entretien avec l\u2019APS.<\/em><\/strong><\/p>\n\n\n\n<p class=\"wp-block-paragraph\"><em>Pour lui, les modifications de cette loi sont \u2018\u2019une satisfaction, m\u00eame s\u2019il y a toujours des choses \u00e0 am\u00e9liorer\u2019\u2019.<\/em><\/p>\n\n\n\n<p class=\"wp-block-paragraph\">Il a aussi salu\u00e9 la &nbsp;\u00bbd\u00e9marche inclusive&nbsp;\u00bb de l\u2019Etat concernant les r\u00e9formes sur les march\u00e9s et sur le code des investissements. &nbsp;Avant l\u2019av\u00e8nement de l\u2019actuel r\u00e9gime, rappelle-t-il, les &nbsp;\u00bblois \u00e9taient impos\u00e9es&nbsp;\u00bb.<\/p>\n\n\n\n<p class=\"wp-block-paragraph\">Selon lui, le secteur priv\u00e9 figurait dans le comit\u00e9 de pilotage qui a travaill\u00e9 sur ces modifications pendant pr\u00e8s de deux ans.<\/p>\n\n\n\n<p class=\"wp-block-paragraph\">Il a ajout\u00e9 que le secteur priv\u00e9 a lutt\u00e9 pendant pr\u00e8s d\u2019\u2019\u2019une dizaine d\u2019ann\u00e9es\u2019\u2019 pour arriver \u00e0 ce r\u00e9sultat dont les fruits sont \u2018\u2019porteurs aujourd\u2019hui\u2019\u2019. &nbsp;\u00bbCette loi est n\u00e9cessaire&nbsp;\u00bb, a-t-il martel\u00e9, jugeant que &nbsp;\u00bble partenariat public-priv\u00e9 est fondamental&nbsp;\u00bb pour les entreprises et pour l\u2019Etat. Aussi le secteur priv\u00e9 devrait-il constituer &nbsp;\u00bble bras financier et \u00e9conomique&nbsp;\u00bb du secteur public, a-t-il estim\u00e9.<\/p>\n\n\n\n<p class=\"wp-block-paragraph\">Par ailleurs, le pr\u00e9sident du MDES a expos\u00e9 les principales difficult\u00e9s que rencontre le secteur priv\u00e9. Concernant celles auxquelles est confront\u00e9 le patronat s\u00e9n\u00e9galais, il a relev\u00e9 la question du &nbsp;\u00bbfinancement&nbsp;\u00bb, en faisant allusion \u00e0 l\u2019absence de banques d\u2019investissement mais [aussi] de banques commerciales au S\u00e9n\u00e9gal. Or, &nbsp;\u00bble secteur priv\u00e9 a toujours besoin d\u2019accompagnement dans les investissements&nbsp;\u00bb, fait-il remarquer.<\/p>\n\n\n\n<p class=\"wp-block-paragraph\">L\u2019autre difficult\u00e9 du secteur priv\u00e9 est relative \u00e0 l\u2019acc\u00e8s aux &nbsp;\u00bbgros march\u00e9s publics&nbsp;\u00bb qui \u00e9chappent au secteur priv\u00e9 \u00e0 cause de garde-fous qui cantonnent les entreprises nationales \u00e0 la sous-traitance.<\/p>\n\n\n\n<p class=\"wp-block-paragraph\">Le pr\u00e9sident du MDES signale que le secteur priv\u00e9 est en train de s\u2019organiser pour surmonter ces &nbsp;\u00bbdifficult\u00e9s&nbsp;\u00bb. Lorsqu\u2019il y a un march\u00e9 par exemple, explique-t-il, &nbsp;\u00bbles gens du m\u00eame secteur se mettent en consortium pour multiplier les chances&nbsp;\u00bb. C\u2019est une d\u00e9marche qui fonctionne, a-t-il relev\u00e9.<\/p>\n\n\n\n<p class=\"wp-block-paragraph\">Il souligne que&nbsp;les entreprises s\u00e9n\u00e9galaises ont beaucoup travaill\u00e9 avec le Programme d\u2019urgence de d\u00e9veloppement communautaire (PUDC), le Programme d\u2019urgence de modernisation des axes et territoires frontaliers (PUMA) et d\u2019autres grands projets de l\u2019Etat&nbsp;\u00bb.CS\/ASG<\/p>\n","protected":false},"excerpt":{"rendered":"<p>Un collectif d\u2019experts ind\u00e9pendants soutient que&nbsp;\u00ab&nbsp;le changement climatique, les politiques de d\u00e9veloppement mal avis\u00e9es et les d\u00e9pendances coloniales ont enferm\u00e9 les pays africains dans des pi\u00e8ges perp\u00e9tuels, notamment l\u2019endettement ext\u00e9rieur.&nbsp;\u00bb Faire de l\u2019Afrique le continent du 21e si\u00e8cle, c\u2019est le pari d\u2019un rapport de 89 pages intitul\u00e9 \u00ab&nbsp;Transition juste. Une vision pour le climat, l\u2019\u00e9nergie [&hellip;]<\/p>\n","protected":false},"author":1,"featured_media":0,"comment_status":"open","ping_status":"open","sticky":false,"template":"","format":"standard","meta":{"_jetpack_newsletter_access":"","_jetpack_dont_email_post_to_subs":false,"_jetpack_newsletter_tier_id":0,"_jetpack_memberships_contains_paywalled_content":false,"_jetpack_memberships_contains_paid_content":false,"footnotes":""},"categories":[42],"tags":[],"class_list":["post-15961","post","type-post","status-publish","format-standard","hentry","category-economie"],"jetpack_featured_media_url":"","jetpack_sharing_enabled":true,"_links":{"self":[{"href":"https:\/\/rp221.com\/index.php?rest_route=\/wp\/v2\/posts\/15961","targetHints":{"allow":["GET"]}}],"collection":[{"href":"https:\/\/rp221.com\/index.php?rest_route=\/wp\/v2\/posts"}],"about":[{"href":"https:\/\/rp221.com\/index.php?rest_route=\/wp\/v2\/types\/post"}],"author":[{"embeddable":true,"href":"https:\/\/rp221.com\/index.php?rest_route=\/wp\/v2\/users\/1"}],"replies":[{"embeddable":true,"href":"https:\/\/rp221.com\/index.php?rest_route=%2Fwp%2Fv2%2Fcomments&post=15961"}],"version-history":[{"count":0,"href":"https:\/\/rp221.com\/index.php?rest_route=\/wp\/v2\/posts\/15961\/revisions"}],"wp:attachment":[{"href":"https:\/\/rp221.com\/index.php?rest_route=%2Fwp%2Fv2%2Fmedia&parent=15961"}],"wp:term":[{"taxonomy":"category","embeddable":true,"href":"https:\/\/rp221.com\/index.php?rest_route=%2Fwp%2Fv2%2Fcategories&post=15961"},{"taxonomy":"post_tag","embeddable":true,"href":"https:\/\/rp221.com\/index.php?rest_route=%2Fwp%2Fv2%2Ftags&post=15961"}],"curies":[{"name":"wp","href":"https:\/\/api.w.org\/{rel}","templated":true}]}}