{"id":15859,"date":"2023-05-26T15:09:54","date_gmt":"2023-05-26T15:09:54","guid":{"rendered":"https:\/\/rp221.com\/?p=15859"},"modified":"2023-05-26T15:10:28","modified_gmt":"2023-05-26T15:10:28","slug":"gestion-des-recettes-issues-de-lexploitation-des-hydrocarburesles-assurances-du-ministre-aissatou-sophie-gladima-aux-deputes","status":"publish","type":"post","link":"https:\/\/rp221.com\/?p=15859","title":{"rendered":"Gestion des recettes issues de l\u2019exploitation des hydrocarbures:Les assurances du ministre A\u00efssatou Sophie Gladima aux d\u00e9put\u00e9s"},"content":{"rendered":"\n<p class=\"wp-block-paragraph\">Interpell\u00e9e par le d\u00e9put\u00e9 Aly Man\u00e9 de la majorit\u00e9 parlementaire sur la gestion des recettes issues de l\u2019exploitation des hydrocarbures, Dr A\u00efssatou Sophie Gladima, ministre du P\u00e9trole et des \u00c9nergies, aura une cons\u00e9quence positive sur notre \u00e9conomie de fa\u00e7on directe et indirecte. \u00ab&nbsp;Conscient des enjeux li\u00e9s \u00e0 un tel changement, le Pr\u00e9sident Macky Sall s\u2019est vite inscrit dans l\u2019anticipation afin de mieux pr\u00e9parer notre pays \u00e0 relever les d\u00e9fis&nbsp;\u00bb, a-t-elle fait savoir, soulignant qu\u2019entre 2018 et 2021, le chef de l\u2019Etat a initi\u00e9 plusieurs concertations dans le but de renforcer le consensus national autour de la gouvernance inclusive du secteur et de la gestion des recettes issues de l\u2019exploitation de ces ressources.<\/p>\n\n\n\n<p class=\"wp-block-paragraph\">De son avis, cela \u00ab&nbsp;a notamment permis la validation de deux principes directeurs fondamentaux, \u00e0 savoir l\u2019imp\u00e9ratif de l\u2019affectation int\u00e9grale des fonds collect\u00e9s dans le budget de l\u2019Etat et la cr\u00e9ation d\u2019un Fonds interg\u00e9n\u00e9rationnel confi\u00e9 au Fonsis, par le biais d\u2019un mandat express de l\u2019Etat, conform\u00e9ment \u00e0 la loi n\u00b0 2022-09 du 19 avril 2022 relative \u00e0 la r\u00e9partition et \u00e0 l\u2019encadrement de la gestion des recettes issues de l\u2019exploitation des hydrocarbures.<\/p>\n\n\n\n<p class=\"wp-block-paragraph\">Mme Sophie Gladima a ajout\u00e9 devant les d\u00e9put\u00e9s que beaucoup de cadres r\u00e9glementaires ont \u00e9t\u00e9 pris pour pouvoir accompagner ce nouveau secteur. \u00ab&nbsp;Jeune ing\u00e9nieur, g\u00e9ologue, Directeur de Petrosen, ministre d l\u2019Energie, Premier ministre, pr\u00e9sident de l\u2019Assembl\u00e9e nationale, le pr\u00e9sident de la R\u00e9publique qui, tr\u00e8s t\u00f4t, a compris qu\u2019il fallait mettre un cadre pour accompagner les S\u00e9n\u00e9galais, qui veillent aujourd\u2019hui que ce p\u00e9trole apporte le bonheur et la stabilit\u00e9 dans notre pays&nbsp;\u00bb, a-t-elle enfin indiqu\u00e9.S.G et A. SOW (Photo)<\/p>\n\n\n\n<p class=\"wp-block-paragraph\"><strong><em>Des entreprises belges et s\u00e9n\u00e9galaises signent 40 conventions de partenariat,selon l\u2019ambassade du royaume<\/em><\/strong><strong><em><\/em><\/strong><\/p>\n\n\n\n<p class=\"wp-block-paragraph\">Dakar, 25 mai (APS) \u2013 La mission \u00e9conomique belge men\u00e9e \u00e0 Dakar sous la direction de la princesse Astrid s\u2019est achev\u00e9e jeudi par la signature de 40 conventions de partenariat entre des entreprises du royaume et du S\u00e9n\u00e9gal, a appris l\u2019APS des services diplomatiques belges dans la capitale s\u00e9n\u00e9galaise.<\/p>\n\n\n\n<p class=\"wp-block-paragraph\"><strong><em>\u00ab&nbsp;Elle s\u2019est bien d\u00e9roul\u00e9e, et les deux parties se f\u00e9licitent du nouvel \u00e9lan initi\u00e9 par ces rencontres&nbsp;\u00bb, affirme la m\u00eame source en parlant de cette mission, dans un communiqu\u00e9.<\/em><\/strong><\/p>\n\n\n\n<p class=\"wp-block-paragraph\">Quatre entreprises du royaume de Belgique, dont Port of Antwerp Bruges International, ont sign\u00e9 un accord de partenariat pour la r\u00e9alisation du projet Jambaar, une initiative gouvernementale faisant partie du Plan S\u00e9n\u00e9gal \u00e9mergent, dont le but est de \u00ab&nbsp;rendre les ports du S\u00e9n\u00e9gal performants et de faire du S\u00e9n\u00e9gal un hub portuaire et logistique \u00e0 l\u2019horizon 2035&nbsp;\u00bb.<\/p>\n\n\n\n<p class=\"wp-block-paragraph\">C\u2019est \u00ab&nbsp;un projet dont l\u2019investissement total est estim\u00e9 entre 95 et 115 milliards de francs CFA&nbsp;\u00bb.<\/p>\n\n\n\n<p class=\"wp-block-paragraph\">En ce qui concerne la gestion industrielle des d\u00e9chets m\u00e9dicaux, \u00ab&nbsp;un enjeu majeur pour le S\u00e9n\u00e9gal&nbsp;\u00bb, l\u2019entreprise belge Ecosteryl a sign\u00e9 un accord avec le minist\u00e8re s\u00e9n\u00e9galais de la Sant\u00e9 et de l\u2019Action sociale du S\u00e9n\u00e9gal, pour lui apporter son savoir.<\/p>\n\n\n\n<p class=\"wp-block-paragraph\">\u00ab&nbsp;Ce projet national permettra l\u2019installation de six plateformes industrielles de d\u00e9contamination des d\u00e9chets biom\u00e9dicaux \u00e0 travers le pays, pour un total de 16 machines permettant de traiter jusqu\u2019\u00e0 24.000 tonnes de d\u00e9chets m\u00e9dicaux par an&nbsp;\u00bb, explique le communiqu\u00e9.<\/p>\n\n\n\n<p class=\"wp-block-paragraph\">La soci\u00e9t\u00e9 Wasser Arame, dirig\u00e9e par l\u2019entrepreneur s\u00e9n\u00e9galais Matar Niang, a d\u00e9cid\u00e9 de faire appel \u00e0 Waterleau, un partenaire belge, pour \u00ab&nbsp;jouer un r\u00f4le moteur dans la production et l\u2019approvisionnement d\u2019eau saine et de boissons fra\u00eeches&nbsp;\u00bb au S\u00e9n\u00e9gal, selon la m\u00eame source.<\/p>\n\n\n\n<p class=\"wp-block-paragraph\">L\u2019usine attendue de ce partenariat devrait \u00eatre construite pr\u00e8s de la ville de Thi\u00e8s (ouest) et aura une capacit\u00e9 de 100 m\u00e8tres cubes par jour.<\/p>\n\n\n\n<p class=\"wp-block-paragraph\"><strong><em>\u00ab&nbsp;Un accord historique&nbsp;\u00bb<\/em><\/strong><strong><em><\/em><\/strong><\/p>\n\n\n\n<p class=\"wp-block-paragraph\">La Laiterie du berger et Waterleau ont \u00e9galement nou\u00e9 un partenariat pour le traitement des eaux us\u00e9es \u00e0 Richard-Toll (nord) et \u00e0 Sandiara (ouest).<\/p>\n\n\n\n<p class=\"wp-block-paragraph\">La capacit\u00e9 de la station d\u2019\u00e9puration des eaux us\u00e9es de Richard-Toll va s\u2019\u00e9lever \u00e0 300 m\u00e8tres cubes par jour, soit la moiti\u00e9 de celle de Sandiara.<\/p>\n\n\n\n<p class=\"wp-block-paragraph\">\u00ab&nbsp;Le d\u00e9but des travaux est pr\u00e9vu au courant du second semestre de 2023, pour une mise en production dans les douze mois&nbsp;\u00bb, pr\u00e9cise le communiqu\u00e9.<\/p>\n\n\n\n<p class=\"wp-block-paragraph\">La soci\u00e9t\u00e9 belge Afrique Energies nouvelles vient de conclure \u00ab&nbsp;un accord historique&nbsp;\u00bb avec la soci\u00e9t\u00e9 s\u00e9n\u00e9galaise Bakimex, \u00ab&nbsp;pour massifier l\u2019acc\u00e8s \u00e0 l\u2019\u00e9nergie solaire dans les m\u00e9nages et les communaut\u00e9s&nbsp;\u00bb au S\u00e9n\u00e9gal, annonce l\u2019ambassade de la Belgique dans la capitale s\u00e9n\u00e9galaise.<\/p>\n\n\n\n<p class=\"wp-block-paragraph\">\u00ab&nbsp;Ces syst\u00e8mes innovants permettront aux m\u00e9nages s\u00e9n\u00e9galais de r\u00e9soudre la question de l\u2019\u00e9clairage et de la cuisson dans l\u2019esprit du d\u00e9veloppement durable&nbsp;\u00bb, souligne-t-elle.<\/p>\n\n\n\n<p class=\"wp-block-paragraph\">Un accord-cadre de collaboration a \u00e9t\u00e9 sign\u00e9 ce jeudi \u00e0 Dakar, entre le centre r\u00e9gional de formation en sant\u00e9 de Thi\u00e8s et la haute \u00e9cole L\u00e9onard-de-Vinci, selon la m\u00eame source.<\/p>\n\n\n\n<p class=\"wp-block-paragraph\">\u00ab&nbsp;Cet accord est assorti d\u2019un protocole d\u2019\u00e9changes d\u2019\u00e9tudiants et d\u2019enseignants dans les formations param\u00e9dicales&nbsp;\u00bb, poursuit l\u2019ambassade de la Belgique au S\u00e9n\u00e9gal.<\/p>\n\n\n\n<p class=\"wp-block-paragraph\">Elle affirme que plus de 180 entreprises belges \u00e9voluant dans 13 secteurs d\u2019activit\u00e9, dont l\u2019agriculture, l\u2019\u00e9ducation, les services, la pharmacie, l\u2019\u00e9nergie, l\u2019eau et l\u2019environnement, ont pris part \u00e0 la mission \u00e9conomique belge, \u00ab\u00a0sous la pr\u00e9sidence de la princesse Astrid\u00a0\u00bb, de dimanche \u00e0 jeudi.ESF\/BK<\/p>\n\n\n\n<figure class=\"wp-block-embed is-type-wp-embed is-provider-le-soleil wp-block-embed-le-soleil\"><div class=\"wp-block-embed__wrapper\">\nhttps:\/\/lesoleil.sn\n<\/div><\/figure>\n","protected":false},"excerpt":{"rendered":"<p>Interpell\u00e9e par le d\u00e9put\u00e9 Aly Man\u00e9 de la majorit\u00e9 parlementaire sur la gestion des recettes issues de l\u2019exploitation des hydrocarbures, Dr A\u00efssatou Sophie Gladima, ministre du P\u00e9trole et des \u00c9nergies, aura une cons\u00e9quence positive sur notre \u00e9conomie de fa\u00e7on directe et indirecte. \u00ab&nbsp;Conscient des enjeux li\u00e9s \u00e0 un tel changement, le Pr\u00e9sident Macky Sall s\u2019est [&hellip;]<\/p>\n","protected":false},"author":1,"featured_media":0,"comment_status":"open","ping_status":"open","sticky":false,"template":"","format":"standard","meta":{"_jetpack_newsletter_access":"","_jetpack_dont_email_post_to_subs":false,"_jetpack_newsletter_tier_id":0,"_jetpack_memberships_contains_paywalled_content":false,"_jetpack_memberships_contains_paid_content":false,"footnotes":""},"categories":[42],"tags":[],"class_list":["post-15859","post","type-post","status-publish","format-standard","hentry","category-economie"],"jetpack_featured_media_url":"","jetpack_sharing_enabled":true,"_links":{"self":[{"href":"https:\/\/rp221.com\/index.php?rest_route=\/wp\/v2\/posts\/15859","targetHints":{"allow":["GET"]}}],"collection":[{"href":"https:\/\/rp221.com\/index.php?rest_route=\/wp\/v2\/posts"}],"about":[{"href":"https:\/\/rp221.com\/index.php?rest_route=\/wp\/v2\/types\/post"}],"author":[{"embeddable":true,"href":"https:\/\/rp221.com\/index.php?rest_route=\/wp\/v2\/users\/1"}],"replies":[{"embeddable":true,"href":"https:\/\/rp221.com\/index.php?rest_route=%2Fwp%2Fv2%2Fcomments&post=15859"}],"version-history":[{"count":0,"href":"https:\/\/rp221.com\/index.php?rest_route=\/wp\/v2\/posts\/15859\/revisions"}],"wp:attachment":[{"href":"https:\/\/rp221.com\/index.php?rest_route=%2Fwp%2Fv2%2Fmedia&parent=15859"}],"wp:term":[{"taxonomy":"category","embeddable":true,"href":"https:\/\/rp221.com\/index.php?rest_route=%2Fwp%2Fv2%2Fcategories&post=15859"},{"taxonomy":"post_tag","embeddable":true,"href":"https:\/\/rp221.com\/index.php?rest_route=%2Fwp%2Fv2%2Ftags&post=15859"}],"curies":[{"name":"wp","href":"https:\/\/api.w.org\/{rel}","templated":true}]}}