{"id":15839,"date":"2023-05-25T10:31:50","date_gmt":"2023-05-25T10:31:50","guid":{"rendered":"https:\/\/rp221.com\/?p=15839"},"modified":"2023-05-25T10:32:37","modified_gmt":"2023-05-25T10:32:37","slug":"les-consequences-economiques-des-violentes-manifestations-notees-ces-temps-ci-a-dakar-et-dans-les-regions","status":"publish","type":"post","link":"https:\/\/rp221.com\/?p=15839","title":{"rendered":"Les cons\u00e9quences \u00e9conomiques des violentes manifestations not\u00e9es ces temps-ci, \u00e0 Dakar et dans les r\u00e9gions"},"content":{"rendered":"\n<p class=\"wp-block-paragraph\"><em>Les cons\u00e9quences \u00e9conomiques des violentes manifestations not\u00e9es ces temps-ci, \u00e0 Dakar et dans les r\u00e9gions,&nbsp; sont \u00e9normes. Les petits commerces, les grandes surfaces, le secteur du transport, entre autres, subissent les effets de ce ph\u00e9nom\u00e8ne d\u00fb notamment \u00e0 l\u2019affaire Adji Sarr-Ousmane Sonko.<\/em><em><\/em><\/p>\n\n\n\n<p class=\"wp-block-paragraph\"><strong><em>Au lendemain des manifestations de la semaine derni\u00e8re&nbsp; occasionn\u00e9es par le proc\u00e8s Adji Sarr-Ousmane Sonko, presque toutes les activit\u00e9s \u00e9taient \u00e0 l\u2019arr\u00eat. Trouv\u00e9 devant son atelier de r\u00e9paration de v\u00e9hicules sis aux Parcelles-Assainies, le m\u00e9canicien Arfang Thior (nom d\u2019emprunt), la quarantaine, est l\u2019un des rares propri\u00e9taires \u00e0 ouvrir son garage.<\/em><\/strong><\/p>\n\n\n\n<p class=\"wp-block-paragraph\">''Depuis ce matin, on n\u2019a rep\u00e9r\u00e9 aucune machine. On n\u2019a rien \u00e0 faire. On est fatigu\u00e9\u2019\u2019, se d\u00e9sole-t-il. Il est 17 h, mais le technicien n'a pas vu l'ombre d\u2019un client. Suite aux actes de vandalisme d\u00e9coulant des \u00e9chauffour\u00e9es entre manifestants et forces de l\u2019ordre, bon nombre d\u2019automobilistes et de conducteurs de cyclomoteurs n\u2019ont us\u00e9 leur machine. '\u2019Vous voyez comment la circulation est fluide. Presque aucune voiture ne roule\u2019\u2019, reprend M. Thior.&nbsp;<\/p>\n\n\n\n<p class=\"wp-block-paragraph\">&nbsp;Oumar Ndiaye est son coll\u00e8gue. Il note un manque \u00e0 gagner \u00e9norme. \u2018\u2019Les politiciens nous fatiguent\u2019\u2019, dit-il, demandant que l\u2019on mette un terme \u00e0 l\u2019affaire Adji Sarr-Ousmane Sonko. \u2018\u2019Il faut arr\u00eater avec cette affaire. Depuis trois ans, chaque fois que ce conflit&nbsp; judiciaire est soulev\u00e9, les probl\u00e8mes surgissent de nulle part. \u00c7a n'en vaut pas la peine\u2019\u2019, remarque M. Ndiaye.<\/p>\n\n\n\n<p class=\"wp-block-paragraph\">Au-del\u00e0 du manque \u00e0 gagner, cette situation engendre des probl\u00e8mes de mobilit\u00e9. Parce que les bus publics ainsi que les stations-service sont aussi dans le viseur des manifestants. ''Nous ne sommes pas d'accord pour les casses. Lorsque les manifestants s'attaquent aux stations d\u2019essence, par exemple, on a de s\u00e9rieux probl\u00e8mes pour s'approvisionner. Je ne me suis pas d\u00e9plac\u00e9 avec ma moto, faute de carburant. Je dois rentrer jusqu'\u00e0 Tivaouane Peulh. Et c\u2019est difficile de trouver une voiture, se d\u00e9sole-t-il.&nbsp;<\/p>\n\n\n\n<p class=\"wp-block-paragraph\">Marchand ambulant au march\u00e9 Dior, Ousmane Maal subit lui aussi les effets de ces manifs. ''On veut gagner notre vie. Mais les manifestations nous emp\u00eachent de travailler.&nbsp; Parfois \u00e7a, nous tombe dessus. Et on a des difficult\u00e9s pour transporter nos marchandises ou les mettre \u00e0 l\u2019abri\u2019\u2019, soutient le jeune homme qui tend une robe aux passants. \u00c0 un jet de pierre, le supermarch\u00e9 Auchan est ferm\u00e9. L'enseigne \u2018\u2019Bonjour\u2019\u2019 est cass\u00e9e. Cela renseigne sur la fureur des manifestants qui \u00e9taient de passage. La station Totale, quant \u00e0 elle,&nbsp; reste ouverte. Les&nbsp; pompistes qu\u2019on y trouve vivent dans une peur bleue. Ils craignent surtout pour leur avenir. ''Nous sommes paniqu\u00e9s \u00e0 chaque p\u00e9riode de manifestations. On a peur pour notre avenir. Un avenir sombre\u2019\u2019, s\u2019alarme&nbsp; le pompiste que l\u2019on surnomme l\u2019Ancien. Il demande au pr\u00e9sident de la R\u00e9publique de r\u00e9gler ce probl\u00e8me. Parce que, dit-il, la paix est la premi\u00e8re phase de la s\u00e9curit\u00e9.<em><\/em><\/p>\n\n\n\n<p class=\"wp-block-paragraph\"><strong><em>Chauffeurs de taxi et conducteurs de \u2018\u2019thiak thiak\u2019\u2019 au ch\u00f4mage partiel<\/em><\/strong><em><\/em><\/p>\n\n\n\n<p class=\"wp-block-paragraph\">Il est 19 h. Chauffeur de taxi, Basse Anta Diop s'appr\u00eate d\u00e9j\u00e0 \u00e0 rentrer chez lui. Il ne veut&nbsp; prendre aucun risque. ''En ces p\u00e9riodes-l\u00e0, d\u00e8s le cr\u00e9puscule, je gare ma voiture. Le lendemain, d\u00e8s que les manifestations reprennent, j\u2019arr\u00eate de conduire'', dit-il.<\/p>\n\n\n\n<p class=\"wp-block-paragraph\">Pape Diop, chauffeur, palabre avec des amis au garage clando Dior-Yoff. Il se d\u00e9sole des saccages. ''C'est nous qui payons les pots cass\u00e9s. Il faut surtout \u00e9viter d'emp\u00eacher les S\u00e9n\u00e9galais de travailler'', dit-il, soulignant que ce sont nos compatriotes qui sont employ\u00e9s dans les grandes surfaces et les stations d'essence. Son camarade Birame Fall, taximan \u00e2g\u00e9 de 25 ans, n'a \u00e9galement&nbsp; pas pris service. ''Ce qui me fait de la peine, ce sont les pertes en vies humaines'', dit-il.<\/p>\n\n\n\n<p class=\"wp-block-paragraph\">De son c\u00f4t\u00e9, Mor Diop, assis sur un bidon \u00e0 c\u00f4t\u00e9 de quatre scooters align\u00e9s devant un atelier de r\u00e9paration, est pr\u00e9occup\u00e9 par autre chose. Chapelet \u00e0 la main, v\u00eatu d\u2019un polo bleu et d\u2019un super jean noir, il est conducteur de \u2018\u2019Thiak-thiak\u2019\u2019. Lui aussi n\u2019a pas travaill\u00e9 apr\u00e8s les derni\u00e8res manifestations. ''Macky Sall avait dit qu'il allait mettre le coude sur les dossiers br\u00fblants pour apaiser. Alors pourquoi il ne le fait pas&nbsp; pour ce dossier-l\u00e0 qui est en train de mettre le pays \u00e0 feu et \u00e0 sang&nbsp;?'', dit le jeune homme. \u2019\u2019J\u2019ai gar\u00e9 mon engin le temps que cette temp\u00eate passe un peu. C'est plus s\u00fbr'', dit-il. Le manque \u00e0 gagner semble ne pas l\u2019effrayer. \u2018\u2019Qu'on reste une semaine sans travailler, \u00e7a m'est \u00e9gal. L'essentiel, c'est que Macky parte. Une fois parti, on se met \u00e0 reconstruire le pays'', a-t-il ajout\u00e9.<\/p>\n\n\n\n<p class=\"wp-block-paragraph\">L'un de ses compagnons est du m\u00eame avis. \u2018\u2019Quoi qui puisse arriver, il faut que Sonko soit \u00e9ligible pour l'\u00e9lection pr\u00e9sidentielle de 2024'', mart\u00e8le-t-il. \u2018\u2019Aujourd\u2019hui, beaucoup n'ont pas boss\u00e9 parce qu\u2019une manifestation a \u00e9t\u00e9 annonc\u00e9e'', constate Abdoulaye Sy, vendeur de lunettes, de montres et d\u2019accessoires de t\u00e9l\u00e9phones portables trouv\u00e9 \u00e0 Yoff.&nbsp;<\/p>\n\n\n\n<p class=\"wp-block-paragraph\">La situation est telle qu\u2019\u00e0 chaque tenue d\u2019un proc\u00e8s de Sonko, les \u00e9coles ferment.<\/p>\n\n\n\n<p class=\"wp-block-paragraph\"><strong><em>R\u00e9gulation du secteur postal:Abdou Karim Sall plaide pour une n\u00e9cessaire collaboration entre administrations<\/em><\/strong><\/p>\n\n\n\n<figure class=\"wp-block-embed\"><div class=\"wp-block-embed__wrapper\">\nhttps:\/\/www.enqueteplus.com\/\n<\/div><\/figure>\n","protected":false},"excerpt":{"rendered":"<p>Les cons\u00e9quences \u00e9conomiques des violentes manifestations not\u00e9es ces temps-ci, \u00e0 Dakar et dans les r\u00e9gions,&nbsp; sont \u00e9normes. Les petits commerces, les grandes surfaces, le secteur du transport, entre autres, subissent les effets de ce ph\u00e9nom\u00e8ne d\u00fb notamment \u00e0 l\u2019affaire Adji Sarr-Ousmane Sonko. Au lendemain des manifestations de la semaine derni\u00e8re&nbsp; occasionn\u00e9es par le proc\u00e8s Adji [&hellip;]<\/p>\n","protected":false},"author":1,"featured_media":0,"comment_status":"open","ping_status":"open","sticky":false,"template":"","format":"standard","meta":{"_jetpack_newsletter_access":"","_jetpack_dont_email_post_to_subs":false,"_jetpack_newsletter_tier_id":0,"_jetpack_memberships_contains_paywalled_content":false,"_jetpack_memberships_contains_paid_content":false,"footnotes":""},"categories":[42],"tags":[],"class_list":["post-15839","post","type-post","status-publish","format-standard","hentry","category-economie"],"jetpack_featured_media_url":"","jetpack_sharing_enabled":true,"_links":{"self":[{"href":"https:\/\/rp221.com\/index.php?rest_route=\/wp\/v2\/posts\/15839","targetHints":{"allow":["GET"]}}],"collection":[{"href":"https:\/\/rp221.com\/index.php?rest_route=\/wp\/v2\/posts"}],"about":[{"href":"https:\/\/rp221.com\/index.php?rest_route=\/wp\/v2\/types\/post"}],"author":[{"embeddable":true,"href":"https:\/\/rp221.com\/index.php?rest_route=\/wp\/v2\/users\/1"}],"replies":[{"embeddable":true,"href":"https:\/\/rp221.com\/index.php?rest_route=%2Fwp%2Fv2%2Fcomments&post=15839"}],"version-history":[{"count":0,"href":"https:\/\/rp221.com\/index.php?rest_route=\/wp\/v2\/posts\/15839\/revisions"}],"wp:attachment":[{"href":"https:\/\/rp221.com\/index.php?rest_route=%2Fwp%2Fv2%2Fmedia&parent=15839"}],"wp:term":[{"taxonomy":"category","embeddable":true,"href":"https:\/\/rp221.com\/index.php?rest_route=%2Fwp%2Fv2%2Fcategories&post=15839"},{"taxonomy":"post_tag","embeddable":true,"href":"https:\/\/rp221.com\/index.php?rest_route=%2Fwp%2Fv2%2Ftags&post=15839"}],"curies":[{"name":"wp","href":"https:\/\/api.w.org\/{rel}","templated":true}]}}