{"id":15835,"date":"2023-05-25T10:20:52","date_gmt":"2023-05-25T10:20:52","guid":{"rendered":"https:\/\/rp221.com\/?p=15835"},"modified":"2023-05-25T10:23:41","modified_gmt":"2023-05-25T10:23:41","slug":"ponctuel-comme-a-son-habitude-le-president-egyptien-abdel-fattah-al-sissi-a-procede","status":"publish","type":"post","link":"https:\/\/rp221.com\/?p=15835","title":{"rendered":"Ponctuel comme \u00e0 son habitude, le Pr\u00e9sident \u00e9gyptien Abdel Fattah al-Sissi\u00a0a proc\u00e9d\u00e9"},"content":{"rendered":"\n<p class=\"wp-block-paragraph\"><strong>Ponctuel comme \u00e0 son habitude, le Pr\u00e9sident \u00e9gyptien Abdel Fattah al-Sissi<\/strong>&nbsp;a proc\u00e9d\u00e9, le 23 mai 2022 \u00e0 09 heures tapantes, \u00e0 l\u2019ouverture officielle des Assembl\u00e9es Annuelles de la Banque Africaine de D\u00e9veloppement en pr\u00e9sence de ses homologues Azali Assoumani, pr\u00e9sident des Comores et pr\u00e9sident en exercice de l\u2019Union Africaine. Reconnaissable \u00e0 son \u00e9charpe aux couleurs rainbow de son pays, le zimbabw\u00e9en Emmerson Mnangagwa \u00e9tait aussi pr\u00e9sent \u00e0 l\u2019ouverture. Idem pour le pr\u00e9sident de la Commission de l\u2019Union Africaine, Moussa Faki Mahamat, qui a emport\u00e9 l\u2019assistance par la citation d\u2019un po\u00e8me de l\u2019immortel Naguib Mahfoud. Face \u00e0 ce cercle pr\u00e9sidentiel, le pr\u00e9sident Akinwumi Adesina est revenu sur l\u2019urgence climatique, appelant \u00e0 mobiliser plus de fonds en faveur du climat.&nbsp;<\/p>\n\n\n\n<p class=\"wp-block-paragraph\"><strong><em>La Grande Bretagne sort le ch\u00e9quier.<\/em><\/strong><em>&nbsp;<\/em><\/p>\n\n\n\n<p class=\"wp-block-paragraph\">Le ministre \u00e9gyptien de la Coop\u00e9ration internationale, Dr Rania Al Mashat, le ministre britannique du D\u00e9veloppement et de l\u2019Afrique, Andrew Mitchell et le pr\u00e9sident du Groupe de la Banque africaine de d\u00e9veloppement, Dr Akinwumi Adesina, devaient tenir une conf\u00e9rence de presse le 24 mai 2023 pour annoncer le soutien aux premiers projets dans le cadre du programme britannique de 2&nbsp;$ milliards de garantie Room2Run. Les projets comprennent l\u2019usine de traitement des eaux us\u00e9es de Gabel El Asfar en \u00c9gypte, consid\u00e9r\u00e9e comme l\u2019une des plus grandes usines de traitement des eaux us\u00e9es en Afrique et au Moyen-Orient.<\/p>\n\n\n\n<p class=\"wp-block-paragraph\"><strong><em>A propos de la transaction Room to Run Sovereign<\/em><\/strong><em>.<\/em><\/p>\n\n\n\n<p class=\"wp-block-paragraph\">&nbsp;Structur\u00e9e dans le but d\u2019intensifier les engagements du Groupe de la Banque africaine de d\u00e9veloppement en faveur du financement climatique,&nbsp;<strong>la transaction Room to Run Sovereign initi\u00e9e par la BAD va mobiliser&nbsp;<\/strong>&nbsp;jusqu\u2019\u00e0 2 milliards de dollars et contribuer ainsi \u00e0 aider les pays africains \u00e0 atteindre leurs objectifs des contributions d\u00e9termin\u00e9es au niveau national (CND).<br>L\u2019accord de garantie souveraine a \u00e9t\u00e9 sign\u00e9 entre la BAD et le Royaume-Uni en mai 2022.<\/p>\n\n\n\n<p class=\"wp-block-paragraph\"><strong>La Fondation africaine de technologie pharmaceutique (APTF<\/strong>)&nbsp;&nbsp;cr\u00e9\u00e9e en juin 2022 par la Banque africaine de d\u00e9veloppement \u00e0 l\u2019initiative des \u00c9tats membres de l\u2019Union africaine a tenu une conf\u00e9rence le 22 mai 2022 en marge des assembl\u00e9es de la Banque Africaine de D\u00e9veloppement (BAD).&nbsp;L\u2019objectif de la&nbsp;<strong>Fondation africaine de technologie pharmaceutique (APTF<\/strong>)&nbsp;&nbsp;est d\u2019accompagner le continent dans sa souverainet\u00e9 pharmaceutique, explique le professeur Padmashree Gehl Sampath, conseiller principal du pr\u00e9sident de la Banque en mati\u00e8re de produits pharmaceutiques et de sant\u00e9. Pour rappel, l\u2019Afrique importe plus de 70 % des m\u00e9dicaments dont elle a besoin, pour un co\u00fbt annuel estim\u00e9 \u00e0 14 milliards de dlls.<\/p>\n\n\n\n<p class=\"wp-block-paragraph\"><strong><em>400 + 130 millions de dollars<\/em><\/strong><em>.<\/em><\/p>\n\n\n\n<p class=\"wp-block-paragraph\">La Banque arabe pour le d\u00e9veloppement \u00e9conomique en Afrique (BADEA) et la Banque Ouest Africaine de D\u00e9veloppement (BOAD) ent\u00e9rinent ce 24 mai 2023 \u00e0 Charm El Cheikh (photo) l\u2019accord d\u2019augmentation de capital. Concr\u00e8tement, la BADEA injectera 400 millions de dollars pour financer la souscription des \u00c9tats dans l\u2019augmentation de capital de la BOAD.&nbsp;&nbsp;En outre, la BADEA va accorder 130 milliards de dollars de dettes subordonn\u00e9s \u00e0 la Banque Ouest Africaine.<\/p>\n\n\n\n<p class=\"wp-block-paragraph\"><strong>Un M\u00e9morandum d\u2019entente (MOU)<\/strong>&nbsp;a \u00e9t\u00e9 sign\u00e9 le 24 mai 2023 en marge des assembl\u00e9es de la BAD entre les gouverneurs de la circonscription BDIR 15 comprenant la Gambie, le Ghana, le Liberia, la Sierra Leone et le Soudan. Objectif de la convention, am\u00e9liorer la croissance \u00e9conomique interne tout en soutenant une Banque Africaine de D\u00e9veloppement Forte.<\/p>\n\n\n\n<p class=\"wp-block-paragraph\"><strong>Le pr\u00e9sident Malgache Andry Rajoelina&nbsp;<\/strong>a officiellement r\u00e9ceptionn\u00e9 le Super Prix Babacar Ndiaye pour son engagement dans la construction des infrastructures de d\u00e9veloppement et de d\u00e9senclavement. Le pr\u00e9sident \u00e9tait \u00e0 la c\u00e9r\u00e9monie de remise, tenue \u00e0 Charm El Cheikh, en marge des Assembl\u00e9es g\u00e9n\u00e9rales de la BAD, par une d\u00e9l\u00e9gation de haut niveau, dirig\u00e9e par la Ministre de l\u2019\u00e9conomie et des finances, gouverneur de la BAD, Madame Rindra Hasimbelo RABARINIRINARISON, le Conseiller Diplomatique et de la Coop\u00e9ration \u00c9conomique du Pr\u00e9sident, Monsieur Patrick RAJOELINA ainsi que Lova Hasinirina RANOROMARO, porte-parole de la pr\u00e9sidence. Le Troph\u00e9e Babacar a \u00e9t\u00e9 remis par le commissaire g\u00e9n\u00e9ral de Africa Road Builders (ARB), Barthelemy Kouam\u00e9, en pr\u00e9sence de Alassane Ndiaye, fils de Babacar Ndiaye, repr\u00e9sentant la famille et qui a prononc\u00e9 un discours fort \u00e0 propos \u00e0 propos de l\u2019esprit de cette distinction destin\u00e9e aux b\u00e2tisseurs des routes et des \u00e9conomies.&nbsp;<\/p>\n\n\n\n<p class=\"wp-block-paragraph\">Les assembl\u00e9es g\u00e9n\u00e9rales de la BAD qui ont lieu du 22 au 26 mai comprennent une s\u00e9rie d\u2019\u00e9v\u00e9nements dont le lancement des perspectives de l\u2019Afrique. Il s\u2019agit d\u2019un exercice de perspective conduit par l\u2019\u00e9conomique de la BAD et qui \u00e9tablira des projections de croissance du continent et des pays.&nbsp;<strong><em><\/em><\/strong><\/p>\n\n\n\n<p class=\"wp-block-paragraph\"><strong><em>Pr\u00e8s de 19 milliards pour<\/em><\/strong><strong><em>&nbsp;<\/em><\/strong><strong><em>l\u2019am\u00e9lioration de la prise en<\/em><\/strong><strong><em>&nbsp;<\/em><\/strong><strong><em>charge sanitaire<\/em><\/strong><strong><em><\/em><\/strong><\/p>\n\n\n\n<p class=\"wp-block-paragraph\">Dakar, 23 mai (APS) \u2013 Le gouvernement du S\u00e9n\u00e9gal, a sign\u00e9, mardi \u00e0 Dakar, une lettre d\u2019ex\u00e9cution avec l\u2019agence des Etats-Unis pour le d\u00e9veloppement international (USAID) destin\u00e9e au financement de la troisi\u00e8me phase du projet \u00ab&nbsp;Ndamir&nbsp;\u00bb pour un montant de trente-et-un millions de dollars US, soit environ 18,8 milliards de francs CFA.<\/p>\n\n\n\n<p class=\"wp-block-paragraph\"><strong><em>Le Projet Ndamir vise \u00e0 r\u00e9duire le nombre de d\u00e9c\u00e8s \u00e9vitables de m\u00e8res et d\u2019enfants et appuyer la mise en \u0153uvre du programme national de lutte contre le paludisme (PNLP), en vue d\u2019am\u00e9liorer la prise en charge des risques sanitaires gr\u00e2ce \u00e0 des r\u00e9gimes d\u2019assurance maladie communautaire.<\/em><\/strong><\/p>\n\n\n\n<p class=\"wp-block-paragraph\">Pour sa troisi\u00e8me phase, il couvre la p\u00e9riode 2023-2026 de la nouvelle strat\u00e9gie du bureau de sant\u00e9 de l\u2019USAID.<\/p>\n\n\n\n<p class=\"wp-block-paragraph\">\u2018\u2019Cet important concours financier du gouvernement am\u00e9ricain traduit la confiance et l\u2019amiti\u00e9 entre nos deux pays et t\u00e9moigne du dynamisme de la coop\u00e9ration s\u00e9n\u00e9galo-am\u00e9ricaine. La lettre d\u2019ex\u00e9cution que nous venons de signer porte sur un montant de trente-et-un millions (31 000 000) de dollars US, soit environ 18,8 milliards F CFA, destin\u00e9s au financement du \u2018\u2019Projet NDAMIR 3\u2019\u2019, a d\u00e9clar\u00e9 Moustapha Ba, le ministre des Finances et du Budget, en pr\u00e9sence de l\u2019ambassadeur des Etats-Unis au S\u00e9n\u00e9gal, Michael Raynor et de l\u2019administratrice adjointe de l\u2019USAID, Paloma Adams-Allen, ainsi que des repr\u00e9sentants du minist\u00e8re de la Sant\u00e9 et de l\u2019Action sociale.<\/p>\n\n\n\n<p class=\"wp-block-paragraph\">\u2018\u2019En acceptant de financer cet ambitieux projet, vous comptez, une nouvelle fois, soutenir les efforts du gouvernement du S\u00e9n\u00e9gal pour le d\u00e9veloppement du secteur de la sant\u00e9. Sans doute vous avez compris la place primordiale qu\u2019occupe la sant\u00e9 dans le PSE, nouveau r\u00e9f\u00e9rentiel des politiques publiques de l\u2019Etat du S\u00e9n\u00e9gal\u2019\u2019, a ajout\u00e9 le ministre.<\/p>\n\n\n\n<p class=\"wp-block-paragraph\">Moustapha Ba s\u2019est f\u00e9licit\u00e9 du succ\u00e8s du \u2018\u2019Projet Ndamir2\u2019\u2019 qui, \u2018\u2019ayant f\u00e9d\u00e9r\u00e9 le PNLP et le projet d\u2019am\u00e9lioration de la sant\u00e9 de la m\u00e8re, de l\u2019enfant et du syst\u00e8me d\u2019information sanitaire (PASMESSIS)&nbsp;\u00bb, a permis de renforcer les capacit\u00e9s des r\u00e9gions de Kaffrine, Kaolack et Ziguinchor dans la mise en \u0153uvre des interventions \u00e0 haut impact pour la r\u00e9duction de la mortalit\u00e9 maternelle, infanto-juv\u00e9nile et n\u00e9onatale.<\/p>\n\n\n\n<p class=\"wp-block-paragraph\"><strong><em>A travers ce \u2019\u2019projet Ndamir2&nbsp;\u00bb, &nbsp;\u00bbl\u2019USAID a accompagn\u00e9 \u00e9galement le gouvernement du S\u00e9n\u00e9gal dans la mise en \u0153uvre de la couverture maladie universelle (CMU) \u00e0 travers les mutuelles de sant\u00e9&nbsp;\u00bb, s\u2019est-il-r\u00e9joui.<\/em><\/strong><\/p>\n\n\n\n<p class=\"wp-block-paragraph\">Il a magnifi\u00e9 aussi &nbsp;\u00bbla volont\u00e9 et l\u2019engagement du gouvernement am\u00e9ricain \u00e0 recourir au m\u00e9canisme de financement direct appel\u00e9 \u2018\u2019gouvernement \u00e0 gouvernement\u2019\u2019 dans le cadre de l\u2019ex\u00e9cution du programme de coop\u00e9ration entre les deux pays qui permet d\u2019aligner l\u2019assistance am\u00e9ricaine aux priorit\u00e9s nationales, \u00e0 la r\u00e9duction des co\u00fbts de transactions, \u00e0 l\u2019accroissement de la redevabilit\u00e9, \u00e0 la responsabilisation des acteurs locaux et \u00e0 la p\u00e9rennisation des r\u00e9sultats&nbsp;\u00bb.<\/p>\n\n\n\n<p class=\"wp-block-paragraph\">Le ministre s\u00e9n\u00e9galais des Finances et Budget a plaid\u00e9 par ailleurs pour un renforcement et un \u00e9largissement de ce pertinent m\u00e9canisme gouvernemental \u00e0 d\u2019autres secteurs. Il a manifest\u00e9 l\u2019engagement du gouvernement \u00e0 mettre \u00e0 la disposition des minist\u00e8res b\u00e9n\u00e9ficiaires des programmes des ressources financi\u00e8res suffisantes pour la prise en charge d\u2019activit\u00e9s dans le cadre des projets ex\u00e9cut\u00e9s suivant le m\u00e9canisme de financement direct.<\/p>\n\n\n\n<p class=\"wp-block-paragraph\">L\u2019administratrice adjointe de l\u2019USAID, Paloma Adams-Allen, s\u2019est f\u00e9licit\u00e9e pour sa part de la signature de nouveau projet qui r\u00e9affirme l\u2019engagement l\u2019USAID \u00e0 travailler directement avec le gouvernement du S\u00e9n\u00e9gal et d\u2019autres partenaires locaux pour concevoir, financer et mettre en \u0153uvre des interventions de d\u00e9veloppement.<\/p>\n\n\n\n<p class=\"wp-block-paragraph\">Elle a annonc\u00e9 que pour cette ann\u00e9e, \u2018\u2019l\u2019USAID pr\u00e9voit de programmer plus de 45 milliards de francs FCA, soit 75 millions de dollars pour des activit\u00e9s li\u00e9es \u00e0 la sant\u00e9 au S\u00e9n\u00e9gal\u2019\u2019.<\/p>\n\n\n\n<p class=\"wp-block-paragraph\">\u2018\u2019L\u2019USAID a fourni plus de 14 milliards de francs FCA soit 24 millions de dollars pour soutenir la r\u00e9ponse au Covid-19\u2019\u2019, a-t-elle rappel\u00e9 ABD\/OID\/ASB<em><\/em><\/p>\n\n\n\n<p class=\"wp-block-paragraph\"><strong><em>Raffinerie Dangotte:deuil \u00e0 Gen\u00e8ve Par Moustapha DIAKHATE<\/em><\/strong><em><\/em><\/p>\n\n\n\n<p class=\"wp-block-paragraph\">En pr\u00e9sence des sommit\u00e9s politiques et \u00e9conomiques du continent, ce 22 mai 2023 fera date sur le continent, en effet&nbsp;&nbsp;la premi\u00e8re raffinerie priv\u00e9e&nbsp; du continent install\u00e9e&nbsp;&nbsp;au&nbsp;&nbsp;Nigeria initi\u00e9e et mise en \u0153uvre par la&nbsp;&nbsp;&nbsp;premi\u00e8re fortune d\u2019Afrique Aliko Dangote d\u00e9marre ses activit\u00e9s industrielles avec l\u2019ambition de sortir l\u2019Afrique de l\u2019Ouest&nbsp;&nbsp;des griffes des n\u00e9gociants genevois.<\/p>\n\n\n\n<p class=\"wp-block-paragraph\"><strong><em>&nbsp;Un \u00e9chafaudage d\u2019alliage de toutes sortes&nbsp;&nbsp;et de tuyaux, la m\u00e9ga-raffinerie de Dangotte&nbsp;&nbsp;ambitionne de couvrir les besoins du Nigeria en essence, gasoil et k\u00e9ros\u00e8ne en transformant les deux tiers de la production de brut du pays. Un brut avec une teneur en soufre tr\u00e8s faible qui facilite son raffinage et alimente d\u2019ailleurs&nbsp;&nbsp;le vol de p\u00e9trole le long du delta du Niger et la prolif\u00e9ration de raffineries clandestines.<\/em><\/strong><\/p>\n\n\n\n<p class=\"wp-block-paragraph\">C\u2019est un accomplissement majeur pour l\u2019Afrique et son secteur priv\u00e9, Ce fleuron&nbsp;&nbsp;industriel de&nbsp;&nbsp;18,5 milliards de dollars porte les&nbsp;&nbsp;ambitions&nbsp;&nbsp;d\u2019un pays gigantesque et riche avec&nbsp;&nbsp;une population de 215 millions d'habitants,&nbsp;&nbsp;&nbsp;1<sup>er<\/sup>&nbsp;PIB du continent avec&nbsp;&nbsp;550 milliards de dollars US et qui extrait de son sous \u2013 sol pas moins de 1&nbsp;000&nbsp;000 de barils par jour loin du pic de trois millions de baril il y\u2019a dix ans&nbsp;&nbsp;avec des&nbsp;&nbsp;r\u00e9serves qui&nbsp;&nbsp;atteignent 37 milliards de barils de brut. C\u2019est un eldorado \u00e9nerg\u00e9tique si nous y ajoutons le gaz.<\/p>\n\n\n\n<p class=\"wp-block-paragraph\">Pour pallier son d\u00e9ficit chronique en produits p\u00e9troliers raffin\u00e9s, le Nigeria \u00e9change souvent&nbsp;&nbsp;&nbsp;son p\u00e9trole brut&nbsp;&nbsp;contre du carburant import\u00e9, qu'il subventionne par la suite, pour garder un prix artificiellement bas sur le march\u00e9, cr\u00e9ant un gouffre financier \u00e9norme. Ainsi, en 2020, le g\u00e9ant \u00e9conomique de la CEDEAO&nbsp;&nbsp;a d\u00e9pens\u00e9 7,78 milliards de dollars pour importer des produits p\u00e9troliers raffin\u00e9s. En 2021,&nbsp;&nbsp;ces importations ont augment\u00e9 de 45 % pour atteindre 11,3 milliards de dollars d\u2019o\u00f9 le soulagement avec la raffinerie Dangotte.<\/p>\n\n\n\n<p class=\"wp-block-paragraph\">Avec l\u2019obsolescence des raffineries publiques sur le continent, les traders et n\u00e9gociants genevois ont fait de l\u2019Afrique avec le Nigeria en t\u00eate leur chasse gard\u00e9e. On estime \u00e0&nbsp;plus de&nbsp;6 millions de barils quotidiens les besoins dans les dix prochaines ann\u00e9es pour le continent africain. La demande de produits p\u00e9troliers&nbsp;&nbsp;raffin\u00e9s est trop lucrative sur le continent malgr\u00e9 la fiscalit\u00e9 et la parafiscalit\u00e9 \u00e9lev\u00e9es&nbsp;&nbsp;ainsi les&nbsp;&nbsp;marges sont aussi &nbsp;&nbsp;parmi les plus \u00e9lev\u00e9es du monde de l'ordre de 5 % \u00e0 10 %&nbsp;&nbsp;\u2013 dans un contexte ou&nbsp; la capacit\u00e9 de raffinage du continent est&nbsp;&nbsp;en chute libre . Ainsi&nbsp; Les g\u00e9ants internationaux du secteur, Glencore, Trafigura, Vitol, Mercuria et Oryx Energies, pilot\u00e9s et d\u00e9tenus par des Europ\u00e9ens, occupent une position dominante sur le continent. Ils sont tous install\u00e9s en Suisse \u00e0 Gen\u00e8ve notamment et font valser tankers et m\u00e9thaniers \u00e0 partir des ports d\u2019 Anvers-Rotterdam-Amsterdam&nbsp;&nbsp;. Les produits p\u00e9troliers&nbsp;&nbsp;qu\u2019ils vendent et acheminent sur le continent souvent&nbsp;&nbsp;aux prix forts&nbsp;&nbsp;&nbsp;ne respectent aucune norme environnementale et sanitaire mais comme nos raffineries&nbsp;&nbsp;sont presque&nbsp;&nbsp;\u00e0 l\u2019arr\u00eat, l'Afrique&nbsp;&nbsp;avec des l\u00e9gislations&nbsp;&nbsp;inadapt\u00e9es, un&nbsp; contr\u00f4le inexistant&nbsp;&nbsp;et les maffia politico-affairistes de pays du continent&nbsp;&nbsp;ferme les yeux de peur d\u2019\u00e9meutes et soul\u00e8vement populaires pour cause de p\u00e9nurie d\u2019essence et d\u2019\u00e9lectricit\u00e9s. Leur oligopole est parmi les plus lucratives dans le commerce entre l\u2019Europe et l\u2019Afrique d\u00e9j\u00e0 Vitol le g\u00e9ant genevois caracole en t\u00eate avec plus de 300 milliards de dollars US de chiffre d'affaires dans ses activit\u00e9s avec l\u2019Afrique.<\/p>\n\n\n\n<p class=\"wp-block-paragraph\"><strong><em>Et comme l\u2019app\u00e9tit vient en mangeant, des soci\u00e9t\u00e9s comme Puma (filiale de Trafigura) et Vivo Energy ( Groupe Vitol) s\u2019y sont taill\u00e9 de vastes empires p\u00e9troliers.Elles contr\u00f4lent la distribution d\u2019essence du Maroc au Mozambique (o\u00f9 Vitol d\u00e9tient 100% du march\u00e9) et l'Afrique apporte plus du quart de ses profits \u00e0 Trafigura. Elles profitent de nos \u00e9conomies d\u00e9sarticul\u00e9es.<\/em><\/strong><\/p>\n\n\n\n<p class=\"wp-block-paragraph\">D\u2019autres grands acteurs comme Gunvor ou Litasco (tous deux bas\u00e9s \u00e0 Gen\u00e8ve) figurent parmi les nouveaux fournisseurs de produits p\u00e9troliers en Afrique, un march\u00e9 en croissance rapide avec la mobilit\u00e9 de la classe moyenne sur le continent et la demande d\u2019\u00e9lectricit\u00e9.&nbsp;<\/p>\n\n\n\n<p class=\"wp-block-paragraph\">Avec l\u2019arriv\u00e9e de la m\u00e9ga-raffinerie de Dangotte, la mise \u00e0 niveau de la SIR et de la SAR, c\u2019est le deuil qui commence pour les n\u00e9gociants\u00a0\u00a0genevois peu scrupuleux selon l\u2019ONG Public Eye ,\u00a0\u00a0Aliko Dangote leur \u00e0 ass\u00e9n\u00e9 hier le coup fatal avec son \u0153uvre pharaonique, Dakar, Abidjan, Johanesbourg\u00a0et Rabat leur\u00a0pr\u00e9parent\u00a0\u00a0l\u2019estocade finale. L\u2019Afrique enfin se r\u00e9veille.Ex Cons. Special Pm,Cons. Et Expert Infrastructure<\/p>\n\n\n\n<figure class=\"wp-block-embed\"><div class=\"wp-block-embed__wrapper\">\nhttps:\/\/www.financialafrik.com\n<\/div><\/figure>\n","protected":false},"excerpt":{"rendered":"<p>Ponctuel comme \u00e0 son habitude, le Pr\u00e9sident \u00e9gyptien Abdel Fattah al-Sissi&nbsp;a proc\u00e9d\u00e9, le 23 mai 2022 \u00e0 09 heures tapantes, \u00e0 l\u2019ouverture officielle des Assembl\u00e9es Annuelles de la Banque Africaine de D\u00e9veloppement en pr\u00e9sence de ses homologues Azali Assoumani, pr\u00e9sident des Comores et pr\u00e9sident en exercice de l\u2019Union Africaine. Reconnaissable \u00e0 son \u00e9charpe aux couleurs [&hellip;]<\/p>\n","protected":false},"author":1,"featured_media":0,"comment_status":"open","ping_status":"open","sticky":false,"template":"","format":"standard","meta":{"_jetpack_newsletter_access":"","_jetpack_dont_email_post_to_subs":false,"_jetpack_newsletter_tier_id":0,"_jetpack_memberships_contains_paywalled_content":false,"_jetpack_memberships_contains_paid_content":false,"footnotes":""},"categories":[42],"tags":[],"class_list":["post-15835","post","type-post","status-publish","format-standard","hentry","category-economie"],"jetpack_featured_media_url":"","jetpack_sharing_enabled":true,"_links":{"self":[{"href":"https:\/\/rp221.com\/index.php?rest_route=\/wp\/v2\/posts\/15835","targetHints":{"allow":["GET"]}}],"collection":[{"href":"https:\/\/rp221.com\/index.php?rest_route=\/wp\/v2\/posts"}],"about":[{"href":"https:\/\/rp221.com\/index.php?rest_route=\/wp\/v2\/types\/post"}],"author":[{"embeddable":true,"href":"https:\/\/rp221.com\/index.php?rest_route=\/wp\/v2\/users\/1"}],"replies":[{"embeddable":true,"href":"https:\/\/rp221.com\/index.php?rest_route=%2Fwp%2Fv2%2Fcomments&post=15835"}],"version-history":[{"count":0,"href":"https:\/\/rp221.com\/index.php?rest_route=\/wp\/v2\/posts\/15835\/revisions"}],"wp:attachment":[{"href":"https:\/\/rp221.com\/index.php?rest_route=%2Fwp%2Fv2%2Fmedia&parent=15835"}],"wp:term":[{"taxonomy":"category","embeddable":true,"href":"https:\/\/rp221.com\/index.php?rest_route=%2Fwp%2Fv2%2Fcategories&post=15835"},{"taxonomy":"post_tag","embeddable":true,"href":"https:\/\/rp221.com\/index.php?rest_route=%2Fwp%2Fv2%2Ftags&post=15835"}],"curies":[{"name":"wp","href":"https:\/\/api.w.org\/{rel}","templated":true}]}}