{"id":15830,"date":"2023-05-25T10:10:02","date_gmt":"2023-05-25T10:10:02","guid":{"rendered":"https:\/\/rp221.com\/?p=15830"},"modified":"2023-05-25T10:42:46","modified_gmt":"2023-05-25T10:42:46","slug":"ouverture-des-assemblees-annuelles-de-la-badles-besoins-de-financement-du-continent-mis-en-exergue","status":"publish","type":"post","link":"https:\/\/rp221.com\/?p=15830","title":{"rendered":"Ouverture des Assembl\u00e9es annuelles de la Bad:Les besoins de financement du continent mis en exergue"},"content":{"rendered":"\n<p class=\"wp-block-paragraph\">\u2019\u00e9dition 2023 des Assembl\u00e9es annuelles du Groupe de la Banque africaine de d\u00e9veloppement ont \u00e9t\u00e9 ouvertes ce 23 mai \u00e0 Charm El Cheikh, la cit\u00e9 de la paix consacr\u00e9e par l\u2019Unesco, en Egypte.<strong><em><\/em><\/strong><\/p>\n\n\n\n<p class=\"wp-block-paragraph\">La c\u00e9r\u00e9monie d\u2019ouverture a vu la participation des pr\u00e9sidents d\u2019Egypte (Abdel Fata Al Sisi), des Comores (Azali Asoumani) et du&nbsp;Zimbabwe (Emerson Nangagwa). Il y a aussi le pr\u00e9sident de la Commission de l\u2019Union africaine, Moussa Faki Mohamed. Pr\u00e8s de quatre mille (4000) personnes prennent part \u00e0 ce rendez-vous annuel.<\/p>\n\n\n\n<p class=\"wp-block-paragraph\"><strong><em>Le th\u00e8me cette ann\u00e9e est \u00ab Mobiliser les financements du secteur priv\u00e9 en faveur du climat et de la croissance verte en Afrique \u00bb.<\/em><\/strong><\/p>\n\n\n\n<p class=\"wp-block-paragraph\">Il offre aux gouverneurs du Groupe de la Banque un cadre leur permettant de partager leurs exp\u00e9riences, en mati\u00e8re de mobilisation des financements du secteur priv\u00e9 national et international et d'exploitation du capital naturel des pays membres r\u00e9gionaux (Pmr), afin de combler le d\u00e9ficit de financement climatique et de promouvoir la transition vers la croissance verte en Afrique. Au cours de la c\u00e9r\u00e9monie, les chefs d\u2019Etat pr\u00e9sents et le pr\u00e9sident de la Bad tout comme le pr\u00e9sident de l\u2019Union africaine ont mis en exergue les besoins de financement du continent africain.<\/p>\n\n\n\n<p class=\"wp-block-paragraph\">Dans son discours, le pr\u00e9sident de la Bad est revenu sur le besoin de financement pour faire face aux d\u00e9fis climatiques. Pour Akinwumi Adesina, 14 milliards de dollars \u00e0 mobiliser pour faire face aux effets des changements climatiques. Il a indiqu\u00e9 que la Bad a pris des initiatives pour l\u2019adaptation climatique. Il cite ainsi, le Centre pour l\u2019adaptation, l\u2019Alliance africaine pour le climat. \u00abNous devons faire plus concernant le secteur des infrastructures. Il faut doper les investissements priv\u00e9s dans les \u00e9nergies renouvelables&nbsp;\u00bb, a d\u00e9clar\u00e9 le patron de la Bad.<\/p>\n\n\n\n<p class=\"wp-block-paragraph\">Ouvrant les travaux, le pr\u00e9sident de la R\u00e9publique arabe d\u2019Egypte juge important de r\u00e9pondre aux besoins de financement. Al Sisi dit esp\u00e9rer que les pays africains seront accompagn\u00e9s par les organisations internationales.<\/p>\n\n\n\n<p class=\"wp-block-paragraph\"><strong><em>Selon lui, les banques multilat\u00e9rales de d\u00e9veloppement ont un r\u00f4le \u00e0 jouer dans le financement des investissements en Afrique.<\/em><\/strong><\/p>\n\n\n\n<p class=\"wp-block-paragraph\">Prenant la parole, le pr\u00e9sident des Comores, Azaly Assoumani est revenu sur le th\u00e8me de cette \u00e9dition. Pour le pr\u00e9sident en exercice de l\u2019Union africaine, la mobilisation des ressources financi\u00e8res est importante pour contenir les risques et catastrophes&nbsp;: changements climatiques, s\u00e9cheresse, inondation entrainent des pertes en vies humaines, d\u00e9placement de population. Selon lui, il est possible de faire face gr\u00e2ce \u00e0 l\u2019implication de notre secteur priv\u00e9 et une r\u00e9elle mobilisation des ressources. M. Azaly juge important d\u2019encourager l\u2019investissement du secteur priv\u00e9 en Afrique. Il a ajout\u00e9 que les banques multilat\u00e9rales de d\u00e9veloppement doivent jouer leur partition en accroissant le volume de financement. Le chef de l\u2019Etat encourage la Bad \u00e0 accompagner le secteur priv\u00e9 africain dans sa qu\u00eate de financement vert.<\/p>\n\n\n\n<p class=\"wp-block-paragraph\">Pour le pr\u00e9sident de la Commission de l\u2019Union africaine, il y a urgence de convenir sur des sources de financements appropri\u00e9es. Dans son discours, il n\u2019a pas manqu\u00e9 de revenir sur les nombreux d\u00e9fis du continent.<strong>Ismaila BA, Sharm El Sheikh, Egypte<\/strong><\/p>\n\n\n\n<p class=\"wp-block-paragraph\"><strong><em>Ouverture des Assembl\u00e9es annuelles 2023 de la Bad:Akinwumi Adesina appelle \u00e0 la mobilisation des financements<\/em><\/strong><\/p>\n\n\n\n<p class=\"wp-block-paragraph\"><a href=\"https:\/\/www.lejecos.com\/\" target=\"_blank\" rel=\"noreferrer noopener\">https:\/\/www.lejecos.com\/<\/a>&nbsp;Le coup d\u2019envoi des Assembl\u00e9es annuelles 2023 du Groupe de la Banque africaine de d\u00e9veloppement \u00e0 Charm el Cheikh, en Egypte du 22 au 26 mai a d\u00e9marr\u00e9 ce matin. Lors de la traditionnelle conf\u00e9rence de presse marquant l\u2019ouverture des travaux, le pr\u00e9sident de la Banque africaine de d\u00e9veloppement (Bad), le Nig\u00e9rian Akinwumi Adesina a invit\u00e9 les pays d\u00e9velopp\u00e9s \u00e0 mobiliser les financements pour accompagner l\u2019Afrique face aux changements climatiques.<strong><em><\/em><\/strong><\/p>\n\n\n\n<p class=\"wp-block-paragraph\"><strong><em>&nbsp;\u00ab&nbsp;L\u2019Afrique a besoin d\u2019\u00eatre accompagn\u00e9e pour s\u2019adapter au changement climatique et le ma\u00eetre-mot, c\u2019est la mobilisation des financements. Nous avons besoin de tous les capitaux, que la provenance soit locale ou \u00e9trang\u00e8re \u00bb, a d\u00e9clar\u00e9 le patron de la Bad. Selon lui, le d\u00e9fi est de pr\u00e9parer des projets bancables, r\u00e9duire les risques et avoir un cadre r\u00e9glementaire favorable aux investisseurs.<\/em><\/strong><\/p>\n\n\n\n<p class=\"wp-block-paragraph\">Dans ce cadre, la Bad veut jouer un r\u00f4le de catalyseur. Le pr\u00e9sident de la Bad a indiqu\u00e9 que l\u2019institution financi\u00e8re joue d\u00e9j\u00e0 ce r\u00f4le. Et Akinwumi Adesina voit un point commun dans les diff\u00e9rentes crises qui secouent plusieurs pays africains, notamment le Sahel. Il s'agit, selon lui, du changement climatique. A cet effet, il annonce la restauration du bassin du lac Tchad, une fa\u00e7on d\u2019attaquer \u00e0 la racine, la crise s\u00e9curitaire qui secoue cette r\u00e9gion.<\/p>\n\n\n\n<p class=\"wp-block-paragraph\">L\u2019autre point abord\u00e9 lors de la rencontre concerne l\u2019exploitation des \u00e9nergies fossiles. \u00ab&nbsp;La transition \u00e9nerg\u00e9tique s\u2019impose \u00e0 tous&nbsp;; ce n\u2019est pas n\u00e9gociable&nbsp;\u00bb, a martel\u00e9 le patron de la Bad. A l\u2019image de beaucoup de dirigeants africains, Akinwumi Adesina souligne qu\u2019il milite pour une approche pragmatique et diff\u00e9renci\u00e9e. Il a relev\u00e9 que les pays riches, qui ont une plus grande responsabilit\u00e9 dans le r\u00e9chauffement climatique, doivent montrer l\u2019exemple et s\u2019engager d\u00e8s \u00e0 pr\u00e9sent dans cette transition.&nbsp;<\/p>\n\n\n\n<p class=\"wp-block-paragraph\">Selon le pr\u00e9sident Adesina, ce que les autres consid\u00e8rent comme un luxe, &nbsp;ne l\u2019est pas pour nous&nbsp;puisque &nbsp;600 millions d\u2019Africains n\u2019ont pas encore acc\u00e8s \u00e0 l\u2019\u00e9lectricit\u00e9 et que, chaque ann\u00e9e, 600 000 d\u00e9c\u00e8s sont enregistr\u00e9s sur le continent \u00e0 cause de l\u2019insuffisance d\u2019\u00e9nergie de qualit\u00e9, notamment pour la cuisson. C\u2019est pourquoi, il&nbsp;dit \u00eatre contre l\u2019injonction faite aux Africains de renoncer \u00e0 l\u2019exploitation de leurs \u00e9nergies fossiles au nom de la protection de l\u2019environnement. Akinwumi Adesina de souligner que le gaz est fondamental pour la croissance en Afrique&nbsp;non sans ajouter que 87% des financements de la Bad dans le secteur de l\u2019\u00e9nergie vont dans des projets d\u2019\u00e9nergies renouvelables. Selon lui, en plus de la production de l\u2019\u00e9lectricit\u00e9, l\u2019exploitation du gaz naturel permettra de produire des engrais.<strong>Ismaila BA, Sharm El Cheikh, Egypte<\/strong><strong><em><\/em><\/strong><\/p>\n\n\n\n<p class=\"wp-block-paragraph\"><strong><em>Les \u00e9chos des Assembl\u00e9es annuelles de la Banque Africaine de D\u00e9veloppement&nbsp;<\/em><\/strong><\/p>\n\n\n\n<figure class=\"wp-block-embed\"><div class=\"wp-block-embed__wrapper\">\nhttps:\/\/www.lejecos.com\n<\/div><\/figure>\n","protected":false},"excerpt":{"rendered":"<p>\u2019\u00e9dition 2023 des Assembl\u00e9es annuelles du Groupe de la Banque africaine de d\u00e9veloppement ont \u00e9t\u00e9 ouvertes ce 23 mai \u00e0 Charm El Cheikh, la cit\u00e9 de la paix consacr\u00e9e par l\u2019Unesco, en Egypte. La c\u00e9r\u00e9monie d\u2019ouverture a vu la participation des pr\u00e9sidents d\u2019Egypte (Abdel Fata Al Sisi), des Comores (Azali Asoumani) et du&nbsp;Zimbabwe (Emerson Nangagwa). [&hellip;]<\/p>\n","protected":false},"author":1,"featured_media":0,"comment_status":"open","ping_status":"open","sticky":false,"template":"","format":"standard","meta":{"_jetpack_newsletter_access":"","_jetpack_dont_email_post_to_subs":false,"_jetpack_newsletter_tier_id":0,"_jetpack_memberships_contains_paywalled_content":false,"_jetpack_memberships_contains_paid_content":false,"footnotes":""},"categories":[43],"tags":[],"class_list":["post-15830","post","type-post","status-publish","format-standard","hentry","category-social"],"jetpack_featured_media_url":"","jetpack_sharing_enabled":true,"_links":{"self":[{"href":"https:\/\/rp221.com\/index.php?rest_route=\/wp\/v2\/posts\/15830","targetHints":{"allow":["GET"]}}],"collection":[{"href":"https:\/\/rp221.com\/index.php?rest_route=\/wp\/v2\/posts"}],"about":[{"href":"https:\/\/rp221.com\/index.php?rest_route=\/wp\/v2\/types\/post"}],"author":[{"embeddable":true,"href":"https:\/\/rp221.com\/index.php?rest_route=\/wp\/v2\/users\/1"}],"replies":[{"embeddable":true,"href":"https:\/\/rp221.com\/index.php?rest_route=%2Fwp%2Fv2%2Fcomments&post=15830"}],"version-history":[{"count":0,"href":"https:\/\/rp221.com\/index.php?rest_route=\/wp\/v2\/posts\/15830\/revisions"}],"wp:attachment":[{"href":"https:\/\/rp221.com\/index.php?rest_route=%2Fwp%2Fv2%2Fmedia&parent=15830"}],"wp:term":[{"taxonomy":"category","embeddable":true,"href":"https:\/\/rp221.com\/index.php?rest_route=%2Fwp%2Fv2%2Fcategories&post=15830"},{"taxonomy":"post_tag","embeddable":true,"href":"https:\/\/rp221.com\/index.php?rest_route=%2Fwp%2Fv2%2Ftags&post=15830"}],"curies":[{"name":"wp","href":"https:\/\/api.w.org\/{rel}","templated":true}]}}