{"id":15647,"date":"2023-05-22T10:53:54","date_gmt":"2023-05-22T10:53:54","guid":{"rendered":"https:\/\/rp221.com\/?p=15647"},"modified":"2023-05-22T10:55:26","modified_gmt":"2023-05-22T10:55:26","slug":"une-hausse-de-06-des-prix-des-produits-de-consommation-en-mars-dernier","status":"publish","type":"post","link":"https:\/\/rp221.com\/?p=15647","title":{"rendered":"Une hausse de 0,6 % des prix des produits de consommation en mars dernier"},"content":{"rendered":"\n<p class=\"wp-block-paragraph\">Dakar, 20 mai (APS) \u2013 Les prix des produits de consommation ont augment\u00e9 de 0,6 % en mars dernier, dans les pays de l\u2019UEMOA, a-t-on appris de ladite institution r\u00e9gionale.<\/p>\n\n\n\n<p class=\"wp-block-paragraph\">En rythme mensuel, cette augmentation r\u00e9sulte des hausses du niveau global des prix observ\u00e9s au Mali (2,5%), au Togo (0,7%), au B\u00e9nin (0,6%), au Burkina Faso (0,6%), en C\u00f4te d\u2019Ivoire (0,4%), au Niger (0,4%) et en Guin\u00e9e-Bissau (0,1%) et, d\u2019autre part, de la baisse du niveau global des prix au S\u00e9n\u00e9gal de (-0,7%).<\/p>\n\n\n\n<p class=\"wp-block-paragraph\">En mars 2023, le niveau des prix des produits de consommation a enregistr\u00e9 une progression de 5,7 % dans la zone UEMOA, comparativement \u00e0 son niveau de mars 2022, soulign\u00e9 le d\u00e9partement charg\u00e9 des politiques \u00e9conomiques et de la fiscalit\u00e9 int\u00e9rieure de l\u2019UEMOA.<\/p>\n\n\n\n<p class=\"wp-block-paragraph\"><strong><em>De mars 2022 \u00e0 mars 2023, \u2018\u2019les prix sont mont\u00e9s dans tous les pays de l\u2019Union\u2019\u2019, affirme la m\u00eame source dans une note de conjecture.<\/em><\/strong><\/p>\n\n\n\n<p class=\"wp-block-paragraph\">\u2018\u2019Ainsi, les diff\u00e9rentes variations par ordre d\u00e9croissant enregistr\u00e9es sont de 10,2% en Guin\u00e9e-Bissau, 9,5 % au S\u00e9n\u00e9gal, 7,6 % au Mali, 6,9 % au B\u00e9nin, 6,3 % au Togo, 5,2 % en C\u00f4te d\u2019Ivoire, 2,9 % au Burkina Faso et 1,4 % au Niger\u2019\u2019, indique-t-elle.<\/p>\n\n\n\n<p class=\"wp-block-paragraph\">Le document ajoute que \u2018\u2019cette inflation est en hausse au B\u00e9nin, en C\u00f4te d\u2019Ivoire, au Mali, au Niger, au S\u00e9n\u00e9gal et au Togo, comparativement au mois pr\u00e9c\u00e9dent (f\u00e9vrier dernier)\u2019\u2019.<\/p>\n\n\n\n<p class=\"wp-block-paragraph\">Quant au taux d\u2019inflation en moyenne annuelle de mars 2023, il est de 7,2 % au niveau r\u00e9gional.<\/p>\n\n\n\n<p class=\"wp-block-paragraph\">En effet, cette inflation est sup\u00e9rieure \u00e0 3,0 % dans la quasi-totalit\u00e9 des Etats membres de l\u2019Union.<\/p>\n\n\n\n<p class=\"wp-block-paragraph\">Ainsi, par ordre d\u00e9croissant, les taux d\u2019inflation sont de 12,8 % au Burkina Faso, 10,6 % au S\u00e9n\u00e9gal, 9,2 % au Mali, 8,8 % en Guin\u00e9e-Bissau, 7,1 % au Togo, 5,2 % en C\u00f4te d\u2019Ivoire, 3,3 % au Niger et 1,6 % au B\u00e9nin.ESF\/MTN<\/p>\n\n\n\n<p class=\"wp-block-paragraph\"><strong><em>Le Ghana vise un all\u00e8gement du service de la dette ext\u00e9rieure de 10,5 milliards&nbsp;$ entre 2023 et 2026, selon le FMI<\/em><\/strong><\/p>\n\n\n\n<p class=\"wp-block-paragraph\"><strong>(Agence Ecofin) - Aux prises avec une grave crise \u00e9conomique, Accra avait suspendu en d\u00e9cembre 2022 le remboursement de la majeure partie de sa dette ext\u00e9rieure en attendant des accords avec l\u2019ensemble des cr\u00e9anciers sur sa restructuration.<\/strong><\/p>\n\n\n\n<p class=\"wp-block-paragraph\"><strong><em>Le Ghana vise un all\u00e8gement du service de la dette ext\u00e9rieure de 10,5 milliards de dollars durant la p\u00e9riode 2023-2026, a annonc\u00e9 le Fonds mon\u00e9taire international (FMI) dans une nouvelle analyse de la viabilit\u00e9 de la dette du pays publi\u00e9e jeudi 18 mai.<\/em><\/strong><\/p>\n\n\n\n<p class=\"wp-block-paragraph\">Par ailleurs, l\u2019institution a pr\u00e9cis\u00e9 que la dette de ce pays d\u2019Afrique de l\u2019Ouest devrait passer d\u2019un niveau \u00ab&nbsp;<em>insoutenable<\/em>&nbsp;\u00bb actuellement \u00e0 un niveau correspondant \u00e0 un \u00ab<em>&nbsp;risque mod\u00e9r\u00e9 d\u2019endettement<\/em>&nbsp;\u00bb en 2028.<\/p>\n\n\n\n<p class=\"wp-block-paragraph\">\u00ab<em>&nbsp;L\u2019objectif du gouvernement ghan\u00e9en est de r\u00e9duire le ratio de la dette publique\/produit int\u00e9rieur brut (PIB) de 88,1% \u00e0 fin 2022 \u00e0 55&nbsp;% en 2028, et le ratio du service des pr\u00eats ext\u00e9rieurs par rapport aux recettes publiques \u00e0 18&nbsp;%&nbsp;<\/em>\u00bb, a-t-on ajout\u00e9 de m\u00eame source.<\/p>\n\n\n\n<p class=\"wp-block-paragraph\">Le FMI avait annonc\u00e9 mercredi 17 mai que son conseil d\u2019administration a approuv\u00e9 un programme d\u2019aide de 3 milliards de dollars en faveur du Ghana, avec un premier d\u00e9caissement imm\u00e9diat d'environ 600 millions de dollars, indiquant que ce plan de sauvetage vise \u00e0 accompagner des r\u00e9formes portant sur le r\u00e9tablissement de la stabilit\u00e9 macro\u00e9conomique et la viabilit\u00e9 de la dette.<\/p>\n\n\n\n<p class=\"wp-block-paragraph\">La Banque mondiale s\u2019est de son c\u00f4t\u00e9 engag\u00e9e \u00e0 d\u00e9caisser 1,6 milliard de dollars en faveur du Ghana, \u00e0 titre d\u2019appui budg\u00e9taire et de soutien \u00e0 la balance des paiements.<\/p>\n\n\n\n<p class=\"wp-block-paragraph\">Accra avait suspendu, en d\u00e9cembre dernier, le remboursement de la majeure partie de sa dette ext\u00e9rieure, qui siphonnait environ 70% des recettes publiques. Le pays esp\u00e8re signer un accord sur la restructuration de sa dette ext\u00e9rieure avec ses cr\u00e9anciers officiels d'ici juin ou juillet 2023 et un autre accord distinct \u00ab&nbsp;<em>\u00e0 peu pr\u00e8s en m\u00eame temps<\/em>&nbsp;\u00bb avec ses cr\u00e9anciers priv\u00e9s, selon le minist\u00e8re des Finances.<\/p>\n\n\n\n<p class=\"wp-block-paragraph\">Aux prises avec une grave crise \u00e9conomique cons\u00e9cutive au ralentissement provoqu\u00e9 par la pand\u00e9mie du coronavirus et les retomb\u00e9es de la guerre en Ukraine, le Ghana avait demand\u00e9 en janvier 2023 la restructuration de la dette ext\u00e9rieure au titre du cadre commun du G20.<\/p>\n\n\n\n<p class=\"wp-block-paragraph\"><strong><em>Ce qu\u2019il faut savoir sur l\u2019immense raffinerie de Dangote qui sera inaugur\u00e9e ce lundi<\/em><\/strong><\/p>\n","protected":false},"excerpt":{"rendered":"<p>Dakar, 20 mai (APS) \u2013 Les prix des produits de consommation ont augment\u00e9 de 0,6 % en mars dernier, dans les pays de l\u2019UEMOA, a-t-on appris de ladite institution r\u00e9gionale. En rythme mensuel, cette augmentation r\u00e9sulte des hausses du niveau global des prix observ\u00e9s au Mali (2,5%), au Togo (0,7%), au B\u00e9nin (0,6%), au Burkina [&hellip;]<\/p>\n","protected":false},"author":1,"featured_media":0,"comment_status":"open","ping_status":"open","sticky":false,"template":"","format":"standard","meta":{"_jetpack_newsletter_access":"","_jetpack_dont_email_post_to_subs":false,"_jetpack_newsletter_tier_id":0,"_jetpack_memberships_contains_paywalled_content":false,"_jetpack_memberships_contains_paid_content":false,"footnotes":""},"categories":[42,44],"tags":[],"class_list":["post-15647","post","type-post","status-publish","format-standard","hentry","category-economie","category-politique"],"jetpack_featured_media_url":"","jetpack_sharing_enabled":true,"_links":{"self":[{"href":"https:\/\/rp221.com\/index.php?rest_route=\/wp\/v2\/posts\/15647","targetHints":{"allow":["GET"]}}],"collection":[{"href":"https:\/\/rp221.com\/index.php?rest_route=\/wp\/v2\/posts"}],"about":[{"href":"https:\/\/rp221.com\/index.php?rest_route=\/wp\/v2\/types\/post"}],"author":[{"embeddable":true,"href":"https:\/\/rp221.com\/index.php?rest_route=\/wp\/v2\/users\/1"}],"replies":[{"embeddable":true,"href":"https:\/\/rp221.com\/index.php?rest_route=%2Fwp%2Fv2%2Fcomments&post=15647"}],"version-history":[{"count":0,"href":"https:\/\/rp221.com\/index.php?rest_route=\/wp\/v2\/posts\/15647\/revisions"}],"wp:attachment":[{"href":"https:\/\/rp221.com\/index.php?rest_route=%2Fwp%2Fv2%2Fmedia&parent=15647"}],"wp:term":[{"taxonomy":"category","embeddable":true,"href":"https:\/\/rp221.com\/index.php?rest_route=%2Fwp%2Fv2%2Fcategories&post=15647"},{"taxonomy":"post_tag","embeddable":true,"href":"https:\/\/rp221.com\/index.php?rest_route=%2Fwp%2Fv2%2Ftags&post=15647"}],"curies":[{"name":"wp","href":"https:\/\/api.w.org\/{rel}","templated":true}]}}