{"id":15107,"date":"2023-04-08T12:58:32","date_gmt":"2023-04-08T12:58:32","guid":{"rendered":"https:\/\/rp221.com\/?p=15107"},"modified":"2023-04-08T12:58:39","modified_gmt":"2023-04-08T12:58:39","slug":"le-president-du-niger-plaide-pour-une-politique-de-co-developpement-entre-leurope-et-lafrique","status":"publish","type":"post","link":"https:\/\/rp221.com\/?p=15107","title":{"rendered":"Le pr\u00e9sident du Niger plaide pour une \u2018\u2019politique de co-d\u00e9veloppement\u2019\u2019 entre l&rsquo;Europe et l&rsquo;Afrique"},"content":{"rendered":"\n<p class=\"wp-block-paragraph\"><strong>Paris, 7 avr (APS) \u2013 Le pr\u00e9sident du Niger, Mohamed Bazoum, a plaid\u00e9, vendredi \u00e0 Paris, pour la construction d\u2019une \u2018\u2019politique de co-d\u00e9veloppement\u2019\u2019 afin de b\u00e2tir une nouvelle relation entre l\u2019Europe et l\u2019Afrique.<\/strong><\/p>\n\n\n\n<p class=\"wp-block-paragraph\"><strong>S\u2019exprimant dans un message vid\u00e9o diffus\u00e9 \u00e0 l\u2019ouverture d\u2019un colloque sur le th\u00e8me : \u2018\u2019(Re) fonder le lien Europe-Afrique\u2019\u2019, organis\u00e9 par les magazines Le Monde diplomatique et Continent premier, le chef de l\u2019Etat nig\u00e9rien a invit\u00e9 \u00e0 lutter contre \u2018\u2019les d\u00e9s\u00e9quilibres\u2019\u2019 du partenariat entre les deux continents en d\u00e9pit de leur proximit\u00e9 g\u00e9ographique.<\/strong><\/p>\n\n\n\n<p class=\"wp-block-paragraph\"><strong><em>\u2018\u2019L\u2019Afrique est au c\u0153ur de l\u2019Europe (\u2026) L\u2019Europe est au c\u0153ur de l\u2019Afrique\u2019\u2019, a dit Mohamed Bazoum, soulignant que la plupart des \u00e9conomies des pays africains ont abord\u00e9 un \u2018\u2019tournant d\u00e9cisif\u2019\u2019 en d\u00e9pit des crises.<\/em><\/strong><\/p>\n\n\n\n<p class=\"wp-block-paragraph\"><strong>Dans son intervention, le chef de l\u2019Etat nig\u00e9rien a aussi insist\u00e9 sur la place de l\u2019\u00e9ducation dans le d\u00e9veloppement du continent africain. L\u2019\u00e9ducation est un \u2018\u2019secteur strat\u00e9gique\u2019\u2019 dans lequel il faut investir pour former des ressources humaines de qualit\u00e9 et rendre le continent plus attractif aux capitaux \u00e9trangers\u2019\u2019, a d\u00e9clar\u00e9 le pr\u00e9sident Bazoum. Il estime que les jeunes africains ont besoin d\u2019\u00eatre \u00e9duqu\u00e9s et form\u00e9s pour ne plus avoir \u00e0 \u00e9migrer vers l\u2019Europe.<\/strong><\/p>\n\n\n\n<p class=\"wp-block-paragraph\"><strong>Il s\u2019est \u00e9galement appesanti sur les effets du changement climatique et ses cons\u00e9quences sur le pastoralisme, d\u00e9plorant l\u2019absence de retomb\u00e9es pour le continent africain des conf\u00e9rences des Nations Unies sur le climat (COP).<\/strong><\/p>\n\n\n\n<p class=\"wp-block-paragraph\"><strong>Le colloque \u2018\u2019(Re) fonder le lien Europe-Afrique\u2019\u2019, qui se tient \u00e0 l\u2019auditorium du journal Le Monde, entre dans le cadre du \u2018\u2019Gingembre litt\u00e9raire\u2019\u2019 initi\u00e9 par le directeur du magazine Continent Premier, Gorgui Wade Ndoye, journaliste s\u00e9n\u00e9galais bas\u00e9 \u00e0 Gen\u00e8ve.<\/strong><\/p>\n\n\n\n<p class=\"wp-block-paragraph\"><strong>Il enregistrera notamment les interventions de Giles Yabi, analyste politique, fondateur du think thank Wathi, d\u2019Akram Belka\u00efd, journaliste sp\u00e9cialiste du monde arabe, du Pr Ibrahima Thioub, de Ramatoulaye Diagne Mbengue, enseignante-chercheure, rectrice de l\u2019universit\u00e9 de Thi\u00e8s, de Jean Fabien Steck, professeur et membre du Centre d\u2019analyse, de pr\u00e9vision et de strat\u00e9gie (CAPS) du minist\u00e8re fran\u00e7ais des Affaires \u00e9trang\u00e8res et de l'Europe.<\/strong><\/p>\n\n\n\n<p class=\"wp-block-paragraph\"><strong><em>Le colloque verra la pr\u00e9sence des anciens ministres des Affaires \u00e9trang\u00e8res du S\u00e9n\u00e9gal, Mankeur Ndiaye et Cheikh Tidiane Gadio et de diplomates de pays africains et europ\u00e9ens.<\/em><\/strong><\/p>\n\n\n\n<p class=\"wp-block-paragraph\"><strong>Son objectif, selon Anne C\u00e9cile Robert, directrice adjointe du Monde diplomatique, est de \u2018\u2019tirer profit\u2019\u2019 de l\u2019exp\u00e9rience respective des diff\u00e9rents intervenants afin de \u2018\u2019pouvoir dire des choses qui ne sont pas souvent dites ailleurs\u2019\u2019.<\/strong><\/p>\n\n\n\n<p class=\"wp-block-paragraph\"><strong>Les d\u00e9bats sur la relation entre l\u2019Afrique et l\u2019Europe sont souvent parasit\u00e9s par les enjeux institutionnels et de pouvoir, a-t-elle d\u00e9plor\u00e9, estimant qu\u2019il s\u2019agit de \u2018\u2019parler en toute franchise\u2019\u2019 pour poser les jalons d\u2019une discussion qui sera \u2018\u2019le point de d\u00e9part de quelque chose'' sur la question de la relation entre l\u2019Afrique et l\u2019Europe.<\/strong><\/p>\n\n\n\n<p class=\"wp-block-paragraph\"><strong>Gorgui Wade Ndoye, du magazine Continent pr\u00e9cise que l\u2019objectif de ce colloque est de \u2018\u2019repenser les relations entre l'Europe et l'Afrique sur des bases v\u00e9ritablement \u00e9galitaires\u2019\u2019.\u00a0<\/strong><\/p>\n\n\n\n<p class=\"wp-block-paragraph\"><strong>Le th\u00e8me du colloque sera abord\u00e9 \u00e0 travers trois tables-rondes\u00a0: \u2018\u2019Europe-Afrique : dialoguer autrement\u2019\u2019, \u2018\u2019Relations \u00e9conomiques, de la verticalit\u00e9 Nord-Sud \u00e0 l\u2019horizontalit\u00e9 d\u2019un partenariat entre \u00e9gaux\u2019\u2019 et \u2018\u2019La nouvelle g\u00e9opolitique, une chance pour renouveler la relation Europe-Afrique ?\u2019\u2019.<\/strong><\/p>\n\n\n\n<p class=\"wp-block-paragraph\"><strong>Le discours de cl\u00f4ture sera prononc\u00e9 par le Pr Souleymane Bachir Diagne, philosophe, enseignant \u00e0 l\u2019universit\u00e9 Columbia, \u00e0 New York.OID\/ASG\/ADL<\/strong><\/p>\n","protected":false},"excerpt":{"rendered":"<p>Paris, 7 avr (APS) \u2013 Le pr\u00e9sident du Niger, Mohamed Bazoum, a plaid\u00e9, vendredi \u00e0 Paris, pour la construction d\u2019une \u2018\u2019politique de co-d\u00e9veloppement\u2019\u2019 afin de b\u00e2tir une nouvelle relation entre l\u2019Europe et l\u2019Afrique. S\u2019exprimant dans un message vid\u00e9o diffus\u00e9 \u00e0 l\u2019ouverture d\u2019un colloque sur le th\u00e8me : \u2018\u2019(Re) fonder le lien Europe-Afrique\u2019\u2019, organis\u00e9 par les [&hellip;]<\/p>\n","protected":false},"author":8,"featured_media":0,"comment_status":"open","ping_status":"open","sticky":false,"template":"","format":"standard","meta":{"_jetpack_newsletter_access":"","_jetpack_dont_email_post_to_subs":false,"_jetpack_newsletter_tier_id":0,"_jetpack_memberships_contains_paywalled_content":false,"_jetpack_memberships_contains_paid_content":false,"footnotes":""},"categories":[42],"tags":[],"class_list":["post-15107","post","type-post","status-publish","format-standard","hentry","category-economie"],"jetpack_featured_media_url":"","jetpack_sharing_enabled":true,"_links":{"self":[{"href":"https:\/\/rp221.com\/index.php?rest_route=\/wp\/v2\/posts\/15107","targetHints":{"allow":["GET"]}}],"collection":[{"href":"https:\/\/rp221.com\/index.php?rest_route=\/wp\/v2\/posts"}],"about":[{"href":"https:\/\/rp221.com\/index.php?rest_route=\/wp\/v2\/types\/post"}],"author":[{"embeddable":true,"href":"https:\/\/rp221.com\/index.php?rest_route=\/wp\/v2\/users\/8"}],"replies":[{"embeddable":true,"href":"https:\/\/rp221.com\/index.php?rest_route=%2Fwp%2Fv2%2Fcomments&post=15107"}],"version-history":[{"count":0,"href":"https:\/\/rp221.com\/index.php?rest_route=\/wp\/v2\/posts\/15107\/revisions"}],"wp:attachment":[{"href":"https:\/\/rp221.com\/index.php?rest_route=%2Fwp%2Fv2%2Fmedia&parent=15107"}],"wp:term":[{"taxonomy":"category","embeddable":true,"href":"https:\/\/rp221.com\/index.php?rest_route=%2Fwp%2Fv2%2Fcategories&post=15107"},{"taxonomy":"post_tag","embeddable":true,"href":"https:\/\/rp221.com\/index.php?rest_route=%2Fwp%2Fv2%2Ftags&post=15107"}],"curies":[{"name":"wp","href":"https:\/\/api.w.org\/{rel}","templated":true}]}}