{"id":14731,"date":"2023-03-07T21:51:12","date_gmt":"2023-03-07T21:51:12","guid":{"rendered":"https:\/\/rp221.com\/?p=14731"},"modified":"2023-03-07T21:55:56","modified_gmt":"2023-03-07T21:55:56","slug":"les-familles-des-14-morts-portent-plainte-devant-la-cedeao","status":"publish","type":"post","link":"https:\/\/rp221.com\/?p=14731","title":{"rendered":"LES FAMILLES DES 14 MORTS PORTENT PLAINTE DEVANT LA CEDEAO"},"content":{"rendered":"\n<h3 class=\"red\"><strong><em>LES FAMILLES DES 14 MORTS PORTENT PLAINTE DEVANT LA CEDEAO<\/em><\/strong><\/h3>\n<a href=\"https:\/\/emedia.sn\" data-saferedirecturl=\"https:\/\/www.google.com\/url?hl=fr&amp;q=https:\/\/emedia.sn&amp;source=gmail&amp;ust=1678310588452000&amp;usg=AOvVaw0wDwa_LtCW-l2hnzmWjbHZ\">https:\/\/emedia.sn<\/a> Les familles des 14 morts lors des \u00e9v\u00e9nements de mars 2021 continuent de r\u00e9clamer justice. Et \u00e0 d\u00e9faut de voir une enqu\u00eate ouverte au S\u00e9n\u00e9gal, elles ont d\u00e9cid\u00e9 de saisir la Cedeao. Parmi les victimes, les douze \u00e9taient tomb\u00e9es sous les balles des forces de s\u00e9curit\u00e9, selon Amnesty International.\n","protected":false},"excerpt":{"rendered":"<p>LES FAMILLES DES 14 MORTS PORTENT PLAINTE DEVANT LA CEDEAO https:\/\/emedia.sn Les familles des 14 morts lors des \u00e9v\u00e9nements de mars 2021 continuent de r\u00e9clamer justice. Et \u00e0 d\u00e9faut de voir une enqu\u00eate ouverte au S\u00e9n\u00e9gal, elles ont d\u00e9cid\u00e9 de saisir la Cedeao. Parmi les victimes, les douze \u00e9taient tomb\u00e9es sous les balles des forces [&hellip;]<\/p>\n","protected":false},"author":8,"featured_media":0,"comment_status":"open","ping_status":"open","sticky":false,"template":"","format":"standard","meta":{"_jetpack_newsletter_access":"","_jetpack_dont_email_post_to_subs":false,"_jetpack_newsletter_tier_id":0,"_jetpack_memberships_contains_paywalled_content":false,"_jetpack_memberships_contains_paid_content":false,"footnotes":""},"categories":[43],"tags":[1029,393],"class_list":["post-14731","post","type-post","status-publish","format-standard","hentry","category-social","tag-amnesty-international","tag-cedeao"],"jetpack_featured_media_url":"","jetpack_sharing_enabled":true,"_links":{"self":[{"href":"https:\/\/rp221.com\/index.php?rest_route=\/wp\/v2\/posts\/14731","targetHints":{"allow":["GET"]}}],"collection":[{"href":"https:\/\/rp221.com\/index.php?rest_route=\/wp\/v2\/posts"}],"about":[{"href":"https:\/\/rp221.com\/index.php?rest_route=\/wp\/v2\/types\/post"}],"author":[{"embeddable":true,"href":"https:\/\/rp221.com\/index.php?rest_route=\/wp\/v2\/users\/8"}],"replies":[{"embeddable":true,"href":"https:\/\/rp221.com\/index.php?rest_route=%2Fwp%2Fv2%2Fcomments&post=14731"}],"version-history":[{"count":0,"href":"https:\/\/rp221.com\/index.php?rest_route=\/wp\/v2\/posts\/14731\/revisions"}],"wp:attachment":[{"href":"https:\/\/rp221.com\/index.php?rest_route=%2Fwp%2Fv2%2Fmedia&parent=14731"}],"wp:term":[{"taxonomy":"category","embeddable":true,"href":"https:\/\/rp221.com\/index.php?rest_route=%2Fwp%2Fv2%2Fcategories&post=14731"},{"taxonomy":"post_tag","embeddable":true,"href":"https:\/\/rp221.com\/index.php?rest_route=%2Fwp%2Fv2%2Ftags&post=14731"}],"curies":[{"name":"wp","href":"https:\/\/api.w.org\/{rel}","templated":true}]}}