{"id":14654,"date":"2023-03-06T23:07:32","date_gmt":"2023-03-06T23:07:32","guid":{"rendered":"https:\/\/rp221.com\/?p=14654"},"modified":"2023-03-06T23:20:07","modified_gmt":"2023-03-06T23:20:07","slug":"phase-2-du-projet-ter-etat-davancement-des-realisations-de-la-commande-de-rames-le-directeur-general-de-lapix-sa-en-visite-a-lusine-de-reichsoffen-france","status":"publish","type":"post","link":"https:\/\/rp221.com\/?p=14654","title":{"rendered":"Phase 2 du projet Ter\/\u00c9tat d&rsquo;avancement des r\u00e9alisations de la commande de rames : Le directeur g\u00e9n\u00e9ral de l&rsquo;Apix-SA en visite \u00e0 l&rsquo;usine de Reichsoffen (France)"},"content":{"rendered":"\n<h3 class=\"red\"><strong><em>Phase 2 du projet Ter\/\u00c9tat d'avancement des r\u00e9alisations de la commande de rames : Le directeur g\u00e9n\u00e9ral de l'Apix-SA en visite \u00e0 l'usine de Reichsoffen (France)<\/em><\/strong><\/h3>\n<a href=\"https:\/\/www.dakaractu.com\" data-saferedirecturl=\"https:\/\/www.google.com\/url?hl=fr&amp;q=https:\/\/www.dakaractu.com&amp;source=gmail&amp;ust=1678192966134000&amp;usg=AOvVaw3kAA98J8Ld7csudbq2XTES\">https:\/\/www.dakaractu.com<\/a> Pour la deuxi\u00e8me phase du TER sur les rails, le Directeur g\u00e9n\u00e9ral de Apix-SA, le Dr Abdoulaye Bald\u00e9, s'est rendu \u00e0 Reichsoffen, pr\u00e8s de Strasbourg, en France, pour constater l'\u00e9tat d'avancement des r\u00e9alisations de la commande de rames du Ter. Ce, apr\u00e8s avoir fait le point sur la commande de poteaux cat\u00e9naires destin\u00e9s \u00e0 l'alimentation \u00e9lectrique du TER \u00e0 l'occasion d'une visite la semaine derni\u00e8re \u00e0 l'usine de Galvanisation de Toledo \u00e0 Madrid.\nAinsi, \"Sur un parc de 22 trains,15 sont r\u00e9ceptionn\u00e9s et alimentent d\u00e9j\u00e0 l'exploitation commerciale de la phase 1 (entre Dakar et Diamniadio) et les 7 autres rames sont mises sur les rails de l'atelier de l'usine alsacienne de l'exploitation de la phase 2 du projet TER qui relie la ville de Diamniadio \u00e0 l'a\u00e9roport international Blaise dont les travaux de la nouvelle gare sont tr\u00e8s avanc\u00e9s\".\nLors d'une visite guid\u00e9e des lignes de fabrication au niveau de l'usine de Caf- Alstom, le DG Abdoulaye Bald\u00e9 et sa d\u00e9l\u00e9gation ont \u00e9t\u00e9 rassur\u00e9s quant au respect des d\u00e9lais par \"les deux structures qui ont fusionn\u00e9 leurs actifs\", de m\u00eame que le DG de la Senter qui a pris part aux \u00e9changes avec les responsables de cette usine charg\u00e9e de la production de rames du Ter.\nPour sa part, le DG de l'Apix accompagn\u00e9 d'ing\u00e9nieurs des travaux, a mis l'accent devant les\u00a0fournisseurs sur l'imp\u00e9ratif du respect des d\u00e9lais. \u00c0 l'en croire, \"le chef de l'Etat y attache du prix\", dans la mesure o\u00f9 la deuxi\u00e8me phase du TER est tr\u00e8s avanc\u00e9e.\nD'ailleurs, M. Bald\u00e9 a fait savoir aux partenaires fran\u00e7ais que le Pr\u00e9sident Macky Sall, envisage une troisi\u00e8me phase qui devra desservir la ville de Mbour et celle de Thi\u00e8s. Cette visite de l'usine de Reichshoffen a permis \u00e0 l'Apix d'acc\u00e9l\u00e9rer la cadence de la commande de rames pour un grand b\u00e9n\u00e9fice des usagers. Une demande des populations pour renforcer le parc de la premi\u00e8re phase et d'amorcer la deuxi\u00e8me pr\u00e9vue en d\u00e9cembre prochain avec en ligne de mire le transport de plus de passagers entre Dakar et AIBD...\n","protected":false},"excerpt":{"rendered":"<p>Phase 2 du projet Ter\/\u00c9tat d&rsquo;avancement des r\u00e9alisations de la commande de rames : Le directeur g\u00e9n\u00e9ral de l&rsquo;Apix-SA en visite \u00e0 l&rsquo;usine de Reichsoffen (France) https:\/\/www.dakaractu.com Pour la deuxi\u00e8me phase du TER sur les rails, le Directeur g\u00e9n\u00e9ral de Apix-SA, le Dr Abdoulaye Bald\u00e9, s&rsquo;est rendu \u00e0 Reichsoffen, pr\u00e8s de Strasbourg, en France, pour [&hellip;]<\/p>\n","protected":false},"author":8,"featured_media":0,"comment_status":"open","ping_status":"open","sticky":false,"template":"","format":"standard","meta":{"_jetpack_newsletter_access":"","_jetpack_dont_email_post_to_subs":false,"_jetpack_newsletter_tier_id":0,"_jetpack_memberships_contains_paywalled_content":false,"_jetpack_memberships_contains_paid_content":false,"footnotes":""},"categories":[43],"tags":[541],"class_list":["post-14654","post","type-post","status-publish","format-standard","hentry","category-social","tag-ter"],"jetpack_featured_media_url":"","jetpack_sharing_enabled":true,"_links":{"self":[{"href":"https:\/\/rp221.com\/index.php?rest_route=\/wp\/v2\/posts\/14654","targetHints":{"allow":["GET"]}}],"collection":[{"href":"https:\/\/rp221.com\/index.php?rest_route=\/wp\/v2\/posts"}],"about":[{"href":"https:\/\/rp221.com\/index.php?rest_route=\/wp\/v2\/types\/post"}],"author":[{"embeddable":true,"href":"https:\/\/rp221.com\/index.php?rest_route=\/wp\/v2\/users\/8"}],"replies":[{"embeddable":true,"href":"https:\/\/rp221.com\/index.php?rest_route=%2Fwp%2Fv2%2Fcomments&post=14654"}],"version-history":[{"count":0,"href":"https:\/\/rp221.com\/index.php?rest_route=\/wp\/v2\/posts\/14654\/revisions"}],"wp:attachment":[{"href":"https:\/\/rp221.com\/index.php?rest_route=%2Fwp%2Fv2%2Fmedia&parent=14654"}],"wp:term":[{"taxonomy":"category","embeddable":true,"href":"https:\/\/rp221.com\/index.php?rest_route=%2Fwp%2Fv2%2Fcategories&post=14654"},{"taxonomy":"post_tag","embeddable":true,"href":"https:\/\/rp221.com\/index.php?rest_route=%2Fwp%2Fv2%2Ftags&post=14654"}],"curies":[{"name":"wp","href":"https:\/\/api.w.org\/{rel}","templated":true}]}}