{"id":14651,"date":"2023-03-06T22:27:33","date_gmt":"2023-03-06T22:27:33","guid":{"rendered":"https:\/\/rp221.com\/?p=14651"},"modified":"2023-03-06T23:02:29","modified_gmt":"2023-03-06T23:02:29","slug":"kolda-les-travailleurs-de-lhopital-regional-interdisent-lentree-au-directeur","status":"publish","type":"post","link":"https:\/\/rp221.com\/?p=14651","title":{"rendered":"KOLDA : les travailleurs de l&rsquo;h\u00f4pital r\u00e9gional interdisent l&rsquo;entr\u00e9e au directeur"},"content":{"rendered":"\n<h3 class=\"red\"><strong><em>KOLDA : les travailleurs de l'h\u00f4pital r\u00e9gional interdisent l'entr\u00e9e au directeur...<\/em><\/strong><\/h3>\n<a href=\"https:\/\/www.dakaractu.com\" data-saferedirecturl=\"https:\/\/www.google.com\/url?hl=fr&amp;q=https:\/\/www.dakaractu.com&amp;source=gmail&amp;ust=1678192966134000&amp;usg=AOvVaw3kAA98J8Ld7csudbq2XTES\">https:\/\/www.dakaractu.com<\/a> Les travailleurs de l'h\u00f4pital r\u00e9gional de Kolda ont interdit ce lundi matin du 06 mars 2023 l'entr\u00e9e au directeur dudit h\u00f4pital.A sept heures du matin, ils \u00e9taient d\u00e9j\u00e0 \u00e0 la grande porte de l'h\u00f4pital pour l'attendre et lui interdire l'entr\u00e9e. Constatant les faits, le directeur rebroussa chemin aussit\u00f4t. Les travailleurs reprochent au directeur \"une mauvaise gestion de l'\u00e9tablissement\" entra\u00eenant un dysfonctionnement de la structure. D'ailleurs, Dr Djiba\u00a0SG du SAMES et pr\u00e9sident de l'intersyndicale estime que le directeur doit partir car les probl\u00e8mes de l'h\u00f4pital persistent encore. Il soutient qu'ils feront pire que lui fermer la porte si on ne le change pas. Dans la foul\u00e9e, il souligne que personne ne peut continuer \u00e0 travailler avec ces pires conditions de travail. Il rappelle qu'ils sont \u00e0 bout car tous les moyens de n\u00e9gociation ont \u00e9t\u00e9 \u00e9puis\u00e9s et sont rest\u00e9s sans suite. Cette fois-ci, le personnel est d\u00e9termin\u00e9 \u00e0 aller jusqu'au bout avec l'administration pour la bonne marche de la structure, pour une bonne prise en charge sanitaire, selon eux.\nMais finalement c'est sous forte escorte polici\u00e8re que le directeur acc\u00e9da \u00e0 son bureau.\nInterpel\u00e9 sur la question, le directeur De Djibril Yansan\u00e9 estime qu'il ne sait pas pourquoi on lui a barr\u00e9 la route . A ce titre, il pr\u00e9cise \" d\u00e8s mon arriv\u00e9e, j'ai trouv\u00e9 une voiture devant moi et j'ai vu que les travailleurs ont ferm\u00e9 la porte. C'est dans ces circonstances que j'ai fait demi tour. Cet acte selon moi est ill\u00e9gal car n'\u00e9tant bas\u00e9 sur aucune note administrative. Ceci est une faute tr\u00e8s grave donc ils vont assumer...\"\nDr Djiba sans d\u00e9tour d'annoncer \" on avait averti sur nos mauvaises conditions de travail mais c'est tomber\u00a0malheureusement dans l'oreille d'un sourd. si \u00e7a continue comme \u00e7a, on ira vers des actions plus draconiennes. En ce sens, nous voulons qu'il soit remplac\u00e9 par un autre plus comp\u00e9tent. Et pour marquer notre d\u00e9saccord, on lui a ferm\u00e9 la porte pour lui montrer que nous sommes \u00e0 bout de souffle.\" Dans cette dynamique, il poursuit \" l'h\u00f4pital est plus malade que les patients. On n'a rien . D'ailleurs, la radiographie ne marche pas, des ruptures de r\u00e9actifs au laboratoire, des agents affect\u00e9s qui retournent faute de mat\u00e9riels. C'est pourquoi, on a ferm\u00e9 la porte au directeur comme il ne peut pas r\u00e9gler les probl\u00e8mes. D'ailleurs, on voudrait qu'il parte...\"\nIl rappelle \" depuis cinq mois on est rest\u00e9 sans salaires et nous sommes des travailleurs. M\u00eame la st\u00e9rilisation se fait aujourd'hui \u00e0 S\u00e9dhiou , pas de compresses pour les pansements entre autres. Et cela signifie que la gestion interne est mauvaise...\nCe matin ces travailleurs ont utilis\u00e9 tout ce qu'ils ont pu pour barricader la porte de l'h\u00f4pital r\u00e9gional \u00e0 l'arriv\u00e9e des forces de l'ordre. Et c'est gr\u00e2ce \u00e0 l'intervention du commissaire urbain Malick Dieng et ses hommes que la situation est revenue \u00e0 la normale. Mas ce qui est s\u00fbr c'est que le travail a \u00e9t\u00e9 fortement perturb\u00e9 ce matin.Nous y reviendrons...Madou Diallo\n","protected":false},"excerpt":{"rendered":"<p>KOLDA : les travailleurs de l&rsquo;h\u00f4pital r\u00e9gional interdisent l&rsquo;entr\u00e9e au directeur&#8230; https:\/\/www.dakaractu.com Les travailleurs de l&rsquo;h\u00f4pital r\u00e9gional de Kolda ont interdit ce lundi matin du 06 mars 2023 l&rsquo;entr\u00e9e au directeur dudit h\u00f4pital.A sept heures du matin, ils \u00e9taient d\u00e9j\u00e0 \u00e0 la grande porte de l&rsquo;h\u00f4pital pour l&rsquo;attendre et lui interdire l&rsquo;entr\u00e9e. Constatant les faits, [&hellip;]<\/p>\n","protected":false},"author":8,"featured_media":0,"comment_status":"open","ping_status":"open","sticky":false,"template":"","format":"standard","meta":{"_jetpack_newsletter_access":"","_jetpack_dont_email_post_to_subs":false,"_jetpack_newsletter_tier_id":0,"_jetpack_memberships_contains_paywalled_content":false,"_jetpack_memberships_contains_paid_content":false,"footnotes":""},"categories":[43],"tags":[483],"class_list":["post-14651","post","type-post","status-publish","format-standard","hentry","category-social","tag-sante"],"jetpack_featured_media_url":"","jetpack_sharing_enabled":true,"_links":{"self":[{"href":"https:\/\/rp221.com\/index.php?rest_route=\/wp\/v2\/posts\/14651","targetHints":{"allow":["GET"]}}],"collection":[{"href":"https:\/\/rp221.com\/index.php?rest_route=\/wp\/v2\/posts"}],"about":[{"href":"https:\/\/rp221.com\/index.php?rest_route=\/wp\/v2\/types\/post"}],"author":[{"embeddable":true,"href":"https:\/\/rp221.com\/index.php?rest_route=\/wp\/v2\/users\/8"}],"replies":[{"embeddable":true,"href":"https:\/\/rp221.com\/index.php?rest_route=%2Fwp%2Fv2%2Fcomments&post=14651"}],"version-history":[{"count":0,"href":"https:\/\/rp221.com\/index.php?rest_route=\/wp\/v2\/posts\/14651\/revisions"}],"wp:attachment":[{"href":"https:\/\/rp221.com\/index.php?rest_route=%2Fwp%2Fv2%2Fmedia&parent=14651"}],"wp:term":[{"taxonomy":"category","embeddable":true,"href":"https:\/\/rp221.com\/index.php?rest_route=%2Fwp%2Fv2%2Fcategories&post=14651"},{"taxonomy":"post_tag","embeddable":true,"href":"https:\/\/rp221.com\/index.php?rest_route=%2Fwp%2Fv2%2Ftags&post=14651"}],"curies":[{"name":"wp","href":"https:\/\/api.w.org\/{rel}","templated":true}]}}