{"id":14621,"date":"2023-03-06T21:46:46","date_gmt":"2023-03-06T21:46:46","guid":{"rendered":"https:\/\/rp221.com\/?p=14621"},"modified":"2023-03-06T21:49:39","modified_gmt":"2023-03-06T21:49:39","slug":"le-senegal-est-satisfait-de-sa-participation-au-sia-2023-selon-son-commissaire-aux-expositions","status":"publish","type":"post","link":"https:\/\/rp221.com\/?p=14621","title":{"rendered":"Le S\u00e9n\u00e9gal est satisfait de sa participation au SIA 2023, selon son commissaire aux expositions"},"content":{"rendered":"\n<h3 class=\"red\"><strong><em>Le S\u00e9n\u00e9gal est satisfait de sa participation au SIA 2023, selon son commissaire aux expositions<\/em><\/strong><\/h3>\nParis, 5 mars (APS) \u2013 Le commissaire aux expositions du S\u00e9n\u00e9gal au Salon international de l\u2019agriculture (SIA), Ibrahima Mendy, a jug\u00e9 satisfaisante la participation s\u00e9n\u00e9galaise \u00e0 la 59e \u00e9dition de cette rencontre, qui s\u2019est achev\u00e9e dimanche \u00e0 Paris.\n<h4 class=\"blue\"><strong><em>\u2018\u2019En termes de participation et de visites du stand du S\u00e9n\u00e9gal, nous sommes satisfaits parce qu\u2019il y a eu du monde\u2019\u2019, a dit M. Mendy \u00e0 l\u2019APS.<\/em><\/strong><\/h4>\nDirecteur de l\u2019analyse, de la pr\u00e9vision et des statistiques agricoles au minist\u00e8re de l\u2019Agriculture, de l\u2019Equipement rural et de la S\u00e9curit\u00e9 alimentaire, il dirige depuis plusieurs ann\u00e9es les expositions du S\u00e9n\u00e9gal au SIA.\n\u2018\u2019Il y avait de l\u2019affluence. Des S\u00e9n\u00e9galais vivant \u00e0 l\u2019\u00e9tranger sont venus s\u2019informer aupr\u00e8s des institutions charg\u00e9es de repr\u00e9senter le S\u00e9n\u00e9gal, dans le but d\u2019investir dans le secteur agricole et conna\u00eetre les outils de financement que le pr\u00e9sident de la R\u00e9publique [\u2026] a mis en place, dont le FONGIP et la DER\u2019\u2019, a-t-il soulign\u00e9.\nIbrahima Mendy signale qu\u2019\u2018\u2019il y a eu \u00e9galement l\u2019affluence d\u2019autres personnes qui aiment le S\u00e9n\u00e9gal et veulent y investir dans l\u2019agriculture, l\u2019\u00e9levage et la transformation\u2019\u2019. \u2018\u2019Elles ont rencontr\u00e9 le ministre [de l\u2019Agriculture], qui a \u00e9chang\u00e9 avec de potentiels investisseurs d\u00e9sireux de contribuer \u00e0 l\u2019atteinte de notre objectif majeur, la souverainet\u00e9 alimentaire.\u2019\u2019\n\u2018\u2019Nous \u00e9tions absents depuis 2020. Cette ann\u00e9e, nous sommes venus au SIA avec tout ce que le S\u00e9n\u00e9gal a de mieux dans le domaine agricole\u2019\u2019, a poursuivi M. Mendy.\nLe commissaire aux expositions rappelle que le pays \u00e9tait repr\u00e9sent\u00e9 par des institutions et des entreprises s\u2019occupant notamment d\u2019agriculture, des producteurs et des femmes transformatrices de produits agricoles.\n\u2018\u2019Nous nous sommes arrang\u00e9s pour que toutes les r\u00e9gions du S\u00e9n\u00e9gal soient repr\u00e9sent\u00e9es. Nous avons \u00e9galement veill\u00e9 sur la qualit\u00e9 des produits. Puisque nous repr\u00e9sentons le S\u00e9n\u00e9gal, il fallait que les produits soient bien pr\u00e9sent\u00e9s en termes d\u2019emballage. Nous avons gagn\u00e9 le pari sur ce plan\u2019\u2019, a assur\u00e9 Ibrahima Mendy.\n<h4 class=\"blue\"><strong><em>Venir apprendre ce qui se fait de mieux en agriculture<\/em><\/strong><\/h4>\n\u2018\u2019A ce jour, a-t-il dit, la plupart des femmes ont pu \u00e9couler leurs marchandises et ont rencontr\u00e9 des individus et des entreprises, de potentiels partenaires pouvant leur permettre de continuer \u00e0 \u00e9couler leurs produits en France et ailleurs dans le monde.\u2019\u2019\n\u2018\u2019En venant au SIA, notre objectif est d\u2019apprendre ce qui se fait de mieux dans le secteur agricole des autres pays, le SIA \u00e9tant l\u2019un des salons majeurs de l\u2019agriculture au sens large du terme dans le monde. Nous sommes venus apprendre ce qui se fait de mieux en termes d\u2019innovation, de technologies, de transformation et de recherche\u2019\u2019, a soulign\u00e9 M. Mendy.\nSelon lui, la d\u00e9l\u00e9gation s\u00e9n\u00e9galaise, conduite par le ministre de l\u2019Agriculture, de l\u2019Equipement rural et de la Souverainet\u00e9 alimentaire, Aly Ngouille Ndiaye, a rencontr\u00e9 des repr\u00e9sentants d\u2019institutions de recherche, dont le CIRAD, l'organisme fran\u00e7ais de recherche agronomique et de coop\u00e9ration internationale.\n\u2018\u2019Nous avons profit\u00e9 du salon pour montrer ce que le S\u00e9n\u00e9gal fait de mieux dans l\u2019agriculture et l\u2019\u00e9levage. Le point d\u2019orgue de notre participation, c\u2019\u00e9taient les \u2018journ\u00e9es d\u00e9di\u00e9es\u2019, au cours desquelles les institutions ont montr\u00e9 [\u2026] ce qu\u2019elles font\u2019\u2019, a ajout\u00e9 Ibrahima Mendy.\nAu SIA 2023, les exportateurs et les agriculteurs s\u00e9n\u00e9galais ont expos\u00e9 et \u00e9coul\u00e9 des c\u00e9r\u00e9ales, des produits ol\u00e9agineux et horticoles \u00e9galement.\u00a0ESF\/OID\n<h4 class=\"blue\"><strong><em>Le prix du sac 50 kg de l'aliment volaille passe de 15 000 \u00e0 20 000 f Cfa : Les aviculteurs dans un d\u00e9sarroi profond<\/em><\/strong><\/h4>\nApr\u00e8s les denr\u00e9es de consommation, c\u2019est celui de l\u2019aliment de volaille qui continue son dissip\u00e9. Le prix du sac de 50 kilos de l\u2019aliment de volaille bat le record ces derniers mois. \u00c0 la cit\u00e9 Belv\u00e9d\u00e8re de Dalifort, la flamb\u00e9e se poursuit de 15 000 \u00e0 20 000 F CFA.\nL' augmentation ne touche pas uniquement les denr\u00e9es de consommation. Au moment o\u00f9 la baisse de certaines denr\u00e9es alimentaires peine \u00e0 \u00eatre respect\u00e9e par les commer\u00e7ants, le prix de l\u2019aliment de volaille a pris l\u2019ascenseur. Il est pass\u00e9 de 15 000 \u00e0 20 000 F CFA. Une situation qui inqui\u00e8te les acteurs du secteur de l'aviculture.\n<h4 class=\"blue\"><strong><em>Les coups de massue se succ\u00e8dent pour la fili\u00e8re avicole. Et les aviculteurs sont dans le d\u00e9sarroi. Ils craignent pour leur avenir. Et ne savent plus comment s\u2019y prendre pour r\u00e9ussir dans leurs projets.<\/em><\/strong><\/h4>\n\u00c0 la cit\u00e9 Belv\u00e9d\u00e8re de Dalifort, le sujet est sur beaucoup de l\u00e8vres. La hausse du prix de l\u2019aliment de volaille insupporte les acteurs du coin. Aboubakry Traor\u00e9, qui d\u00e9bute dans l\u2019aviculture, ne comprend pas cette hausse.\n\u201cC\u2019est une surprise, parce qu\u2019on s\u2019est rendu compte, derni\u00e8rement, que les sacs des aliments sont pass\u00e9s de 18 000 \u00e0 20 000 F CFA. Ce qui nous force \u00e0 augmenter nos prix. M\u00eame les poussins sont devenus plus chers. La caisse de poussins est \u00e0 30 000 F CFA \u00e0 l\u2019heure o\u00f9 je vous parle. Et pour un grand nombre, il faut d\u00e9penser plus pour leur transport\u201d, regrette-t-il.\n\u201cA notre niveau, on ne peut qu\u2019augmenter le prix des poulets et cela n\u2019arrange pas les clients\u201d, ajoute notre interlocuteur.\nMonsieur Ndiaye, un autre acteur, s\u2019insurge aussi contre le prix des aliments de volaille. Justement,c\u2019est un revendeur.\u201cJe ne sais pas ce qui explique cette augmentation, mais on doit tout faire pour baisser le prix. Pour le moment, j\u2019ai diminu\u00e9 le stock que je recevais. J\u2019en achetais \u00e0 peu pr\u00e8s 30 sacs, mais en ce moment, je suis \u00e0 10 sacs que je vends au d\u00e9tail. Les clients ne peuvent dig\u00e9rer cette hausse des prix. Ils pensent que c\u2019est de notre propre gr\u00e9 que nous l\u2019avons fait, alors que c\u2019est au niveau de l\u2019usine\u201d, t\u00e9moigne M. Ndiaye.\n<h4 class=\"blue\"><strong><em>Au d\u00e9tail, le kilo est vendu \u00e0 800 F CFA.<\/em><\/strong><\/h4>\n\u201cJe demande au ministre de l\u2019Agriculture, Aly Ngouille Ndiaye, d\u2019aider les \u00e9leveurs et les commer\u00e7ants, car nous sommes ext\u00e9nu\u00e9s par cette situation\u201d, lance le revendeur.\nAilleurs, m\u00eame son de cloche. Mortala est vendeur au march\u00e9 de Dalifort. Il se dit abasourdi.\n\u201cOn s\u2019est lev\u00e9 un beau jour pour constater qu\u2019il y a eu une hausse du prix de l\u2019aliment de volaille. L\u2019augmentation vient d\u2019\u00eatre constat\u00e9e. Pour le moment, je ne peux pas dire si nous allons changer le mode de vente. Mais je peux vous dire que ceux qui vendent les poulets sont en train de brader leur marchandise. Les stocks que j\u2019ai ici, les gens viennent en acheter, parce que je n\u2019ai pas augment\u00e9 les prix, pour le moment\u201d, fulmine-t-il.\nMadame Louise, vendeuse de poulets, souligne que l'aviculture participe \u00e0 l\u2019\u00e9conomie nationale. \u201cNous sommes l\u00e0 juste pour vendre \u00e0 la population et faire notre travail comme il le faut. Le poulet de chair a un prix fixe\u201d, soutient-elle EnQu\u00eate Reportage de EnQu\u00eate\n","protected":false},"excerpt":{"rendered":"<p>Le S\u00e9n\u00e9gal est satisfait de sa participation au SIA 2023, selon son commissaire aux expositions Paris, 5 mars (APS) \u2013 Le commissaire aux expositions du S\u00e9n\u00e9gal au Salon international de l\u2019agriculture (SIA), Ibrahima Mendy, a jug\u00e9 satisfaisante la participation s\u00e9n\u00e9galaise \u00e0 la 59e \u00e9dition de cette rencontre, qui s\u2019est achev\u00e9e dimanche \u00e0 Paris. \u2018\u2019En termes [&hellip;]<\/p>\n","protected":false},"author":8,"featured_media":0,"comment_status":"open","ping_status":"open","sticky":false,"template":"","format":"standard","meta":{"_jetpack_newsletter_access":"","_jetpack_dont_email_post_to_subs":false,"_jetpack_newsletter_tier_id":0,"_jetpack_memberships_contains_paywalled_content":false,"_jetpack_memberships_contains_paid_content":false,"footnotes":""},"categories":[42],"tags":[1245],"class_list":["post-14621","post","type-post","status-publish","format-standard","hentry","category-economie","tag-sia"],"jetpack_featured_media_url":"","jetpack_sharing_enabled":true,"_links":{"self":[{"href":"https:\/\/rp221.com\/index.php?rest_route=\/wp\/v2\/posts\/14621","targetHints":{"allow":["GET"]}}],"collection":[{"href":"https:\/\/rp221.com\/index.php?rest_route=\/wp\/v2\/posts"}],"about":[{"href":"https:\/\/rp221.com\/index.php?rest_route=\/wp\/v2\/types\/post"}],"author":[{"embeddable":true,"href":"https:\/\/rp221.com\/index.php?rest_route=\/wp\/v2\/users\/8"}],"replies":[{"embeddable":true,"href":"https:\/\/rp221.com\/index.php?rest_route=%2Fwp%2Fv2%2Fcomments&post=14621"}],"version-history":[{"count":0,"href":"https:\/\/rp221.com\/index.php?rest_route=\/wp\/v2\/posts\/14621\/revisions"}],"wp:attachment":[{"href":"https:\/\/rp221.com\/index.php?rest_route=%2Fwp%2Fv2%2Fmedia&parent=14621"}],"wp:term":[{"taxonomy":"category","embeddable":true,"href":"https:\/\/rp221.com\/index.php?rest_route=%2Fwp%2Fv2%2Fcategories&post=14621"},{"taxonomy":"post_tag","embeddable":true,"href":"https:\/\/rp221.com\/index.php?rest_route=%2Fwp%2Fv2%2Ftags&post=14621"}],"curies":[{"name":"wp","href":"https:\/\/api.w.org\/{rel}","templated":true}]}}