{"id":14616,"date":"2023-03-06T21:43:54","date_gmt":"2023-03-06T21:43:54","guid":{"rendered":"https:\/\/rp221.com\/?p=14616"},"modified":"2023-03-06T21:49:37","modified_gmt":"2023-03-06T21:49:37","slug":"concertation-nationale-sur-la-gestion-des-recettes-issues-de-lexploitation-du-petrole-et-du-gaz-le-souci-du-consensus-national","status":"publish","type":"post","link":"https:\/\/rp221.com\/?p=14616","title":{"rendered":"Concertation nationale sur la gestion des recettes issues de l\u2019exploitation du p\u00e9trole et du gaz : le souci du consensus national"},"content":{"rendered":"\n<h3 class=\"red\"><strong><em>Concertation nationale sur la gestion des recettes issues de l\u2019exploitation du p\u00e9trole et du gaz : le souci du consensus national<\/em><\/strong><\/h3>\n<a href=\"https:\/\/www.sudquotidien.sn\" data-saferedirecturl=\"https:\/\/www.google.com\/url?hl=fr&amp;q=https:\/\/www.sudquotidien.sn&amp;source=gmail&amp;ust=1678192966133000&amp;usg=AOvVaw1O-unnNU-eJ3nJKp88sfA7\">https:\/\/www.sudquotidien.sn<\/a> Dans un souci d\u2019une bonne gouvernance des ressources p\u00e9troli\u00e8res et gazi\u00e8res, le chef de l\u2019Etat Macky Sall a pr\u00e9sid\u00e9, \u00e0 Diamniadio 2022 une concertation nationale sur la gestion des recettes issues de l\u2019exploitation du p\u00e9trole et du gaz. Etaient pr\u00e9sents \u00e0 cette journ\u00e9e des acteurs politiques, des religieux, des coutumiers, la soci\u00e9t\u00e9 civile, le secteur priv\u00e9. Lors de cette rencontre de r\u00e9flexions, le chef de l\u2019Etat a indiqu\u00e9 que cette concertation s\u2019inscrivait dans son ambition de garantir une gestion prudente, inclusive et durable de nos ressources p\u00e9troli\u00e8res et gazi\u00e8res\u2026L\u2019objectif \u00e9tait de construire un consensus autour de la gestion des recettes issues de l\u2019exploitation du p\u00e9trole et du gaz, de promouvoir la transparence et de partager toutes les informations sur le secteur p\u00e9trolier et gazier du S\u00e9n\u00e9gal. Ainsi, de l\u2019avis du Pr\u00e9sident Macky Sall, cette journ\u00e9e de concertation marquerait une \u00e9tape importante dans le processus d\u2019exploitation des hydrocarbures du S\u00e9n\u00e9gal.\nA dite vrai, la d\u00e9couverte des hydrocarbures a fini par profond\u00e9ment restructurer le d\u00e9bat \u00e9conomique et politique au S\u00e9n\u00e9gal. Et cela d\u2019autant que les secteurs p\u00e9troliers et gaziers devraient porter la croissance \u00e0 deux chiffres sur 20 ans. Si tout va dans le bon sens, le S\u00e9n\u00e9gal pourrait m\u00eame, selon des analystes, devenir dans les 10 ans un pays \u00e9mergent. Les \u00e9normes retomb\u00e9es attendues seraient m\u00eame devenues, disent certains esprits, un enjeu de cristallisation autour de la pr\u00e9sidentielle de 2024 et de la magistrature supr\u00eame. Reste maintenant \u00e0 souhaiter que les diverses concertations men\u00e9es au plan national puissent nous \u00e9viter le \u00absyndrome hollandais\u00bb et la pseudo-mal\u00e9diction du p\u00e9trole.<strong>JEAN PIERRE MALOU<\/strong>\n","protected":false},"excerpt":{"rendered":"<p>Concertation nationale sur la gestion des recettes issues de l\u2019exploitation du p\u00e9trole et du gaz : le souci du consensus national https:\/\/www.sudquotidien.sn Dans un souci d\u2019une bonne gouvernance des ressources p\u00e9troli\u00e8res et gazi\u00e8res, le chef de l\u2019Etat Macky Sall a pr\u00e9sid\u00e9, \u00e0 Diamniadio 2022 une concertation nationale sur la gestion des recettes issues de l\u2019exploitation [&hellip;]<\/p>\n","protected":false},"author":8,"featured_media":0,"comment_status":"open","ping_status":"open","sticky":false,"template":"","format":"standard","meta":{"_jetpack_newsletter_access":"","_jetpack_dont_email_post_to_subs":false,"_jetpack_newsletter_tier_id":0,"_jetpack_memberships_contains_paywalled_content":false,"_jetpack_memberships_contains_paid_content":false,"footnotes":""},"categories":[42],"tags":[236,316],"class_list":["post-14616","post","type-post","status-publish","format-standard","hentry","category-economie","tag-gaz","tag-petrole"],"jetpack_featured_media_url":"","jetpack_sharing_enabled":true,"_links":{"self":[{"href":"https:\/\/rp221.com\/index.php?rest_route=\/wp\/v2\/posts\/14616","targetHints":{"allow":["GET"]}}],"collection":[{"href":"https:\/\/rp221.com\/index.php?rest_route=\/wp\/v2\/posts"}],"about":[{"href":"https:\/\/rp221.com\/index.php?rest_route=\/wp\/v2\/types\/post"}],"author":[{"embeddable":true,"href":"https:\/\/rp221.com\/index.php?rest_route=\/wp\/v2\/users\/8"}],"replies":[{"embeddable":true,"href":"https:\/\/rp221.com\/index.php?rest_route=%2Fwp%2Fv2%2Fcomments&post=14616"}],"version-history":[{"count":0,"href":"https:\/\/rp221.com\/index.php?rest_route=\/wp\/v2\/posts\/14616\/revisions"}],"wp:attachment":[{"href":"https:\/\/rp221.com\/index.php?rest_route=%2Fwp%2Fv2%2Fmedia&parent=14616"}],"wp:term":[{"taxonomy":"category","embeddable":true,"href":"https:\/\/rp221.com\/index.php?rest_route=%2Fwp%2Fv2%2Fcategories&post=14616"},{"taxonomy":"post_tag","embeddable":true,"href":"https:\/\/rp221.com\/index.php?rest_route=%2Fwp%2Fv2%2Ftags&post=14616"}],"curies":[{"name":"wp","href":"https:\/\/api.w.org\/{rel}","templated":true}]}}