{"id":14459,"date":"2023-03-02T22:53:35","date_gmt":"2023-03-02T22:53:35","guid":{"rendered":"https:\/\/rp221.com\/?p=14459"},"modified":"2023-03-02T22:55:44","modified_gmt":"2023-03-02T22:55:44","slug":"les-honneurs-de-la-nation-aux-trois-soldats-tues-au-mali","status":"publish","type":"post","link":"https:\/\/rp221.com\/?p=14459","title":{"rendered":"Les honneurs de la nation aux trois soldats tu\u00e9s au Mali"},"content":{"rendered":"\n<h3 class=\"red\"><strong><em>Les honneurs de la nation aux trois soldats tu\u00e9s au Mali<\/em><\/strong><\/h3>\nDakar, 1er mars (APS) \u2013 Le S\u00e9n\u00e9gal a rendu mercredi les honneurs \u00e0 ma\u00eetre Eug\u00e8ne Idrissa Badhine Mingou, au caporal Ousseynou Diallo et au soldat de premi\u00e8re classe Pierre Tama Boubane, les trois soldats s\u00e9n\u00e9galais d\u00e9c\u00e9d\u00e9s en op\u00e9rations ext\u00e9rieures le 21 f\u00e9vrier dernier au Mali.\nLes d\u00e9funts sont d\u00e9crits comme des soldats \u2018\u2019int\u00e8gres et d\u00e9vou\u00e9s\u2019\u2019. Ils faisaient partie de la Mission multidimensionnelle int\u00e9gr\u00e9e des Nations unies pour la stabilisation au Mali (MINUSMA). Ils appartenaient \u00e0 la compagnie moto du DETSEN11\/MINUSMA et ont p\u00e9ri lors de l'op\u00e9ration Buffalon.\n<h4 class=\"blue\"><strong><em>Ce mercredi, ils ont re\u00e7u les honneurs de la Nation s\u00e9n\u00e9galaise lors d\u2019une c\u00e9r\u00e9monie de lev\u00e9e de corps au camp Dial Diop, si\u00e8ge de l\u2019\u00e9tat-major g\u00e9n\u00e9ral des arm\u00e9es s\u00e9n\u00e9galaises, en pr\u00e9sence du ministre des Forces arm\u00e9es, Sidiki Kaba.<\/em><\/strong><\/h4>\nLe 11-\u00e8me d\u00e9tachement s\u00e9n\u00e9galais de la Mission multidimensionnelle int\u00e9gr\u00e9e des Nations unies pour la stabilisation au Mali (MINUSMA),\u00a0compos\u00e9 de 850 \u00e9l\u00e9ments, est dirig\u00e9 par le colonel Mathieu Diogoye S\u00e8ne. Il a \u00e9t\u00e9 d\u00e9ploy\u00e9 au Mali entre le 16 ao\u00fbt et le 15 septembre 2022, pour une dur\u00e9e d\u2019un an.\nC'est au retour d'une mission de ravitaillement de la base op\u00e9rationnelle temporaire d'Ogossagou, \u00e0 35 km de Bandiagara, au centre du Mali, le 21 f\u00e9vrier 2023, que le v\u00e9hicule dans lequel se trouvaient Eug\u00e8ne Idrissa Badhine Mingou, Ousseynou Diallo et Pierre Tama Boubane, a heurt\u00e9 un engin explosif improvis\u00e9.\nLe ma\u00eetre Eug\u00e8ne Idrissa Badhine Mingou, \u00e2g\u00e9 de 51 ans, mari\u00e9 et p\u00e8re de deux enfants (gar\u00e7on et fille), a gravi plusieurs \u00e9chelons \u00e0 la base navale centre de la Marine nationale, a rappel\u00e9 le colonel Mathieu Diogaye S\u00e8ne, commandant du DETSEN 11\/ MUNISMA, qui a proc\u00e9d\u00e9 \u00e0 la lecture des oraisons fun\u00e8bres.\nIncorpor\u00e9 le 1er mai 1993, date \u00e0 laquelle il a rejoint le 12e Bataillon d'instruction de Dakar-Bango, Mingou a par la suite subi une formation initiale du combattant. Il est affect\u00e9 plus tard au groupement de soutien de la Marine nationale, o\u00f9 il a suivi sa formation de qualification d'arme (FQA), sp\u00e9cialit\u00e9 fusilier marin commando (FUMACO).\nLe natif de Dakar a une riche exp\u00e9rience en op\u00e9rations nationales et ext\u00e9rieures, notamment en Casamance, au Lib\u00e9ria, au Soudan. Partout o\u00f9 il est pass\u00e9, ma\u00eetre Mingou a \u00e9t\u00e9 not\u00e9 comme \u00e9tant un officier-marinier \u2018\u2019tr\u00e8s engag\u00e9, disciplin\u00e9 et digne de confiance, participant activement \u00e0 la vie de son unit\u00e9'', selon le colonel Mathieu Diogaye S\u00e8ne. Il a toujours donn\u00e9 satisfaction \u00e0 ses sup\u00e9rieurs, a-t-il t\u00e9moign\u00e9.\n<h4 class=\"blue\"><strong><em>Vingt-neuf ans de services effectifs\u00a0<\/em><\/strong><\/h4>\nEngag\u00e9 sur le th\u00e9\u00e2tre malien depuis ao\u00fbt 2022, il a quasiment particip\u00e9 \u00e0 toutes les missions assign\u00e9es \u00e0 la compagnie motoris\u00e9e du DETSEN \u00e0 laquelle il appartenait, mais \u00e9galement \u00e0 toutes les activit\u00e9s majeures de l'unit\u00e9 et du bataillon.\n\u2018\u2019Le sens des responsabilit\u00e9s, le d\u00e9vouement \u00e0 la collectivit\u00e9 et la confiance de ses chefs'' lui ont valu sa s\u00e9lection dans la composante FUMACO du DETSEN11\/MINUSMA. Eug\u00e8ne Idrissa<strong>\u00a0<\/strong>Badhine Mingou, titulaire du brevet d'aptitude technique, \u00e9tait inscrit au tableau d'avancement, et devait passer au grade de premier-ma\u00eetre le 1er octobre prochain. Il totalisait vingt-neuf ans de services effectifs.\nLe caporal Ousseynou Diallo a \u00e9t\u00e9 incorpor\u00e9 le 1er septembre 2015 et a rejoint le 12e Bataillon d'instruction de Dakar-Bango. Apr\u00e8s sa formation initiale de combattant, il est affect\u00e9 au Bataillon hors rang le 1er janvier 2016. Il devrait f\u00eater ses 30 ans le 20 mars prochain.\nLe Kaolackois \u00e9tait tr\u00e8s appr\u00e9ci\u00e9 par ses chefs pour avoir \u00e9t\u00e9 un jeune grad\u00e9 tr\u00e8s serviable, calme, disciplin\u00e9 et grand travailleur, a rappel\u00e9 le colonel Mathieu Diogoye S\u00e8ne. Mari\u00e9 et p\u00e8re d\u2019un gar\u00e7on, il s'imposait \u2018\u2019ais\u00e9ment et naturellement'' devant ses subordonn\u00e9s, donnant toujours enti\u00e8re satisfaction. Par reconnaissance de ses qualit\u00e9s, il a \u00e9t\u00e9 d\u00e9sign\u00e9 pour int\u00e9grer le 11e d\u00e9tachement s\u00e9n\u00e9galais au sein de la Mission multidimensionnelle int\u00e9gr\u00e9e des Nations unies pour la stabilisation au Mali (DETSEN11\/MINUSMA).\nAvec le garde de caporal, il compte plus de sept ans de services. Il \u00e9tait titulaire d'un certificat professionnel d'aide technicien bureautique et d'un brevet militaire de conduite v\u00e9hicule l\u00e9ger et poids lourd, depuis novembre 2019.\nN\u00e9 le 5 janvier 1987 \u00e0 K\u00e9dougou, le soldat de 1\u00e8re classe Pierre Tama Boubane avait \u00e9t\u00e9 engag\u00e9 comme volontaire au 12e Bataillon d'instruction de Dakar-Bango, en janvier 2010.\nNomm\u00e9 \u00e0 l'emploi de 1\u00e8re classe en novembre 2011, il a fait partie du 15e D\u00e9tachement s\u00e9n\u00e9galais pour les Op\u00e9rations des Nations unies en C\u00f4te d'Ivoire, du 11 avril 2015 au 24 avril 2016.\nTitulaire du brevet militaire de conduite v\u00e9hicule l\u00e9ger et poids lourd, il est affect\u00e9 au Groupement naval op\u00e9rationnel de la Marine nationale en qualit\u00e9 de conducteur depuis le 1er juillet 2018.\nBoubane est d\u00e9crit comme \u2018\u2019un soldat correct dans la tenue, tr\u00e8s disciplin\u00e9, travailleur et avec une excellente conduite''.\u00a0D\u2019ailleurs, sa loyaut\u00e9, son engagement et sa disponibilit\u00e9 lui ont valu le m\u00e9rite d'\u00eatre d\u00e9sign\u00e9 pour entrer dans la composition du 11e D\u00e9tachement s\u00e9n\u00e9galais de la Mission multidimensionnelle int\u00e9gr\u00e9e des Nations Unies pour la stabilisation au Mali (DETSEN11\/MINUSMA), o\u00f9 il \u00e9tait conducteur dans la 2e section, au sein de la compagnie motoris\u00e9e, selon le colonel Mathieu Diogoye S\u00e8ne. Le soldat de 1\u00e8re classe Pierre Tama Boubane laisse derri\u00e8re lui une veuve et trois gar\u00e7ons, dont un nourrisson de moins d'un mois.\nPour le devoir accompli au nom de la Nation, les trois soldats ont re\u00e7u des d\u00e9corations \u00e0 titre posthume. lls ont \u00e9t\u00e9 \u00e9lev\u00e9s au grade de chevalier dans l\u2019Ordre national du Lion, au nom du pr\u00e9sident de la R\u00e9publique, par le ministre des Forces Arm\u00e9es.FD\/OID\/ASG\n","protected":false},"excerpt":{"rendered":"<p>Les honneurs de la nation aux trois soldats tu\u00e9s au Mali Dakar, 1er mars (APS) \u2013 Le S\u00e9n\u00e9gal a rendu mercredi les honneurs \u00e0 ma\u00eetre Eug\u00e8ne Idrissa Badhine Mingou, au caporal Ousseynou Diallo et au soldat de premi\u00e8re classe Pierre Tama Boubane, les trois soldats s\u00e9n\u00e9galais d\u00e9c\u00e9d\u00e9s en op\u00e9rations ext\u00e9rieures le 21 f\u00e9vrier dernier au [&hellip;]<\/p>\n","protected":false},"author":8,"featured_media":0,"comment_status":"open","ping_status":"open","sticky":false,"template":"","format":"standard","meta":{"_jetpack_newsletter_access":"","_jetpack_dont_email_post_to_subs":false,"_jetpack_newsletter_tier_id":0,"_jetpack_memberships_contains_paywalled_content":false,"_jetpack_memberships_contains_paid_content":false,"footnotes":""},"categories":[43],"tags":[623,144],"class_list":["post-14459","post","type-post","status-publish","format-standard","hentry","category-social","tag-armee-senegalaise","tag-deces"],"jetpack_featured_media_url":"","jetpack_sharing_enabled":true,"_links":{"self":[{"href":"https:\/\/rp221.com\/index.php?rest_route=\/wp\/v2\/posts\/14459","targetHints":{"allow":["GET"]}}],"collection":[{"href":"https:\/\/rp221.com\/index.php?rest_route=\/wp\/v2\/posts"}],"about":[{"href":"https:\/\/rp221.com\/index.php?rest_route=\/wp\/v2\/types\/post"}],"author":[{"embeddable":true,"href":"https:\/\/rp221.com\/index.php?rest_route=\/wp\/v2\/users\/8"}],"replies":[{"embeddable":true,"href":"https:\/\/rp221.com\/index.php?rest_route=%2Fwp%2Fv2%2Fcomments&post=14459"}],"version-history":[{"count":0,"href":"https:\/\/rp221.com\/index.php?rest_route=\/wp\/v2\/posts\/14459\/revisions"}],"wp:attachment":[{"href":"https:\/\/rp221.com\/index.php?rest_route=%2Fwp%2Fv2%2Fmedia&parent=14459"}],"wp:term":[{"taxonomy":"category","embeddable":true,"href":"https:\/\/rp221.com\/index.php?rest_route=%2Fwp%2Fv2%2Fcategories&post=14459"},{"taxonomy":"post_tag","embeddable":true,"href":"https:\/\/rp221.com\/index.php?rest_route=%2Fwp%2Fv2%2Ftags&post=14459"}],"curies":[{"name":"wp","href":"https:\/\/api.w.org\/{rel}","templated":true}]}}