{"id":14435,"date":"2023-03-02T22:44:37","date_gmt":"2023-03-02T22:44:37","guid":{"rendered":"https:\/\/rp221.com\/?p=14435"},"modified":"2023-03-02T22:47:47","modified_gmt":"2023-03-02T22:47:47","slug":"5e-congres-du-sates-csa-aquatech-sde-haro-sur-les-deficits-de-seneau","status":"publish","type":"post","link":"https:\/\/rp221.com\/?p=14435","title":{"rendered":"5e CONGR\u00c8S DU SATES -CSA -AQUATECH \u2013 SDE : Haro sur les \u2018\u2019d\u00e9ficits\u2019\u2019 de Sen\u2019Eau"},"content":{"rendered":"\n<h3 class=\"red\"><strong><em>5e CONGR\u00c8S DU SATES -CSA -AQUATECH \u2013 SDE : Haro sur les \u2018\u2019d\u00e9ficits\u2019\u2019 de Sen\u2019Eau<\/em><\/strong><\/h3>\n<em><a href=\"https:\/\/www.enqueteplus.com\" data-saferedirecturl=\"https:\/\/www.google.com\/url?hl=fr&amp;q=https:\/\/www.enqueteplus.com&amp;source=gmail&amp;ust=1677872532496000&amp;usg=AOvVaw0HAlvHNqm7RaYFlwahsk2D\">https:\/\/www.enqueteplus.com<\/a> Le Syndicat autonome des travailleurs des eaux du S\u00e9n\u00e9gal a tenu son 5e Congr\u00e8s pour tirer le bilan des actions des ann\u00e9es pass\u00e9es et poser de nouveaux jalons. Une occasion pour discuter de la gestion du secteur, des mauvaises options de l\u2019\u00c9tat et des difficult\u00e9s que rencontre la Sen\u2019Eau.<\/em>\nLes travailleurs du domaine de l'hydraulique se sont r\u00e9unis, samedi dernier, pour tenir leur 5e Congr\u00e8s. Pr\u00e9sent \u00e0 la rencontre, Ibrahima Di\u00e8ye, repr\u00e9sentant du secr\u00e9taire g\u00e9n\u00e9ral de la Conf\u00e9d\u00e9ration des syndicats autonomes du S\u00e9n\u00e9gal, a fulmin\u00e9 contre le fait de confier l'exploitation de l\u2019eau \u00e0 des soci\u00e9t\u00e9s \u00e9trang\u00e8res au d\u00e9triment du priv\u00e9 national. \"Les instruments pour son exploitation ont \u00e9t\u00e9 mis en place et cr\u00e9\u00e9s avec les deniers publics des S\u00e9n\u00e9galais. Et parmi ceux qui exploitent, 99 % des gens qui font le travail sont des S\u00e9n\u00e9galais\", d\u00e9plore le syndicaliste.\nIbrahima Di\u00e8ye de rench\u00e9rir\u00a0: \"Si les techniciens, tous ceux qui sont dans le circuit de l'exploitation sont des S\u00e9n\u00e9galais, a-t-on vraiment besoin de partager avec d'autres qui ne font qu'assister et dont les bureaux sont vides de dossiers, parce qu'il n'y a rien \u00e0 faire\u00a0? Pratiquement tout le travail \u00e9tant fait par la cha\u00eene assur\u00e9e par des nationaux\u00a0?\"\nD\u00e8s lors, Ibrahima Di\u00e8ye voudrait que\u00a0les g\u00e9n\u00e9rations actuelles n'acceptent plus que cette exploitation puisse continuer, car, d'apr\u00e8s lui, il y a des d\u00e9faillances dans la gestion. \"On nous dit qu'il y a un d\u00e9ficit. Non pas de millions, non pas de centaines de millions, mais des milliards. Et maintenant, m\u00eame en dizaines de milliards. Quand on vous confie une soci\u00e9t\u00e9 pour sa gestion et son exploitation, quand vous \u00eates \u00e0 trois ann\u00e9es successives de d\u00e9ficit, le bon sens aurait \u00e9t\u00e9 v\u00e9ritablement de se d\u00e9mettre ou d'\u00eatre d\u00e9mis\", dit-il.\nPr\u00e9occup\u00e9 par la situation qui pr\u00e9vaut \u00e0 Sen'Eau, il r\u00e9v\u00e8le\u00a0: \"Nous savons qu'il y a beaucoup de fournisseurs qui ne sont pas pay\u00e9s. Mais quels fournisseurs\u00a0? Ce ne sont pas les seuls fournisseurs. Si on cat\u00e9gorise et on privil\u00e9gie des fournisseurs, c'est-\u00e0-dire, quelque part, il faut se poser des questions. Le S\u00e9n\u00e9gal a besoin de ses ressources. L'eau est une ressource. Son exploitation permet au S\u00e9n\u00e9gal d'avoir d'autres ressources\", soutient le membre du CSA, qui souligne que les retomb\u00e9es financi\u00e8res peuvent \u00eatre r\u00e9investies pour permettre que l'eau soit accessible \u00e0 tous.\n<h4 class=\"blue\"><strong><em>Le combat pour la revalorisation des salaires<\/em><\/strong><\/h4>\nEn outre, la rencontre du Syndicat autonome des travailleurs des eaux du S\u00e9n\u00e9gal avait pour but de faire l\u2019\u00e9tat des lieux et de d\u00e9gager les perspectives. \"Le 5e Congr\u00e8s du Sates est un Congr\u00e8s statutaire. C'est-\u00e0-dire que tous les quatre ans, le syndicat doit \u00eatre renouvel\u00e9. On fait un bilan des \u00e9tapes pass\u00e9es. On fait des r\u00e9solutions qui nous permettent de prendre conscience des r\u00e9sultats obtenus. \u00c9valuer et maintenant tracer de nouveaux jalons. Parce que dans les organisations d\u00e9mocratiques, ou on s'arc-boute ou bien, quand on donne des le\u00e7ons aux politiques de faire un mandat ou deux, nous devons nous l'appliquer\", a d\u00e9clar\u00e9 \u00c9limane Diouf, Secr\u00e9taire g\u00e9n\u00e9ral du Sates, qui voit son mandat tirer \u00e0 sa fin et qui va c\u00e9der la place aux jeunes.\nMais avant, il souligne qu'ils ont le challenge de renouveler \u00e0 la fois les instances et de tirer des le\u00e7ons du mandat \u00e9coul\u00e9. \"Ce qui a march\u00e9, nous savons. Ce qui n'a pas march\u00e9, on regardera maintenant comment am\u00e9liorer par rapport au v\u00e9cu des travailleurs. C'est \u00e7a l'objet d'un congr\u00e8s statutaire de l'organisation. Nous avons connu aujourd'hui une \u00e9volution importante de notre organisation. Parce que, avant 2019, on \u00e9tait Sates SDE. Avec la r\u00e9forme de 2020, nous sommes \u00e0 la Sen'Eau majoritairement, mais nous sommes aussi \u00e0 la SDE. Nous avons tout r\u00e9cemment accueilli des camarades de S\u00e9o\". Il ajoute\u00a0: \"Il y a aussi les camarades d\u2019Aquatech qui sont dans la r\u00e9gion de Thi\u00e8s et de Diourbel. Donc, ces quatre entreprises affili\u00e9es \u00e0 notre syndicat de base donnent encore plus de chantiers \u00e0 accompagner.\"\nS\u2019agissant du bilan, il a rappel\u00e9 que dans les ann\u00e9es 2017, 2018 et 2019, ils ont men\u00e9 de grands combats. \u2018\u2019Il s'agissait de r\u00e9ussir \u00e0 imposer \u00e0 l\u2019\u00c9tat une augmentation de notre part dans le capital de diversification. Nous avons obtenu un repr\u00e9sentant des travailleurs issu de l'administration\", se f\u00e9licite le patron du Sates qui y voit une v\u00e9ritable avanc\u00e9e.\nIl s\u2019y ajoute les autres progr\u00e8s qui ont trait aux avancements annuels des travailleurs, l\u2019augmentation de certaines primes et la cr\u00e9ation de la prime de responsabilit\u00e9. En 2022, il rappelle qu\u2019il y a eu une gr\u00e8ve g\u00e9n\u00e9rale qui avait pour objet de faire en sorte que les pr\u00e9occupations des travailleurs soient prises en compte. \"Dans le m\u00e9morandum de 2019 issu de la r\u00e9forme, il \u00e9tait retenu de discuter d'une am\u00e9lioration consid\u00e9rable des r\u00e9mun\u00e9rations \u00e0 hauteur de 40 % avec le nouveau fermier qui devait prendre le relais, Sen'Eau. C'est ce combat-l\u00e0 qu'on a men\u00e9 en 2022 sur lequel nous sommes toujours en bataille avec la Direction\u00a0g\u00e9n\u00e9rale de Sen'Eau. Nous devions entamer de nouvelles n\u00e9gociations. Nous allons continuer \u00e0 nous battre pour que les travailleurs connaissent une meilleure am\u00e9lioration\".<em>MOUHAMADOU RASSOUL KANE <\/em>\n","protected":false},"excerpt":{"rendered":"<p>5e CONGR\u00c8S DU SATES -CSA -AQUATECH \u2013 SDE : Haro sur les \u2018\u2019d\u00e9ficits\u2019\u2019 de Sen\u2019Eau https:\/\/www.enqueteplus.com Le Syndicat autonome des travailleurs des eaux du S\u00e9n\u00e9gal a tenu son 5e Congr\u00e8s pour tirer le bilan des actions des ann\u00e9es pass\u00e9es et poser de nouveaux jalons. Une occasion pour discuter de la gestion du secteur, des mauvaises [&hellip;]<\/p>\n","protected":false},"author":8,"featured_media":0,"comment_status":"open","ping_status":"open","sticky":false,"template":"","format":"standard","meta":{"_jetpack_newsletter_access":"","_jetpack_dont_email_post_to_subs":false,"_jetpack_newsletter_tier_id":0,"_jetpack_memberships_contains_paywalled_content":false,"_jetpack_memberships_contains_paid_content":false,"footnotes":""},"categories":[42],"tags":[1236,1233,1235,1234],"class_list":["post-14435","post","type-post","status-publish","format-standard","hentry","category-economie","tag-aquatech","tag-csa","tag-sates","tag-sen-eau"],"jetpack_featured_media_url":"","jetpack_sharing_enabled":true,"_links":{"self":[{"href":"https:\/\/rp221.com\/index.php?rest_route=\/wp\/v2\/posts\/14435","targetHints":{"allow":["GET"]}}],"collection":[{"href":"https:\/\/rp221.com\/index.php?rest_route=\/wp\/v2\/posts"}],"about":[{"href":"https:\/\/rp221.com\/index.php?rest_route=\/wp\/v2\/types\/post"}],"author":[{"embeddable":true,"href":"https:\/\/rp221.com\/index.php?rest_route=\/wp\/v2\/users\/8"}],"replies":[{"embeddable":true,"href":"https:\/\/rp221.com\/index.php?rest_route=%2Fwp%2Fv2%2Fcomments&post=14435"}],"version-history":[{"count":0,"href":"https:\/\/rp221.com\/index.php?rest_route=\/wp\/v2\/posts\/14435\/revisions"}],"wp:attachment":[{"href":"https:\/\/rp221.com\/index.php?rest_route=%2Fwp%2Fv2%2Fmedia&parent=14435"}],"wp:term":[{"taxonomy":"category","embeddable":true,"href":"https:\/\/rp221.com\/index.php?rest_route=%2Fwp%2Fv2%2Fcategories&post=14435"},{"taxonomy":"post_tag","embeddable":true,"href":"https:\/\/rp221.com\/index.php?rest_route=%2Fwp%2Fv2%2Ftags&post=14435"}],"curies":[{"name":"wp","href":"https:\/\/api.w.org\/{rel}","templated":true}]}}