{"id":14425,"date":"2023-03-02T22:34:06","date_gmt":"2023-03-02T22:34:06","guid":{"rendered":"https:\/\/rp221.com\/?p=14425"},"modified":"2023-03-02T22:47:43","modified_gmt":"2023-03-02T22:47:43","slug":"le-pm-detaille-les-objectifs-du-budget-dinvestissement-triennal-alloue-a-sedhiou","status":"publish","type":"post","link":"https:\/\/rp221.com\/?p=14425","title":{"rendered":"Le PM d\u00e9taille les objectifs du budget d&rsquo;investissement triennal allou\u00e9 \u00e0 S\u00e9dhiou"},"content":{"rendered":"\n<h3 class=\"red\"><strong><em>Le PM d\u00e9taille les objectifs du budget d'investissement triennal allou\u00e9 \u00e0 S\u00e9dhiou<\/em><\/strong><\/h3>\nS\u00e9dhiou, 1-er mars (APS) - Le budget d'investissement triennal (2023-2025) de 400 milliards dont va b\u00e9n\u00e9ficier S\u00e9dhiou va essentiellement servir \u00e0 r\u00e9sorber les abris provisoires dans les \u00e9coles, le nombre de classes de fortune ayant d\u00e9j\u00e0 \u00e9t\u00e9 r\u00e9duit de moiti\u00e9 dans cette r\u00e9gion, entre 2015 et 2022, a-t-on appris mercredi du Premier ministre, Amadou Ba.\n<h4 class=\"blue\"><strong><em>\"Le pr\u00e9sident veut acc\u00e9l\u00e9rer r\u00e9ellement le d\u00e9veloppement de cette belle r\u00e9gion de S\u00e9dhiou. Ce budget d'investissement de\u00a0400 milliards de francs CFA allou\u00e9 \u00e0 la r\u00e9gion de S\u00e9dhiou sur les trois prochaines ann\u00e9es devra permettre d\u2019\u00e9radiquer totalement les abris provisoires\", a d\u00e9clar\u00e9 le chef du gouvernement.<\/em><\/strong><\/h4>\nIl s'adressait \u00e0 des journalistes, au terme du Conseil des ministres d\u00e9centralis\u00e9 \u00e0 S\u00e9dhiou et qui a notamment permis de faire le point sur l\u2019ex\u00e9cution du programme arr\u00eat\u00e9 pour le compte du budget d'investissement allou\u00e9 \u00e0 la r\u00e9gion de S\u00e9dhiou pour les trois prochaines ann\u00e9es (2023-2025).\n\"Il faut rappeler que ces abris ont \u00e9t\u00e9 aujourd'hui r\u00e9duits de moiti\u00e9\" dans les \u00e9coles de la r\u00e9gion, a soulign\u00e9 le Premier ministre, selon lequel de 1198 abris provisoires en 2015, ces classes sous paillote am\u00e9nag\u00e9es \u00e0 partir de paille ou de \"crintin\" ne sont plus que 673 \u00e0 S\u00e9dhiou, selon Amadou Ba.\n\"De 2015 \u00e0 maintenant, le gouvernement a pu construire 352 salles de classe dans la r\u00e9gion de S\u00e9dhiou, 262 blocs d'hygi\u00e8ne et administratif\", ainsi que des lyc\u00e9es \u00e0 Marsassoum et Tanaff. Le chef du gouvernement a aussi cit\u00e9 l\u2019inspection d'acad\u00e9mie de S\u00e9dhiou dont la construction a \u00e9t\u00e9 achev\u00e9e.\nUn institut sup\u00e9rieur d'enseignement professionnel (ISEP) a \u00e9t\u00e9 \u00e9galement \u00e9rig\u00e9 \u00e0 S\u00e9dhiou, de m\u00eame qu\u2019un centre de recherche dont il n\u2019a pas pr\u00e9cis\u00e9 la sp\u00e9cialit\u00e9.\nLe budget d\u2019investissement triennal allou\u00e9 \u00e0 S\u00e9dhiou devrait par ailleurs permettre de r\u00e9gler les questions d\u2019\u00e9lectrification rurale et de mobilit\u00e9 dans cette r\u00e9gion, \u00e0 partir de pistes de production qui vont \u00eatre r\u00e9alis\u00e9es \"surtout dans les d\u00e9partements de Bounkiling et de Goudomp o\u00f9 effectivement, il y a des efforts encore \u00e0 faire nonobstant ce qui a \u00e9t\u00e9 fait\", a indiqu\u00e9 le Premier ministre.\nIl va en outre servir \u00e0 r\u00e9aliser les investissements arr\u00eat\u00e9s dans le cadre du programme d'assainissement dont va b\u00e9n\u00e9ficier S\u00e9dhiou, incluant un volet hydraulique. \"Ces programmes vont permettre \u00e0 la r\u00e9gion de S\u00e9dhiou de rattraper d\u00e9finitivement son retard, et ceci dans un d\u00e9lai qui n'exc\u00e9dera pas les 3 ann\u00e9es \u00e0 venir\", a assur\u00e9 le Premier ministre.\nAmadou Ba est aussi revenu sur la probl\u00e9matique des bourses de s\u00e9curit\u00e9 familiale et de la carte d'\u00e9galit\u00e9 des chances. Il a annonc\u00e9 que \"dans les prochains jours\", des communications seront faites en Conseil des ministres \"pour dire exactement \u00e0 la population s\u00e9n\u00e9galaise l'\u00e9tat d'ex\u00e9cution de ses directives pr\u00e9sidentielles\".\nIl a rappel\u00e9 qu'en 2015, 200 milliards de francs CFA d'investissements publics avaient \u00e9t\u00e9 arr\u00eat\u00e9s pour am\u00e9liorer la mobilit\u00e9 de la r\u00e9gion de S\u00e9dhiou\n\"En 2022, c'est 289 milliards qui ont \u00e9t\u00e9 investis. Ces 289 milliards ont permis de faire des ouvrages exceptionnels\", a affirm\u00e9 Amadou Ba. Il a cit\u00e9 le pont Famara Ibrahima Sagna de Marsassoum, la route nationale num\u00e9ro <a href=\"https:\/\/www.google.com\/maps\/search\/4+(RN4?entry=gmail&amp;source=g\">4 (RN4<\/a>), la boucle du Boudi\u00e9 et la construction de l'h\u00f4pital Amadou Tidiane Ba de S\u00e9dhiou.\n\"Tout cela a permis \u00e0 la r\u00e9gion de S\u00e9dhiou de faire des progr\u00e8s que le pr\u00e9sident de la R\u00e9publique a pu constater. Et cela a aussi permis au pr\u00e9sident de demander au gouvernement de mettre en \u0153uvre un nouveau programme qui, cette fois-ci, est fix\u00e9 \u00e0 400 milliards Francs CFA \", a relev\u00e9 Amadou Ba.MNF\/BK\/MTN\n","protected":false},"excerpt":{"rendered":"<p>Le PM d\u00e9taille les objectifs du budget d&rsquo;investissement triennal allou\u00e9 \u00e0 S\u00e9dhiou S\u00e9dhiou, 1-er mars (APS) &#8211; Le budget d&rsquo;investissement triennal (2023-2025) de 400 milliards dont va b\u00e9n\u00e9ficier S\u00e9dhiou va essentiellement servir \u00e0 r\u00e9sorber les abris provisoires dans les \u00e9coles, le nombre de classes de fortune ayant d\u00e9j\u00e0 \u00e9t\u00e9 r\u00e9duit de moiti\u00e9 dans cette r\u00e9gion, [&hellip;]<\/p>\n","protected":false},"author":8,"featured_media":0,"comment_status":"open","ping_status":"open","sticky":false,"template":"","format":"standard","meta":{"_jetpack_newsletter_access":"","_jetpack_dont_email_post_to_subs":false,"_jetpack_newsletter_tier_id":0,"_jetpack_memberships_contains_paywalled_content":false,"_jetpack_memberships_contains_paid_content":false,"footnotes":""},"categories":[42],"tags":[164],"class_list":["post-14425","post","type-post","status-publish","format-standard","hentry","category-economie","tag-amadou-ba"],"jetpack_featured_media_url":"","jetpack_sharing_enabled":true,"_links":{"self":[{"href":"https:\/\/rp221.com\/index.php?rest_route=\/wp\/v2\/posts\/14425","targetHints":{"allow":["GET"]}}],"collection":[{"href":"https:\/\/rp221.com\/index.php?rest_route=\/wp\/v2\/posts"}],"about":[{"href":"https:\/\/rp221.com\/index.php?rest_route=\/wp\/v2\/types\/post"}],"author":[{"embeddable":true,"href":"https:\/\/rp221.com\/index.php?rest_route=\/wp\/v2\/users\/8"}],"replies":[{"embeddable":true,"href":"https:\/\/rp221.com\/index.php?rest_route=%2Fwp%2Fv2%2Fcomments&post=14425"}],"version-history":[{"count":0,"href":"https:\/\/rp221.com\/index.php?rest_route=\/wp\/v2\/posts\/14425\/revisions"}],"wp:attachment":[{"href":"https:\/\/rp221.com\/index.php?rest_route=%2Fwp%2Fv2%2Fmedia&parent=14425"}],"wp:term":[{"taxonomy":"category","embeddable":true,"href":"https:\/\/rp221.com\/index.php?rest_route=%2Fwp%2Fv2%2Fcategories&post=14425"},{"taxonomy":"post_tag","embeddable":true,"href":"https:\/\/rp221.com\/index.php?rest_route=%2Fwp%2Fv2%2Ftags&post=14425"}],"curies":[{"name":"wp","href":"https:\/\/api.w.org\/{rel}","templated":true}]}}