{"id":14397,"date":"2023-03-02T22:27:45","date_gmt":"2023-03-02T22:27:45","guid":{"rendered":"https:\/\/rp221.com\/?p=14397"},"modified":"2023-03-02T22:28:08","modified_gmt":"2023-03-02T22:28:08","slug":"la-der-degage-3-milliards-pour-des-entrepreneurs-de-casamance","status":"publish","type":"post","link":"https:\/\/rp221.com\/?p=14397","title":{"rendered":"La DER d\u00e9gage 3 milliards pour des entrepreneurs de Casamance"},"content":{"rendered":"\n<h3 class=\"red\"><strong><em>La DER d\u00e9gage 3 milliards pour des entrepreneurs de Casamance<\/em><\/strong><\/h3>\nS\u00e9dhiou, 1er mars (APS) \u2013 La D\u00e9l\u00e9gation g\u00e9n\u00e9rale \u00e0 l\u2019entreprenariat rapide des femmes et des jeunes (DER\/FJ) a d\u00e9gag\u00e9 un financement de 3 milliards de francs CFA au profit de jeunes entrepreneurs de la r\u00e9gion naturelle de Casamance (sud), dont ceux de S\u00e9dhiou.\nCet accompagnement financier va b\u00e9n\u00e9ficier \u00e0 6.825 entrepreneurs au total, a pr\u00e9cis\u00e9 la d\u00e9l\u00e9gu\u00e9e g\u00e9n\u00e9rale \u00e0 l'entreprenariat rapide des femmes et des jeunes,\u00a0Mame Aby S\u00e8ye, mercredi, \u00e0 S\u00e9dhiou, au cours d'une c\u00e9r\u00e9monie de remise symbolique de financements \u00e0 des b\u00e9n\u00e9ficiaires.\n<h4 class=\"blue\"><strong><em>\"Globalement, c'est une enveloppe de 3 milliards qui est d\u00e9bloqu\u00e9 pour le compte de la r\u00e9gion naturelle de Casamance\", a pr\u00e9cis\u00e9 Mame Aby S\u00e8ye.\u00a0<\/em><\/strong><\/h4>\nLes jeunes et femmes b\u00e9n\u00e9ficiaires de ce financement \u00e9voluant dans des secteurs tels que la transformation des produits locaux, la poissonnerie et le commerce de la noix de cajou.\nIls vont chacun b\u00e9n\u00e9ficier d\u2019un financement en fonction du volume de leur activit\u00e9, a-t-elle indiqu\u00e9.\nMame Abby S\u00e8ye a profit\u00e9 de cette occasion pour exhorter les b\u00e9n\u00e9ficiaires \u00e0 rembourser les financements qui leur ont \u00e9t\u00e9 octroy\u00e9s, pour que \"la continuit\u00e9 des actions\" de la DER soit assur\u00e9e.\nDes b\u00e9n\u00e9ficiaires de S\u00e9dhiou ont fait part de leur satisfaction, soulignant que ce financement est d'autant plus bienvenu que la r\u00e9gion regorge de beaucoup de potentialit\u00e9s \u00e0 exploiter.\nLes jeunes doivent s'engager davantage dans l'entrepreneuriat pour r\u00e9duire le ch\u00f4mage mais aussi contribuer \u00e0 freiner l'immigration irr\u00e9guli\u00e8re, un ph\u00e9nom\u00e8ne qui \"gangr\u00e8ne la zone\", a dit Mamadou Man\u00e9, un b\u00e9n\u00e9ficiaire.\nAlpha Amady Diallo, un autre b\u00e9n\u00e9ficiaire et entrepreneur \u00e0 Diend\u00e9, dans le d\u00e9partement de S\u00e9dhiou, souligne de son c\u00f4t\u00e9 que l'entrepreneuriat \"est la seule solution\" contre le ch\u00f4mage.\nIl ajoute que dans cette perspective, la DER \"est un exemple de r\u00e9ussite en termes d'accompagnement et d'encadrement des femmes et jeunes porteurs de projets\".\nLa d\u00e9l\u00e9gation g\u00e9n\u00e9rale \u00e0 l'entreprenariat rapide des femmes et des jeunes (DER\/FJ) avait lanc\u00e9, en septembre dernier, un appel \u00e0 projets pour financer les activit\u00e9s de certains entrepreneurs.OB\/BK\/ASG\n","protected":false},"excerpt":{"rendered":"<p>La DER d\u00e9gage 3 milliards pour des entrepreneurs de Casamance S\u00e9dhiou, 1er mars (APS) \u2013 La D\u00e9l\u00e9gation g\u00e9n\u00e9rale \u00e0 l\u2019entreprenariat rapide des femmes et des jeunes (DER\/FJ) a d\u00e9gag\u00e9 un financement de 3 milliards de francs CFA au profit de jeunes entrepreneurs de la r\u00e9gion naturelle de Casamance (sud), dont ceux de S\u00e9dhiou. Cet accompagnement [&hellip;]<\/p>\n","protected":false},"author":8,"featured_media":0,"comment_status":"open","ping_status":"open","sticky":false,"template":"","format":"standard","meta":{"_jetpack_newsletter_access":"","_jetpack_dont_email_post_to_subs":false,"_jetpack_newsletter_tier_id":0,"_jetpack_memberships_contains_paywalled_content":false,"_jetpack_memberships_contains_paid_content":false,"footnotes":""},"categories":[42],"tags":[506],"class_list":["post-14397","post","type-post","status-publish","format-standard","hentry","category-economie","tag-der-fj"],"jetpack_featured_media_url":"","jetpack_sharing_enabled":true,"_links":{"self":[{"href":"https:\/\/rp221.com\/index.php?rest_route=\/wp\/v2\/posts\/14397","targetHints":{"allow":["GET"]}}],"collection":[{"href":"https:\/\/rp221.com\/index.php?rest_route=\/wp\/v2\/posts"}],"about":[{"href":"https:\/\/rp221.com\/index.php?rest_route=\/wp\/v2\/types\/post"}],"author":[{"embeddable":true,"href":"https:\/\/rp221.com\/index.php?rest_route=\/wp\/v2\/users\/8"}],"replies":[{"embeddable":true,"href":"https:\/\/rp221.com\/index.php?rest_route=%2Fwp%2Fv2%2Fcomments&post=14397"}],"version-history":[{"count":0,"href":"https:\/\/rp221.com\/index.php?rest_route=\/wp\/v2\/posts\/14397\/revisions"}],"wp:attachment":[{"href":"https:\/\/rp221.com\/index.php?rest_route=%2Fwp%2Fv2%2Fmedia&parent=14397"}],"wp:term":[{"taxonomy":"category","embeddable":true,"href":"https:\/\/rp221.com\/index.php?rest_route=%2Fwp%2Fv2%2Fcategories&post=14397"},{"taxonomy":"post_tag","embeddable":true,"href":"https:\/\/rp221.com\/index.php?rest_route=%2Fwp%2Fv2%2Ftags&post=14397"}],"curies":[{"name":"wp","href":"https:\/\/api.w.org\/{rel}","templated":true}]}}