{"id":14396,"date":"2023-03-02T22:26:09","date_gmt":"2023-03-02T22:26:09","guid":{"rendered":"https:\/\/rp221.com\/?p=14396"},"modified":"2023-03-02T22:28:03","modified_gmt":"2023-03-02T22:28:03","slug":"gestion-des-ports-macky-sall-change-les-regles","status":"publish","type":"post","link":"https:\/\/rp221.com\/?p=14396","title":{"rendered":"Gestion des ports : Macky Sall change les r\u00e8gles"},"content":{"rendered":"\n<h3 class=\"red\"><strong><em>Gestion des ports : Macky Sall change les r\u00e8gles<\/em><\/strong><\/h3>\n<a href=\"https:\/\/www.seneweb.com\" data-saferedirecturl=\"https:\/\/www.google.com\/url?hl=fr&amp;q=https:\/\/www.seneweb.com&amp;source=gmail&amp;ust=1677872532495000&amp;usg=AOvVaw3HIpAOWacxwe2OJDJxCW8h\">https:\/\/www.seneweb.com<\/a> La gestion des ports publics du S\u00e9n\u00e9gal est d\u00e9sormais du ressort du Port autonome de Dakar (PAD). Ainsi en a d\u00e9cid\u00e9 le Pr\u00e9sident Macky Sall, qui a pris en ce sens un d\u00e9cret. \u00ab(Le texte) permet au PAD d\u2019\u00e9tendre sa juridiction \u00e0 l\u2019ensemble des p\u00f4les portuaires du S\u00e9n\u00e9gal tant en ce qui concerne les conditions d\u2019am\u00e9nagement, d\u2019exploitation, de conservation que de d\u00e9veloppement\u00bb, pr\u00e9cise Lib\u00e9ration, qui donne l\u2019information dans son \u00e9dition de ce mercredi.\nCette nouvelle disposition concerne les ports maritimes, fluvio-maritimes, de p\u00eache, de plaisance et secs. Lib\u00e9ration ajoute qu\u2019\u00e0 travers ce d\u00e9cret l\u2019\u00c9tat c\u00e8de en plus au PAD ses droits et obligations dans le cadre de la convention le liant avec S\u00e9n\u00e9gal minergy port pour l\u2019exploitation du port vraquier Bargny-Sendou, ainsi que son droit de pr\u00e9emption pour l\u2019acquisition des terrains mis en vente par les entit\u00e9s publiques ou priv\u00e9es.\n","protected":false},"excerpt":{"rendered":"<p>Gestion des ports : Macky Sall change les r\u00e8gles https:\/\/www.seneweb.com La gestion des ports publics du S\u00e9n\u00e9gal est d\u00e9sormais du ressort du Port autonome de Dakar (PAD). Ainsi en a d\u00e9cid\u00e9 le Pr\u00e9sident Macky Sall, qui a pris en ce sens un d\u00e9cret. \u00ab(Le texte) permet au PAD d\u2019\u00e9tendre sa juridiction \u00e0 l\u2019ensemble des p\u00f4les [&hellip;]<\/p>\n","protected":false},"author":8,"featured_media":0,"comment_status":"open","ping_status":"open","sticky":false,"template":"","format":"standard","meta":{"_jetpack_newsletter_access":"","_jetpack_dont_email_post_to_subs":false,"_jetpack_newsletter_tier_id":0,"_jetpack_memberships_contains_paywalled_content":false,"_jetpack_memberships_contains_paid_content":false,"footnotes":""},"categories":[42],"tags":[59],"class_list":["post-14396","post","type-post","status-publish","format-standard","hentry","category-economie","tag-macky-sall"],"jetpack_featured_media_url":"","jetpack_sharing_enabled":true,"_links":{"self":[{"href":"https:\/\/rp221.com\/index.php?rest_route=\/wp\/v2\/posts\/14396","targetHints":{"allow":["GET"]}}],"collection":[{"href":"https:\/\/rp221.com\/index.php?rest_route=\/wp\/v2\/posts"}],"about":[{"href":"https:\/\/rp221.com\/index.php?rest_route=\/wp\/v2\/types\/post"}],"author":[{"embeddable":true,"href":"https:\/\/rp221.com\/index.php?rest_route=\/wp\/v2\/users\/8"}],"replies":[{"embeddable":true,"href":"https:\/\/rp221.com\/index.php?rest_route=%2Fwp%2Fv2%2Fcomments&post=14396"}],"version-history":[{"count":0,"href":"https:\/\/rp221.com\/index.php?rest_route=\/wp\/v2\/posts\/14396\/revisions"}],"wp:attachment":[{"href":"https:\/\/rp221.com\/index.php?rest_route=%2Fwp%2Fv2%2Fmedia&parent=14396"}],"wp:term":[{"taxonomy":"category","embeddable":true,"href":"https:\/\/rp221.com\/index.php?rest_route=%2Fwp%2Fv2%2Fcategories&post=14396"},{"taxonomy":"post_tag","embeddable":true,"href":"https:\/\/rp221.com\/index.php?rest_route=%2Fwp%2Fv2%2Ftags&post=14396"}],"curies":[{"name":"wp","href":"https:\/\/api.w.org\/{rel}","templated":true}]}}