{"id":14395,"date":"2023-03-02T22:22:34","date_gmt":"2023-03-02T22:22:34","guid":{"rendered":"https:\/\/rp221.com\/?p=14395"},"modified":"2023-03-02T22:28:01","modified_gmt":"2023-03-02T22:28:01","slug":"berlin-le-senegal-parmi-les-invites-a-lassemblee-annuelle-de-lassociation-des-petites-et-entreprises-allemandes","status":"publish","type":"post","link":"https:\/\/rp221.com\/?p=14395","title":{"rendered":"Berlin : le S\u00e9n\u00e9gal parmi les invit\u00e9s \u00e0 l\u2019assembl\u00e9e annuelle de l\u2019association des petites et entreprises allemandes"},"content":{"rendered":"\n<h3 class=\"red\"><strong><em>Berlin : le S\u00e9n\u00e9gal parmi les invit\u00e9s \u00e0 l\u2019assembl\u00e9e annuelle de l\u2019association des petites et entreprises allemandes<\/em><\/strong><\/h3>\n<strong><a href=\"https:\/\/www.sudquotidien.sn\" data-saferedirecturl=\"https:\/\/www.google.com\/url?hl=fr&amp;q=https:\/\/www.sudquotidien.sn&amp;source=gmail&amp;ust=1677872532495000&amp;usg=AOvVaw1wuB0MfE14953bFHIPMFBL\">https:\/\/www.sudquotidien.sn<\/a> Le ministre de l\u2019Economie, du plan et de la coop\u00e9ration, Mme Oulimata Sarr a \u00e9t\u00e9 d\u00e9sign\u00e9e pour repr\u00e9senter le S\u00e9n\u00e9gal en compagnie du Directeur G\u00e9n\u00e9ral de l\u2019Apix-SA, Monsieur Abdoulaye Balde \u00e0 l\u2019assembl\u00e9e annuelle de l\u2019Association des Petites et Moyennes entreprises allemandes. La rencontre qui a r\u00e9uni 3000 entreprises, a \u00e9galement enregistr\u00e9e la pr\u00e9sence de nombreux autres pays d\u2019Afrique, qui n\u2019ont pas manqu\u00e9 d\u2019\u00e9taler les atouts du continent en mati\u00e8re d\u2019opportunit\u00e9 d\u2019investissement.<\/strong>\nIls sont entre autres le S\u00e9n\u00e9gal, le Botswana, le Lesotho,\u00a0la Mauritanie, la Guin\u00e9e, le Nigeria, le Togo et l\u2019ensemble des pays membres de l\u2019alliance compact with Africa a prendre part\u00a0activement \u00e0 cet \u00e9v\u00e9nement majeur.\n<h4 class=\"blue\"><strong><em>A cette occasion, le S\u00e9n\u00e9gal s\u2019est distingu\u00e9 lors du panel sur les perspectives de l\u2019investissement durable pour les entreprises allemandes en Afrique auquel a brillamment pris part Mme le Ministre de l\u2019Economie, du Plan et de la Coop\u00e9ration, Mme Oulimata Sarr.<\/em><\/strong><\/h4>\nA ce titre, elle a rappel\u00e9, la r\u00e9silience de notre \u00e9conomie durant l\u2019ann\u00e9e 2020, le r\u00e9am\u00e9nagement de notre politique \u00e9conomique pour garder notre trajectoire de croissance PAP2A, la croissance de plus de 6% de notre Pib en 2022, les perspectives de taux de croissance de 10% de Pib en 2023, le d\u00e9but d\u2019exploitation de nos ressources gazi\u00e8res et l\u2019option gas to power gas to industrie.\nPar ailleurs, elle a invit\u00e9 le patronat allemand a massivement particip\u00e9 au grand forum Invest\u2019 in Senegal organis\u00e9 par l\u2019Apix pour le S\u00e9n\u00e9gal pr\u00e9vu en juillet 2023. Ainsi, durant le business\u00a0forum tenu tout au long de la journ\u00e9e, le directeur g\u00e9n\u00e9ral de L\u2019APIX-S.A, M. Abdoulaye BALDE, a re\u00e7u plusieurs chefs d\u2019entreprises allemandes parmi lesquels on note Mme Christiane Kragh DG de Off Gridd, Mr Timon Herzog\u00a0DG de Grips Energie sp\u00e9cialis\u00e9s\u00a0dans l\u2019\u00e9lectrification rurale, Mr Horst Gastmann\u00a0d\u00e9veloppeur de zone industrielle \u00e0 Diourbel sur 50 ha.\nIl faut rappeler que l\u00b4assembl\u00e9e g\u00e9n\u00e9rale de l\u2019Association des PME allemandes est le plus grand \u00e9v\u00e9nement de r\u00e9seautage pour les PME dans la sph\u00e8re politique berlinoise.OG\n","protected":false},"excerpt":{"rendered":"<p>Berlin : le S\u00e9n\u00e9gal parmi les invit\u00e9s \u00e0 l\u2019assembl\u00e9e annuelle de l\u2019association des petites et entreprises allemandes https:\/\/www.sudquotidien.sn Le ministre de l\u2019Economie, du plan et de la coop\u00e9ration, Mme Oulimata Sarr a \u00e9t\u00e9 d\u00e9sign\u00e9e pour repr\u00e9senter le S\u00e9n\u00e9gal en compagnie du Directeur G\u00e9n\u00e9ral de l\u2019Apix-SA, Monsieur Abdoulaye Balde \u00e0 l\u2019assembl\u00e9e annuelle de l\u2019Association des Petites [&hellip;]<\/p>\n","protected":false},"author":8,"featured_media":0,"comment_status":"open","ping_status":"open","sticky":false,"template":"","format":"standard","meta":{"_jetpack_newsletter_access":"","_jetpack_dont_email_post_to_subs":false,"_jetpack_newsletter_tier_id":0,"_jetpack_memberships_contains_paywalled_content":false,"_jetpack_memberships_contains_paid_content":false,"footnotes":""},"categories":[42],"tags":[],"class_list":["post-14395","post","type-post","status-publish","format-standard","hentry","category-economie"],"jetpack_featured_media_url":"","jetpack_sharing_enabled":true,"_links":{"self":[{"href":"https:\/\/rp221.com\/index.php?rest_route=\/wp\/v2\/posts\/14395","targetHints":{"allow":["GET"]}}],"collection":[{"href":"https:\/\/rp221.com\/index.php?rest_route=\/wp\/v2\/posts"}],"about":[{"href":"https:\/\/rp221.com\/index.php?rest_route=\/wp\/v2\/types\/post"}],"author":[{"embeddable":true,"href":"https:\/\/rp221.com\/index.php?rest_route=\/wp\/v2\/users\/8"}],"replies":[{"embeddable":true,"href":"https:\/\/rp221.com\/index.php?rest_route=%2Fwp%2Fv2%2Fcomments&post=14395"}],"version-history":[{"count":0,"href":"https:\/\/rp221.com\/index.php?rest_route=\/wp\/v2\/posts\/14395\/revisions"}],"wp:attachment":[{"href":"https:\/\/rp221.com\/index.php?rest_route=%2Fwp%2Fv2%2Fmedia&parent=14395"}],"wp:term":[{"taxonomy":"category","embeddable":true,"href":"https:\/\/rp221.com\/index.php?rest_route=%2Fwp%2Fv2%2Fcategories&post=14395"},{"taxonomy":"post_tag","embeddable":true,"href":"https:\/\/rp221.com\/index.php?rest_route=%2Fwp%2Fv2%2Ftags&post=14395"}],"curies":[{"name":"wp","href":"https:\/\/api.w.org\/{rel}","templated":true}]}}