{"id":14388,"date":"2023-03-02T22:18:34","date_gmt":"2023-03-02T22:18:34","guid":{"rendered":"https:\/\/rp221.com\/?p=14388"},"modified":"2023-03-02T22:27:58","modified_gmt":"2023-03-02T22:27:58","slug":"souveraineteresilience-alimentaire-lafrique-est-bien-moins-mal-lotie-quelle-ny-parait","status":"publish","type":"post","link":"https:\/\/rp221.com\/?p=14388","title":{"rendered":"SOUVERAINET\u00c9,R\u00c9SILIENCE ALIMENTAIRE : L\u2019Afrique est bien moins mal lotie qu\u2019elle n\u2019y para\u00eet"},"content":{"rendered":"\n<h3 class=\"red\"><strong><em>SOUVERAINET\u00c9,R\u00c9SILIENCE ALIMENTAIRE : L\u2019Afrique est bien moins mal lotie qu\u2019elle n\u2019y para\u00eet<\/em><\/strong><\/h3>\n<em><a href=\"https:\/\/www.enqueteplus.com\" data-saferedirecturl=\"https:\/\/www.google.com\/url?hl=fr&amp;q=https:\/\/www.enqueteplus.com&amp;source=gmail&amp;ust=1677872532494000&amp;usg=AOvVaw3QGN3lNEdCK_98OF4FavHK\">https:\/\/www.enqueteplus.com<\/a> Au Salon international de l\u2019agriculture de Paris, la r\u00e9silience du continent noir face aux chocs mondiaux a \u00e9t\u00e9 discut\u00e9e, lundi, dans le cadre d\u2019une conf\u00e9rence sur le th\u00e8me \u2018\u2019L'Afrique nourrit les Africains\u2019\u2019.<\/em>\nL\u2019Afrique se voit-elle plus laide qu\u2019elle ne l\u2019est\u00a0? La question est permise, tenant compte de certaines interventions faites, lundi, au Salon international de l\u2019agriculture de Paris. Une conf\u00e9rence sur le th\u00e8me \u2018\u2019L'Afrique nourrit les Africains\u2019\u2019, \u00e0 l\u2019heure o\u00f9 les crises internationales mettent en lumi\u00e8re des d\u00e9pendances du continent aux importations a \u00e9t\u00e9 le cadre d\u2019int\u00e9ressantes discussions autour des possibilit\u00e9s et options pour l\u2019Afrique d\u2019assurer sa souverainet\u00e9 alimentaire face aux chocs exog\u00e8nes qui l\u2019affectent.\nAu-del\u00e0 des discours officiels, les experts ont peint un tableau pas aussi d\u00e9gradant que l\u2019impression g\u00e9n\u00e9rale donne de la d\u00e9pendance du continent vis-\u00e0-vis de l\u2019ext\u00e9rieur pour s\u2019alimenter.\nLe cadre \u00e9tait d\u00e9j\u00e0 pos\u00e9 par le directeur g\u00e9n\u00e9ral de l\u2019Agence fran\u00e7aise de d\u00e9veloppement (AFD). Malgr\u00e9 les crises successives occasionn\u00e9es par la pand\u00e9mie de Covid-19 et la guerre entre la Russie et l\u2019Ukraine, R\u00e9my Rioux a affirm\u00e9, lors de son intervention, que \u2018\u2019l\u2019Afrique a montr\u00e9 beaucoup de r\u00e9silience dans les crises multiformes qui touchent le monde. La preuve, la catastrophe annonc\u00e9e sur le continent n\u2019a pas eu lieu, malgr\u00e9 quelques alertes sur la malnutrition. Il y a des forces sur lesquelles les politiques publiques agricoles peuvent s\u2019appuyer\u2019\u2019.\n<h4 class=\"blue\"><strong><em>L\u2019Afrique subsaharienne ne d\u00e9pend pas du bl\u00e9 pour se nourrir<\/em><\/strong><\/h4>\nSi les milliers de morts annonc\u00e9s en raison de la pand\u00e9mie n\u2019ont pas eu lieu, les famines non plus n\u2019ont pas \u00e9t\u00e9 alarmantes. L\u2019illustration a \u00e9t\u00e9 faite par Nicolas Bricas, socio-\u00e9conomiste au Centre de coop\u00e9ration international en recherche agronomique pour le d\u00e9veloppement (Cirad). Il affirme\u00a0: \n\u2018\u2019C\u2019est vrai que l\u2019Afrique du Nord est tr\u00e8s d\u00e9pendante des importations de c\u00e9r\u00e9ales. Mais c\u2019est compl\u00e8tement faux pour l\u2019Afrique subsaharienne qui, \u00e0 part l\u2019exception de la Zambie, de la Mauritanie et un petit peu du S\u00e9n\u00e9gal pour les zones urbaines, ne d\u00e9pend pas du bl\u00e9 pour se nourrir.\u2019\u2019\nL\u2019expert continue dans sa logique en expliquant que lorsqu\u2019on refait le calcul en regardant ce que chaque pays produit et importe, et que l\u2019on ram\u00e8ne cela en calories,\u00a0\u2018\u2019sur la moyenne 2018-2020, c\u2019est plus de 80 % des calories consomm\u00e9es en Afrique qui sont produites sur le continent. Les 20 %\u00a0d\u2019importation alimentaire que cela implique sont du m\u00eame niveau que celles faites par un pays comme la France\u2019\u2019.\nNon sans pr\u00e9ciser qu\u2019\u00e0 l\u2019int\u00e9rieur du continent, subsiste une tr\u00e8s grande diversit\u00e9. Les pays du Nord d\u00e9pendent du bl\u00e9\u00a0; ceux d\u2019Afrique de l\u2019Ouest d\u00e9pendent du riz qui n\u2019a pas \u00e9t\u00e9 vraiment touch\u00e9 par la hausse des cours mondiaux\u00a0; les pays d\u2019Afrique australe d\u00e9pendent du ma\u00efs et en importent assez peu et la partie est du Sahel, qui d\u00e9pend du mil et du sorgho, donc de la pluviom\u00e9trie.\n<h4 class=\"blue\"><strong><em>Le niveau de d\u00e9pendance alimentaire de l\u2019Afrique est au m\u00eame niveau que celui de la France<\/em><\/strong><\/h4>\nLa conf\u00e9rence organis\u00e9e par l\u2019AFD, la CEDEAO, le Cirad, le R\u00e9seau des organisations paysannes et producteurs agricoles de l\u2019Afrique de l\u2019Ouest (Roppa) a vu la participation du ministre de l\u2019Agriculture, de l\u2019\u00c9quipement rural et de la Souverainet\u00e9 alimentaire du S\u00e9n\u00e9gal. Aly Ngouille Ndiaye a soutenu, dans son intervention, qu\u2019avec 1\/3 des 828 millions de personnes souffrant de la faim dans le monde, l\u2019Afrique est un continent de paradoxes, car disposant d\u2019environ 65 % des terres arables non cultiv\u00e9es restantes dans le monde et un r\u00e9seau hydrographique tr\u00e8s dense.\nFace \u00e0 ce constat, \u2018\u2019notre vuln\u00e9rabilit\u00e9 au divers chocs par rapport \u00e0 nos potentialit\u00e9s qui s\u2019est davantage mise en exergue par la hausse des prix des denr\u00e9es alimentaires\u00a0et les perturbations de l\u2019approvisionnement alimentaire mondial dues au Covid-19, aux changements climatiques et aux conflits tels que la guerre en Ukraine, aggrave l\u2019ins\u00e9curit\u00e9 alimentaire en Afrique\u2019\u2019.\n<h4 class=\"blue\"><strong><em>Le S\u00e9n\u00e9gal sur la bonne voie\u00a0?<\/em><\/strong><\/h4>\nEn janvier dernier, le S\u00e9n\u00e9gal a annonc\u00e9 l\u2019\u00e9laboration d\u2019une strat\u00e9gie nationale de souverainet\u00e9 alimentaire sur la p\u00e9riode 2024-2029. Ce programme pr\u00e9voit de d\u00e9velopper le potentiel de l\u2019agriculture, de l\u2019\u00e9levage et de la p\u00eache, afin de favoriser la croissance \u00e9conomique du pays \u00e0 l\u2019horizon 2035.\nSelon le Premier ministre, la strat\u00e9gie devra \u00eatre en ad\u00e9quation avec les objectifs de la loi d\u2019orientation agro-sylvo-pastorale. Cette loi consiste \u2018\u2019\u00e0 r\u00e9duire l\u2019impact des risques climatiques, \u00e9conomiques, environnementaux et sanitaires par la ma\u00eetrise de l\u2019eau, la diversification des productions, la formation des ruraux dans le but d\u2019am\u00e9liorer la s\u00e9curit\u00e9 alimentaire des populations et de r\u00e9aliser, \u00e0 terme, la souverainet\u00e9 alimentaire du pays\u2019\u2019, pr\u00e9cisait Amadou Ba lors du Conseil interminist\u00e9riel sur la souverainet\u00e9 alimentaire afin d\u2019\u00e9laborer une feuille de route pour la strat\u00e9gie.\nEn outre, la strat\u00e9gie devrait permettre de diversifier la production agricole et de d\u00e9velopper les fili\u00e8res d\u2019exportation correspondant \u00e0 la demande internationale.\nLe S\u00e9n\u00e9gal se met-il ainsi sur la bonne voie\u00a0? Pour le Pr. Nicolas Bricas, c\u2019est cette diversification de la production nationale qui m\u00e8ne \u00e0 la r\u00e9silience alimentaire. \u2018\u2019Plus les pays ont une production diversifi\u00e9e, plus ils sont r\u00e9silients. Et c\u2019est la tendance g\u00e9n\u00e9rale d\u2019\u00e9volution de la production alimentaire mondiale\u2019\u2019, assure l\u2019expert du Cirad.\n<h4 class=\"blue\"><strong><em>Le march\u00e9 alimentaire int\u00e9rieur bien plus dynamique que l\u2019ext\u00e9rieur<\/em><\/strong><\/h4>\nIl n\u2019y a pas besoin d\u2019aller loin pour trouver un exemple pour le S\u00e9n\u00e9gal. Le Nigeria, pays le plus peupl\u00e9 d\u2019Afrique, avec quelque 216 millions d'habitants, selon l'ONU (2022), est pourtant l\u2019un des moins d\u00e9pendants pour son alimentation. \u2018\u2019La raison est qu\u2019elle a beaucoup diversifi\u00e9 sa production de sorte que le pays produit pratiquement tout ce dont il a besoin\u2019\u2019, renseigne le Pr. Bricas.\nAvec 1,4 milliard de consommateurs (2022), l\u2019Afrique dispose d\u2019un march\u00e9 cons\u00e9quent pour le d\u00e9veloppement de son \u00e9conomie. Aussi, remarque le Pr. Bricas, \u2018\u2019quand on compare la valeur \u00e9conomique des produits alimentaires qui sont vendus sur le march\u00e9 int\u00e9rieur avec celle des produits agricoles export\u00e9s sur le march\u00e9 international (caf\u00e9, cacao, etc.), la valeur \u00e9conomique des produits int\u00e9rieurs est incommensurablement plus \u00e9lev\u00e9e. Un seul pays fait exception (la C\u00f4te d\u2019Ivoire), en raison de sa position de leader dans l\u2019exportation du cacao. Cela veut dire que toute la dynamique agricole\u00a0est tir\u00e9e par le march\u00e9 int\u00e9rieur. Cela montre que la diversit\u00e9 alimentaire a permis l\u2019accroissement des revenus des agriculteurs\u2019\u2019.<em>Lamine Diouf<\/em>\n","protected":false},"excerpt":{"rendered":"<p>SOUVERAINET\u00c9,R\u00c9SILIENCE ALIMENTAIRE : L\u2019Afrique est bien moins mal lotie qu\u2019elle n\u2019y para\u00eet https:\/\/www.enqueteplus.com Au Salon international de l\u2019agriculture de Paris, la r\u00e9silience du continent noir face aux chocs mondiaux a \u00e9t\u00e9 discut\u00e9e, lundi, dans le cadre d\u2019une conf\u00e9rence sur le th\u00e8me \u2018\u2019L&rsquo;Afrique nourrit les Africains\u2019\u2019. L\u2019Afrique se voit-elle plus laide qu\u2019elle ne l\u2019est\u00a0? La question [&hellip;]<\/p>\n","protected":false},"author":8,"featured_media":0,"comment_status":"open","ping_status":"open","sticky":false,"template":"","format":"standard","meta":{"_jetpack_newsletter_access":"","_jetpack_dont_email_post_to_subs":false,"_jetpack_newsletter_tier_id":0,"_jetpack_memberships_contains_paywalled_content":false,"_jetpack_memberships_contains_paid_content":false,"footnotes":""},"categories":[42],"tags":[1228,1227],"class_list":["post-14388","post","type-post","status-publish","format-standard","hentry","category-economie","tag-resilience-alimentaire","tag-souverainete-alimentaire"],"jetpack_featured_media_url":"","jetpack_sharing_enabled":true,"_links":{"self":[{"href":"https:\/\/rp221.com\/index.php?rest_route=\/wp\/v2\/posts\/14388","targetHints":{"allow":["GET"]}}],"collection":[{"href":"https:\/\/rp221.com\/index.php?rest_route=\/wp\/v2\/posts"}],"about":[{"href":"https:\/\/rp221.com\/index.php?rest_route=\/wp\/v2\/types\/post"}],"author":[{"embeddable":true,"href":"https:\/\/rp221.com\/index.php?rest_route=\/wp\/v2\/users\/8"}],"replies":[{"embeddable":true,"href":"https:\/\/rp221.com\/index.php?rest_route=%2Fwp%2Fv2%2Fcomments&post=14388"}],"version-history":[{"count":0,"href":"https:\/\/rp221.com\/index.php?rest_route=\/wp\/v2\/posts\/14388\/revisions"}],"wp:attachment":[{"href":"https:\/\/rp221.com\/index.php?rest_route=%2Fwp%2Fv2%2Fmedia&parent=14388"}],"wp:term":[{"taxonomy":"category","embeddable":true,"href":"https:\/\/rp221.com\/index.php?rest_route=%2Fwp%2Fv2%2Fcategories&post=14388"},{"taxonomy":"post_tag","embeddable":true,"href":"https:\/\/rp221.com\/index.php?rest_route=%2Fwp%2Fv2%2Ftags&post=14388"}],"curies":[{"name":"wp","href":"https:\/\/api.w.org\/{rel}","templated":true}]}}