{"id":13978,"date":"2023-02-18T21:15:04","date_gmt":"2023-02-18T21:15:04","guid":{"rendered":"https:\/\/rp221.com\/?p=13978"},"modified":"2023-02-18T21:15:29","modified_gmt":"2023-02-18T21:15:29","slug":"exploitation-miniere-letat-cherche-les-cafards","status":"publish","type":"post","link":"https:\/\/rp221.com\/?p=13978","title":{"rendered":"Exploitation mini\u00e8re : l\u2019Etat cherche les cafards"},"content":{"rendered":"\n<h3 class=\"red\"><strong><em>Exploitation mini\u00e8re : l\u2019Etat cherche les cafards<\/em><\/strong><\/h3>\n<strong><a href=\"https:\/\/www.sudquotidien.sn\" data-saferedirecturl=\"https:\/\/www.google.com\/url?hl=fr&amp;q=https:\/\/www.sudquotidien.sn&amp;source=gmail&amp;ust=1676832817525000&amp;usg=AOvVaw0XiZZ3pey28C-ZVEu3EbvU\">https:\/\/www.sudquotidien.sn<\/a> Une \u00e9valuation des acquis et dommages caus\u00e9s par l\u2019exploitation mini\u00e8re a \u00e9t\u00e9 lanc\u00e9e hier, jeudi 16 f\u00e9vrier 2023. Selon le ministre aupr\u00e8s du Garde des Sceaux, ministre de la Justice, charg\u00e9 de la Bonne gouvernance et de la Promotion des droits humains, Mamadou Saliou Sow, qui a pr\u00e9sid\u00e9 la c\u00e9r\u00e9monie, il sera question de mesurer, entre autres, le niveau de respect de la responsabilit\u00e9 soci\u00e9tale des entreprises et les besoins de ren\u00e9gociation des contrats miniers.<\/strong>\nLe ministre aupr\u00e8s du Garde des Sceaux, ministre de la Justice, charg\u00e9 de la Bonne gouvernance et de la Promotion des droits humains, Mamadou Saliou Sow, loue la n\u00e9cessit\u00e9 d\u2019\u00e9valuer les acquis obtenus du secteur minier, mais aussi souligne les manquements.\u00a0<em>\u00abLe S\u00e9n\u00e9gal a fait des progr\u00e8s ind\u00e9niables dans le secteur des mines, qui lui ont notamment valu une reconnaissance internationale au titre de l\u2019Initiative pour la Transparence dans les Industries extractives (Itie). Toutefois, force est de reconnaitre que d\u2019importants d\u00e9fis restent \u00e0 adresser, de la n\u00e9gociation des contrats miniers \u00e0 leur mise en \u0153uvre. A titre indicatif, la probl\u00e9matique de la responsabilit\u00e9 des entreprises ainsi que la question de l\u2019impact \u00e9conomique et social de l\u2019exploitation des mines pour les populations locales demeurent des sujets de r\u00e9elle pr\u00e9occupation\u00bb.\u00a0<\/em>Le ministre aupr\u00e8s du Garde des Sceaux, ministre de la Justice, charg\u00e9 de la Bonne gouvernance et de la Promotion des droits humains s\u2019exprimait hier, jeudi 16 f\u00e9vrier, lors du lancement de la Mission d\u2019\u00e9valuation cibl\u00e9e sur les ressources mini\u00e8res.\nSelon toujours Mamadou Salif Sow,\u00a0<em>\u00abl\u2019\u00e9valuation cibl\u00e9e\u00a0du secteur minier, dans notre pays, proc\u00e8de d\u2019une r\u00e9elle volont\u00e9 politique de mesurer le chemin parcouru et celui qui reste \u00e0 faire dans ce domaine\u00bb.<\/em>\u00a0Il ajoute ainsi qu\u2019il est n\u00e9cessaire de faire un diagnostic sans complaisance de l\u2019exploitation mini\u00e8re pour permettre d\u2019identifier des options strat\u00e9giques pour une meilleure gouvernance du secteur. En lan\u00e7ant une \u00e9valuation sur le secteur minier, l\u2019Etat cherche \u00e0 harmoniser les points de vue de toutes les parties prenantes sur les d\u00e9cisions qui devront \u00eatre prises, afin que les retomb\u00e9es des ressources mini\u00e8res puissent \u00eatre plus ressenties par la population.\nPour le professeur Ibrahima Thioub, pr\u00e9sident de la Commission nationale de gouvernance (Cng), l\u2019\u00e9valuation cibl\u00e9e du S\u00e9n\u00e9gal dans le secteur minier devra fournir des r\u00e9ponses sur les questions cl\u00e9s comme l\u2019impact du Code minier de 2016, l\u2019effectivit\u00e9 des fonds cr\u00e9es par ce code, la situation des contrats miniers, l\u2019impact des politiques d\u2019exon\u00e9ration fiscale et des mesures incitatives dans le secteur minier sur l\u2019\u00e9conomie.\u00a0Mieux, elle devra aussi servir \u00e0 mesurer les impacts sociaux et environnementaux de l\u2019exploitation mini\u00e8re, les enjeux s\u00e9curitaires, les enjeux de transformation et de valorisation des produits miniers.<strong>Fatou NDIAYE<\/strong>\n","protected":false},"excerpt":{"rendered":"<p>Exploitation mini\u00e8re : l\u2019Etat cherche les cafards https:\/\/www.sudquotidien.sn Une \u00e9valuation des acquis et dommages caus\u00e9s par l\u2019exploitation mini\u00e8re a \u00e9t\u00e9 lanc\u00e9e hier, jeudi 16 f\u00e9vrier 2023. Selon le ministre aupr\u00e8s du Garde des Sceaux, ministre de la Justice, charg\u00e9 de la Bonne gouvernance et de la Promotion des droits humains, Mamadou Saliou Sow, qui a [&hellip;]<\/p>\n","protected":false},"author":8,"featured_media":0,"comment_status":"open","ping_status":"open","sticky":false,"template":"","format":"standard","meta":{"_jetpack_newsletter_access":"","_jetpack_dont_email_post_to_subs":false,"_jetpack_newsletter_tier_id":0,"_jetpack_memberships_contains_paywalled_content":false,"_jetpack_memberships_contains_paid_content":false,"footnotes":""},"categories":[42],"tags":[798],"class_list":["post-13978","post","type-post","status-publish","format-standard","hentry","category-economie","tag-secteur-minier"],"jetpack_featured_media_url":"","jetpack_sharing_enabled":true,"_links":{"self":[{"href":"https:\/\/rp221.com\/index.php?rest_route=\/wp\/v2\/posts\/13978","targetHints":{"allow":["GET"]}}],"collection":[{"href":"https:\/\/rp221.com\/index.php?rest_route=\/wp\/v2\/posts"}],"about":[{"href":"https:\/\/rp221.com\/index.php?rest_route=\/wp\/v2\/types\/post"}],"author":[{"embeddable":true,"href":"https:\/\/rp221.com\/index.php?rest_route=\/wp\/v2\/users\/8"}],"replies":[{"embeddable":true,"href":"https:\/\/rp221.com\/index.php?rest_route=%2Fwp%2Fv2%2Fcomments&post=13978"}],"version-history":[{"count":0,"href":"https:\/\/rp221.com\/index.php?rest_route=\/wp\/v2\/posts\/13978\/revisions"}],"wp:attachment":[{"href":"https:\/\/rp221.com\/index.php?rest_route=%2Fwp%2Fv2%2Fmedia&parent=13978"}],"wp:term":[{"taxonomy":"category","embeddable":true,"href":"https:\/\/rp221.com\/index.php?rest_route=%2Fwp%2Fv2%2Fcategories&post=13978"},{"taxonomy":"post_tag","embeddable":true,"href":"https:\/\/rp221.com\/index.php?rest_route=%2Fwp%2Fv2%2Ftags&post=13978"}],"curies":[{"name":"wp","href":"https:\/\/api.w.org\/{rel}","templated":true}]}}