{"id":13976,"date":"2023-02-18T20:52:41","date_gmt":"2023-02-18T20:52:41","guid":{"rendered":"https:\/\/rp221.com\/?p=13976"},"modified":"2023-02-18T21:15:24","modified_gmt":"2023-02-18T21:15:24","slug":"place-financiere-regionale-de-reference-dakar-en-reve","status":"publish","type":"post","link":"https:\/\/rp221.com\/?p=13976","title":{"rendered":"Place financi\u00e8re r\u00e9gionale de r\u00e9f\u00e9rence : Dakar en r\u00eave !"},"content":{"rendered":"\n<h3 class=\"red\"><strong><em>Place financi\u00e8re r\u00e9gionale de r\u00e9f\u00e9rence : Dakar en r\u00eave !<\/em><\/strong><\/h3>\n<strong><a href=\"https:\/\/www.sudquotidien.sn\" data-saferedirecturl=\"https:\/\/www.google.com\/url?hl=fr&amp;q=https:\/\/www.sudquotidien.sn&amp;source=gmail&amp;ust=1676832817525000&amp;usg=AOvVaw0XiZZ3pey28C-ZVEu3EbvU\">https:\/\/www.sudquotidien.sn<\/a> Les autorit\u00e9s S\u00e9n\u00e9galaises entendent faire de Dakar une place financi\u00e8re r\u00e9gionale de r\u00e9f\u00e9rence. Et ce, en perspective de l\u2019exploitation des ressources p\u00e9troli\u00e8res et gazi\u00e8res. Elles l\u2019ont fait savoir hier, jeudi, \u00e0 Dakar, \u00e0 l\u2019ouverture des \u00ab\u00a0Assises de l\u2019entreprise 2023\u00a0\u00bb de deux jours portant th\u00e8me\u00a0: L\u2019apport des assurances dans l\u2019\u00e9conomie nationale.<\/strong>\nFaire de Dakar une place financi\u00e8re potentielle de r\u00e9f\u00e9rence, telle est l\u2019ambition du gouvernement s\u00e9n\u00e9galais. Hier, jeudi 16 f\u00e9vrier, \u00e0 Dakar, lors de l\u2019ouverture des Assises de l\u2019entreprise 2023, les autorit\u00e9s l\u2019ont clairement soutenu. Pour ce faire, le ministre des Finances et du budget, Mamadou Moustapha Ba dit compter sur des facteurs factuels au nombre desquels la deuxi\u00e8me place financi\u00e8re qu\u2019occupe le S\u00e9n\u00e9gal au sein de l\u2019Union mon\u00e9taire ouest africaine (Umoa), derri\u00e8re la C\u00f4te d\u2019Ivoire avec 18\u00a0656 milliards d\u2019actifs repr\u00e9sentant 33,7% des actifs cumul\u00e9s dans la zone, la rentabilit\u00e9 bancaire avec 383,8 milliards de r\u00e9sultats nets sur les trois derniers exercices faisant du pays la 2<sup>\u00e8me<\/sup>\u00a0place la plus rentable de l\u2019espace, apr\u00e8s celle de la C\u00f4te d\u2019Ivoire qui affiche un r\u00e9sultat b\u00e9n\u00e9ficiaire cumul\u00e9 de 846,8 milliards. A cela, s\u2019ajoute la troisi\u00e8me place dans la zone CIMA de l\u2019assurance s\u00e9n\u00e9galaise qui s\u2019est inscrite dans une bonne dynamique de croissance depuis 2014, ann\u00e9e durant laquelle elle a atteint le seuil symbolique de 100 milliards de chiffres d\u2019affaires, suivant en cela la trajectoire de l\u2019\u00e9conomie s\u00e9n\u00e9galaise. Le stock de placements effectu\u00e9s par l\u2019assurance s\u00e9n\u00e9galaise dans l\u2019\u00e9conomie s\u2019est \u00e9tabli \u00e0 443 milliards de FCFA en 2021, en progression de 1,8% par rapport \u00e0 l\u2019ann\u00e9e 2020. A c\u00f4t\u00e9 de ces facteurs factuels, on rel\u00e8ve la position g\u00e9ographique, la stabilit\u00e9 politique, le dynamisme \u00e9conomique et la jeunesse. Il s\u2019y ajoute \u00e9galement les retomb\u00e9es en perspective de l\u2019exploitation p\u00e9troli\u00e8re et gazi\u00e8re. Fort de tout cela, \u00ab\u00a0le S\u00e9n\u00e9gal peut valablement nourrir son ambition de faire de Dakar une place financi\u00e8re r\u00e9gionale de r\u00e9f\u00e9rence, soutiennent respectivement le ministre des Finances et du budget, Mamadou Moustapha Ba, le ministre de l\u2019Economie, du plan et de la coop\u00e9ration, Oulimata Sarr.\n<h4 class=\"blue\"><strong><em>Convaincu que seul le dynamisme du secteur des assurances peut faire de Dakar un bastion comme New York, Londres des places financi\u00e8res. Ainsi au 31 d\u00e9cembre 2021, il a fait valoir que \u00ab\u00a0le stock des placements effectu\u00e9s par l\u2019Assurance s\u00e9n\u00e9galaise dans l\u2019\u00e9conomie s\u2019est \u00e9tabli \u00e0 443 Milliards de FCFA, en progression de 1,8% par rapport \u00e0 l\u2019ann\u00e9e 2020\u00a0\u00bb.<\/em><\/strong><\/h4>\nQuant au Premier ministre Amadou Ba, saluant le projet pour dire toute la disponibilit\u00e9 de \u00e0 accompagner les acteurs, il n\u2019a pas manqu\u00e9 de relever quelques pr\u00e9requis pour que ledit projet soit digne de nom. Sur ce, il trouve important de b\u00e2tir des infrastructures physiques dignes de nom avec toute les commodit\u00e9s technologiques ad\u00e9quates.\u00a0Fort de ces atouts et d\u2019une perspective d\u2019un pays moderne et \u00e9mergent, le Directeur g\u00e9n\u00e9ral de l\u2019Apix, Abdoulaye Bald\u00e9 entend s\u2019allier ainsi au secteur priv\u00e9 national pour installer \u00e0 Diass, le c\u0153ur de la future place financi\u00e8re du S\u00e9n\u00e9gal sur 15 ha dans la zone \u00e9conomique sp\u00e9ciale de r\u00e9f\u00e9rence mondiale connect\u00e9e \u00e0 l\u2019a\u00e9roport Aibd, au futur Port de Ndayane, aux autoroutes et au TER. A l\u2019en croire\u00a0;<em>\u00a0\u00ab\u00a0la fibre optique assurera la connectivit\u00e9 \u00e0 tr\u00e8s haut d\u00e9bit de cet espace futuriste qui se veut respectueux de l\u2019environnement dans l\u2019ensemble que le Pr\u00e9sident de la R\u00e9publique d\u00e9nomme le triangle de prosp\u00e9rit\u00e9\u00a0\u00bb.<\/em><strong>JEAN PIERRE MALOU<\/strong>\n","protected":false},"excerpt":{"rendered":"<p>Place financi\u00e8re r\u00e9gionale de r\u00e9f\u00e9rence : Dakar en r\u00eave ! https:\/\/www.sudquotidien.sn Les autorit\u00e9s S\u00e9n\u00e9galaises entendent faire de Dakar une place financi\u00e8re r\u00e9gionale de r\u00e9f\u00e9rence. Et ce, en perspective de l\u2019exploitation des ressources p\u00e9troli\u00e8res et gazi\u00e8res. Elles l\u2019ont fait savoir hier, jeudi, \u00e0 Dakar, \u00e0 l\u2019ouverture des \u00ab\u00a0Assises de l\u2019entreprise 2023\u00a0\u00bb de deux jours portant th\u00e8me\u00a0: [&hellip;]<\/p>\n","protected":false},"author":8,"featured_media":0,"comment_status":"open","ping_status":"open","sticky":false,"template":"","format":"standard","meta":{"_jetpack_newsletter_access":"","_jetpack_dont_email_post_to_subs":false,"_jetpack_newsletter_tier_id":0,"_jetpack_memberships_contains_paywalled_content":false,"_jetpack_memberships_contains_paid_content":false,"footnotes":""},"categories":[42],"tags":[1213],"class_list":["post-13976","post","type-post","status-publish","format-standard","hentry","category-economie","tag-place-financiere-de-reference"],"jetpack_featured_media_url":"","jetpack_sharing_enabled":true,"_links":{"self":[{"href":"https:\/\/rp221.com\/index.php?rest_route=\/wp\/v2\/posts\/13976","targetHints":{"allow":["GET"]}}],"collection":[{"href":"https:\/\/rp221.com\/index.php?rest_route=\/wp\/v2\/posts"}],"about":[{"href":"https:\/\/rp221.com\/index.php?rest_route=\/wp\/v2\/types\/post"}],"author":[{"embeddable":true,"href":"https:\/\/rp221.com\/index.php?rest_route=\/wp\/v2\/users\/8"}],"replies":[{"embeddable":true,"href":"https:\/\/rp221.com\/index.php?rest_route=%2Fwp%2Fv2%2Fcomments&post=13976"}],"version-history":[{"count":0,"href":"https:\/\/rp221.com\/index.php?rest_route=\/wp\/v2\/posts\/13976\/revisions"}],"wp:attachment":[{"href":"https:\/\/rp221.com\/index.php?rest_route=%2Fwp%2Fv2%2Fmedia&parent=13976"}],"wp:term":[{"taxonomy":"category","embeddable":true,"href":"https:\/\/rp221.com\/index.php?rest_route=%2Fwp%2Fv2%2Fcategories&post=13976"},{"taxonomy":"post_tag","embeddable":true,"href":"https:\/\/rp221.com\/index.php?rest_route=%2Fwp%2Fv2%2Ftags&post=13976"}],"curies":[{"name":"wp","href":"https:\/\/api.w.org\/{rel}","templated":true}]}}