{"id":13284,"date":"2023-01-31T22:28:36","date_gmt":"2023-01-31T22:28:36","guid":{"rendered":"https:\/\/rp221.com\/?p=13284"},"modified":"2023-01-31T22:42:36","modified_gmt":"2023-01-31T22:42:36","slug":"hamidou-diop-sg-du-cnp-la-declaration-de-adama-lam-nengage-pas-le-cnp","status":"publish","type":"post","link":"https:\/\/rp221.com\/?p=13284","title":{"rendered":"Hamidou Diop, Sg du Cnp : \u00abLa d\u00e9claration de Adama Lam n\u2019engage pas le Cnp\u00bb"},"content":{"rendered":"\n<h3 class=\"red\"><strong><em>Hamidou Diop, Sg du Cnp : \u00abLa d\u00e9claration de Adama Lam n\u2019engage pas le Cnp\u00bb<\/em><\/strong><\/h3>\n<strong><a href=\"https:\/\/lequotidien.sn\" data-saferedirecturl=\"https:\/\/www.google.com\/url?hl=fr&amp;q=https:\/\/lequotidien.sn&amp;source=gmail&amp;ust=1675283783740000&amp;usg=AOvVaw1m0xeikqeqKIRgpJB8x9Sh\">https:\/\/lequotidien.sn<\/a> Le responsable ex\u00e9cutif du Conseil national du patronat se prononce \u00e0 quelques jours des Assises de l\u2019Entreprise, un rendez-vous annuel qui a \u00e9t\u00e9 longtemps repouss\u00e9 du fait du Covid. M. Diop \u00e9voque aussi les n\u00e9gociations sur la hausse des salaires, demand\u00e9e par les syndicats des travailleurs. Et en passant, le Num\u00e9ro 2 du Cnp se d\u00e9marque des d\u00e9clarations du pr\u00e9sident de la Cnes, concernant les rencontres du patronat avec le chef de l\u2019Etat.<\/strong>\n<h4 class=\"blue\"><strong><em>Les Assises de l\u2019Entreprise devraient se tenir les 16 et 17 f\u00e9vrier 2023. Quels sont les th\u00e8mes, objectifs et attentes de cette \u00e9dition\u00a0?<\/em><\/strong><\/h4>\nNous sommes rest\u00e9s trois ans sans organiser nos Assises de l\u2019Entreprise \u00e0 cause de la pand\u00e9mie et ses impacts financiers au niveau de l\u2019activit\u00e9 \u00e9conomique. La derni\u00e8re \u00e9dition a eu lieu le 16 avril 2019. 2023 est une ann\u00e9e de relance \u00e9conomique et des projections de taux de croissance de l\u2019ordre 10% ont \u00e9t\u00e9 faites. Donc un nouveau contexte, avec de nouveaux enjeux et d\u00e9fis.\nC\u2019est pourquoi nous avons d\u00e9cid\u00e9 d\u2019innover en ayant comme th\u00e8me majeur de nos Assises de l\u2019Entreprise 2023\u00a0: \u00abDakar, une place financi\u00e8re de r\u00e9f\u00e9rence.\u00bb Nous avons dans un premier temps partag\u00e9 cette ambition avec l\u2019Apix avant de le retenir. Cela nous a permis de constater, ensemble, \u00e0 quel point le d\u00e9veloppement de places financi\u00e8res africaines est aujourd\u2019hui une condition sine qua non d\u2019une r\u00e9elle \u00e9mergence \u00e9conomique et d\u2019une meilleure insertion dans l\u2019\u00e9conomie mondiale.\nDes hubs financiers se d\u00e9veloppent de plus en plus en Afrique pour\u00a0capter les flux d\u2019investissements et de placements internationaux, promouvoir l\u2019int\u00e9gration financi\u00e8re africaine, renforcer la pr\u00e9sence de l\u2019Ide (Investissement direct \u00e9tranger. Ndlr) en Afrique, saisir les opportunit\u00e9s de la zone de libre-\u00e9change continentale et valoriser le potentiel \u00e9nerg\u00e9tique et minier de l\u2019Afrique. On peut ainsi citer Casablanca, Cape Town, Jo\u00adhan\u00adnesburg, Mauritius, Kigali, Nairobi, Lagos. En plus, Lom\u00e9 a \u00e9galement cette ambition d\u2019\u00eatre une place financi\u00e8re.\nAlors, au Cnp, nous avons r\u00e9uni nos trois groupements professionnels, \u00e0 savoir, les banques, les assurances et la Fintech, pour appr\u00e9cier ce projet et sa faisabilit\u00e9. Tous ont reconnu qu\u2019il ne fallait pas attendre, et qu\u2019il \u00e9tait urgent de le r\u00e9aliser au regard de l\u2019\u00e9volution de l\u2019\u00e9cosyst\u00e8me financier et du num\u00e9rique aux niveaux national, africain et international.\nLe pr\u00e9sident Ba\u00efdy Agne \u00e9galement s\u2019est longuement entretenu avec le Premier ministre Amadou Ba. Ils ont estim\u00e9 que la r\u00e9alisation du Projet \u00abDakar, place financi\u00e8re de r\u00e9f\u00e9rence\u00bb se justifie pleinement pour plusieurs raisons, notamment, d\u2019un, les projets structurants du Plan S\u00e9n\u00e9gal \u00e9mergent (Pse), ainsi que le potentiel \u00e0 valoriser dans les secteurs du p\u00e9trole, du gaz, des mines, de l\u2019agro-industrie, etc. Ensuite, les infrastructures de qualit\u00e9 et de derni\u00e8re g\u00e9n\u00e9ration dans les domaines de la connectivit\u00e9, des transports, du Btp et de la production (Diamniadio, Zones \u00e9conomiques sp\u00e9ciales, Agropoles). Il y a \u00e9galement la pr\u00e9sence de plus en plus forte au S\u00e9n\u00e9gal de banques et d\u2019\u00e9tablissements financiers, les opportunit\u00e9s de la finance islamique, l\u2019\u00e9cosyst\u00e8me du num\u00e9rique et de la fintech, le plateau m\u00e9dical public et priv\u00e9 en constante progression, la promotion immobili\u00e8re soutenue. N\u2019oublions pas non plus, la position g\u00e9ographique avantageuse de Dakar, carrefour de plusieurs destinations commerciales africaines et mondiales, ville attractive\u00a0pour les conf\u00e9rences internationales et rencontres d\u2019affaires, la stabilit\u00e9 et la paix sociales, ainsi que les ressources humaines jeunes, qualifi\u00e9es et innovantes, et le cadre r\u00e9glementaire et juridique des contrats Ppp.\nNous sommes persuad\u00e9s que ce projet \u00abDakar, place financi\u00e8re de r\u00e9f\u00e9rence\u00bb vient \u00e0 son heure.\nLes autres \u00e9v\u00e8nements de nos Assises de l\u2019Entreprise sont tout d\u2019abord, le Salon international des professionnels de l\u2019\u00e9conomie num\u00e9rique (Sipen). Le th\u00e8me choisi par Optic est\u00a0: \u00abAcc\u00e9l\u00e9rer la transition num\u00e9rique pour renforcer l\u2019int\u00e9gration \u00e9conomique au sein de l\u2019Union \u00e9conomique et mon\u00e9taire ouest-africaine.\u00bb\nPuis vous avez le Salon\/Expo \u00abDakar Industries : Le Made In S\u00e9n\u00e9gal\u00bb. Il est important, au moment o\u00f9 nous parlons de plus en plus de souverainet\u00e9 \u00e9conomique et alimentaire, ainsi que de mesures contre la chert\u00e9 de la vie, que l\u2019on mesure davantage toute l\u2019attention que nous de\u00advons porter \u00e0 notre secteur in\u00addustriel, \u00e9tant le 1er pourvoyeur d\u2019emplois d\u00e9cents et durables, ainsi que la 1\u00e8re activit\u00e9 productrice de valeur ajout\u00e9e cons\u00e9quente avec des produits de qualit\u00e9 r\u00e9pondant parfaitement aux normes internationaux.\nUn autre secteur d\u2019activit\u00e9s que nous entendons mettre \u00e9galement en exergue est celui des Assurances, plus pr\u00e9cis\u00e9ment le r\u00f4le \u00e9conomique et social des compagnies d\u2019assurance dans notre pays. Il n\u2019y a pas que l\u2019indemnisation aux assur\u00e9s, vous avez les placements sur les march\u00e9s financiers, la contractualisation de la dette publique, les titres sur les march\u00e9s de capitaux, les obligations, les garanties d\u2019investissements, la protection sociale, etc.\nIl y aura \u00e9galement d\u2019autres activit\u00e9s que je ne vais pas d\u00e9velopper ici, pour ne pas \u00eatre trop long.\n<h4 class=\"blue\"><strong><em>O\u00f9 en est la concertation publique-priv\u00e9e\u00a0? Y\u2019a-t-il une rupture depuis 7 ans,\u00a0comme l\u2019a soulign\u00e9 le pr\u00e9sident de la Cnes, Adama Lam\u00a0?<\/em><\/strong><\/h4>\nNon, pas du tout\u2026 Nous sommes m\u00eame tr\u00e8s surpris de cette d\u00e9claration. Pour preuve, nos Assises vont se tenir en pr\u00e9sence de l\u2019Etat et ses d\u00e9membrements. Il n\u2019y a jamais eu de rupture. Je ne sais pas les raisons pour lesquelles le pr\u00e9sident de la Cnes, Adama Lam, a fait cette d\u00e9claration, mais j\u2019avoue ne pas la comprendre et cela ne saurait nous engager\nPour rappel, pendant le Covid-19, en 2020, donc il y a moins de 3 ans, le chef de l\u2019Etat a re\u00e7u les organisations du secteur priv\u00e9 en pr\u00e9sence de Feu le pr\u00e9sident Mansour Cama. Ensuite, il y a eu diff\u00e9rentes rencontres d\u2019\u00e9changes et de concertation avec le chef de l\u2019Etat dans le cadre de conseils pr\u00e9sidentiels sur la relance \u00e9conomique (Pap 2A, Preac, etc.).\nPour ce qui nous concerne, le chef de l\u2019Etat et l\u2019ensemble du gouvernement ont toujours \u00e9t\u00e9 \u00e0 notre \u00e9coute \u00e0 chaque fois que nous avons eu \u00e0 leur soumettre des dossiers portant sur les pr\u00e9occupations des entreprises.\nA titre d\u2019exemple, concernant les plateformes p\u00e9troli\u00e8res logistiques portuaires, le chef de l\u2019Etat a fortement soutenu le secteur priv\u00e9 national, de m\u00eame que pour les Ipp dans le secteur de l\u2019\u00e9nergie, et le contenu local dans le secteur des hydrocarbures, etc.\nLe ministre des Finances \u00e9galement\u00a0! Souvenez-vous des d\u00e9cisions positives qu\u2019il a prises apr\u00e8s nous avoir re\u00e7u suite aux difficult\u00e9s des industriels meuniers, la nouvelle taxe douani\u00e8re Promad, la taxe plastique, le soutien au secteur du tourisme, etc.\nMaintenant, peut-\u00eatre que nous le Priv\u00e9, ne communiquons pas publiquement apr\u00e8s chaque audience avec le chef de l\u2019Etat ou le ministre des Finances. Ce n\u2019est pas l\u2019objectif que nous recherchons, mais plut\u00f4t, le r\u00e8glement des questions port\u00e9es \u00e0 leur attention. Je dois dire d\u2019ailleurs que nous avons rencontr\u00e9 plusieurs fois le Premier ministre Amadou Ba sur des dossiers bien pr\u00e9cis n\u00e9cessitant son intervention, et qu\u2019il nous a dit avoir pr\u00e9vu de tenir tr\u00e8s prochainement des concertations avec les organisations du secteur priv\u00e9.\n<h4 class=\"blue\"><strong><em>Quelle suite avez-vous r\u00e9serv\u00e9e \u00e0 la demande des centrales syndicales de travailleurs d\u2019augmenter les salaires dans le secteur priv\u00e9\u00a0?<\/em><\/strong><\/h4>\nNous avons en effet \u00e9t\u00e9 saisis de la demande des centrales syndicales pour l\u2019augmentation du Smig de 17%, la revalorisation des salaires cat\u00e9goriels de 30%\u00a0et l\u2019augmentation de la prime de transport de 20 800 F Cfa \u00e0 50 000 F Cfa.\nNous ne sommes pas surpris de cette demande syndicale au regard de la chert\u00e9 de la vie, et en cons\u00e9quence de la baisse du pouvoir d\u2019achat des travail\u00adleurs. Cette demande est donc parfaitement compr\u00e9hensible et nous allons l\u2019examiner en toute responsabilit\u00e9. Je dois dire que dans notre pays, nous avons une d\u00e9mocratie sociale tripartie (Etat\/Em\u00adplo\u00adyeurs\/Tra\u00advailleurs) qui fonctionne bien, et fait montre de responsabilit\u00e9 pour pr\u00e9server la paix sociale en prenant en compte les pr\u00e9occupations de chaque partie-prenante. Je n\u2019ai donc aucune inqui\u00e9tude, un accord sera trouv\u00e9 avec les centrales syndicales de travail\u00adleurs.\nNous avons tenu une premi\u00e8re r\u00e9union tripartite pr\u00e9sid\u00e9e par le ministre du Travail, M. Samba Sy. Nous avons soulign\u00e9 toute l\u2019importance qu\u2019il convient d\u2019accorder aux difficult\u00e9s auxquelles les entreprises sont confront\u00e9es avec cette s\u00e9rie de chocs exog\u00e8nes allant du Covid aux hausses substantielles des co\u00fbts des mati\u00e8res premi\u00e8res et du fret maritime, au conflit russo-ukrainien.\nEn commen\u00e7ant par la dette int\u00e9rieure, il y a la n\u00e9cessit\u00e9 pour l\u2019Etat de proc\u00e9der au paiement des dettes \u00e9chues afin que les entreprises puissent faire face \u00e0 leurs difficult\u00e9s de tr\u00e9sorerie, aux \u00e9ch\u00e9ances bancaires et de leurs fournisseurs, ainsi que leurs obligations fiscales et sociales, sans oublier les retards dans la r\u00e9alisation des projets d\u2019investissements.\nEt \u00e0 cela, il faudra bien entendu ajouter non seulement les nouveaux tarifs de l\u2019\u00e9lectricit\u00e9 et du carburant qui vont impacter des secteurs tels que celui de l\u2019industrie, mais aussi tenir compte de la volont\u00e9 du chef de l\u2019Etat lors du Conseil pr\u00e9sidentiel sur la vie ch\u00e8re, de pr\u00e9server le pouvoir d\u2019achat des S\u00e9n\u00e9galais.\nNous analyserons les possibilit\u00e9s des entreprises en fonction de leur taille, des effectifs et des secteurs d\u2019activit\u00e9s. Je pr\u00e9cise que l\u2019exercice n\u2019est pas facile car la Pme n\u2019a pas les m\u00eames capacit\u00e9s qu\u2019une grande entreprise, les professionnels de l\u2019h\u00f4tellerie et du tourisme ont \u00e9t\u00e9 tr\u00e8s impact\u00e9s par le Covid-19, et vous avez \u00e9galement une masse salariale tr\u00e8s importante dans des secteurs comme l\u2019agro-industrie, la s\u00e9curit\u00e9 priv\u00e9e et la manutention maritime.\nJe souligne par ailleurs que plusieurs entreprises r\u00e9silientes n\u2019ont pas attendu cette demande de hausse g\u00e9n\u00e9ralis\u00e9e des salaires. Elles ont pris d\u2019elles-m\u00eames l\u2019initiative et c\u2019est une bonne chose.\nLes n\u00e9gociations sociales vont se faire par \u00e9tape. Aucune d\u00e9cision ne saurait \u00eatre prise sans \u00e9valuation d\u2019impacts financiers et supportables.\nIl faut bien comprendre que la derni\u00e8re hausse des salaires dans le secteur priv\u00e9 date de 2020, et que l\u2019Etat, en augmentant les salaires en 2022, a tout simplement rejoint, apr\u00e8s 2 ann\u00e9es, le secteur priv\u00e9.\nPuis, nous engagerons les discussions avec nos partenaires travailleurs, chaque partie mettant sur la table de n\u00e9gociations ses propositions. Je rappelle que nul ne conna\u00eet mieux que les travailleurs la situation de leur entreprise, et nul ne conna\u00eet mieux que l\u2019employeur la situation de ses travailleurs.\nJe pr\u00e9cise que l\u2019exercice ne sera pas facile car c\u2019est juste avant la pand\u00e9mie sanitaire Covid-19 que nous avons proc\u00e9d\u00e9 \u00e0 une augmentation g\u00e9n\u00e9ralis\u00e9e des salaires. En 2019, une hausse du Smig et du Smag de 45%, en 2020 une hausse des salaires cat\u00e9goriels de 8% de la 1\u00e8re cat\u00e9gorie \u00e0 la 3\u00e8me, et une hausse de 5% pour toutes les autres cat\u00e9gories.<strong>Propos recueillis par Mohamed GUEYE<\/strong>\n","protected":false},"excerpt":{"rendered":"<p>Hamidou Diop, Sg du Cnp : \u00abLa d\u00e9claration de Adama Lam n\u2019engage pas le Cnp\u00bb https:\/\/lequotidien.sn Le responsable ex\u00e9cutif du Conseil national du patronat se prononce \u00e0 quelques jours des Assises de l\u2019Entreprise, un rendez-vous annuel qui a \u00e9t\u00e9 longtemps repouss\u00e9 du fait du Covid. M. Diop \u00e9voque aussi les n\u00e9gociations sur la hausse des [&hellip;]<\/p>\n","protected":false},"author":8,"featured_media":0,"comment_status":"open","ping_status":"open","sticky":false,"template":"","format":"standard","meta":{"_jetpack_newsletter_access":"","_jetpack_dont_email_post_to_subs":false,"_jetpack_newsletter_tier_id":0,"_jetpack_memberships_contains_paywalled_content":false,"_jetpack_memberships_contains_paid_content":false,"footnotes":""},"categories":[42],"tags":[1190,1189],"class_list":["post-13284","post","type-post","status-publish","format-standard","hentry","category-economie","tag-cnp","tag-hamidou-diop"],"jetpack_featured_media_url":"","jetpack_sharing_enabled":true,"_links":{"self":[{"href":"https:\/\/rp221.com\/index.php?rest_route=\/wp\/v2\/posts\/13284","targetHints":{"allow":["GET"]}}],"collection":[{"href":"https:\/\/rp221.com\/index.php?rest_route=\/wp\/v2\/posts"}],"about":[{"href":"https:\/\/rp221.com\/index.php?rest_route=\/wp\/v2\/types\/post"}],"author":[{"embeddable":true,"href":"https:\/\/rp221.com\/index.php?rest_route=\/wp\/v2\/users\/8"}],"replies":[{"embeddable":true,"href":"https:\/\/rp221.com\/index.php?rest_route=%2Fwp%2Fv2%2Fcomments&post=13284"}],"version-history":[{"count":0,"href":"https:\/\/rp221.com\/index.php?rest_route=\/wp\/v2\/posts\/13284\/revisions"}],"wp:attachment":[{"href":"https:\/\/rp221.com\/index.php?rest_route=%2Fwp%2Fv2%2Fmedia&parent=13284"}],"wp:term":[{"taxonomy":"category","embeddable":true,"href":"https:\/\/rp221.com\/index.php?rest_route=%2Fwp%2Fv2%2Fcategories&post=13284"},{"taxonomy":"post_tag","embeddable":true,"href":"https:\/\/rp221.com\/index.php?rest_route=%2Fwp%2Fv2%2Ftags&post=13284"}],"curies":[{"name":"wp","href":"https:\/\/api.w.org\/{rel}","templated":true}]}}