{"id":13281,"date":"2023-01-31T22:21:01","date_gmt":"2023-01-31T22:21:01","guid":{"rendered":"https:\/\/rp221.com\/?p=13281"},"modified":"2023-01-31T22:42:34","modified_gmt":"2023-01-31T22:42:34","slug":"le-senegal-a-ouvert-plusieurs-perspectives-de-cooperation-sur-le-marche-iberique-aspt","status":"publish","type":"post","link":"https:\/\/rp221.com\/?p=13281","title":{"rendered":"\u00abLE S\u00c9N\u00c9GAL A OUVERT PLUSIEURS PERSPECTIVES DE COOP\u00c9RATION SUR LE MARCHE IB\u00c9RIQUE\u00bb (ASPT)"},"content":{"rendered":"\n<h3 class=\"red\"><strong><em>\u00abLE S\u00c9N\u00c9GAL A OUVERT PLUSIEURS PERSPECTIVES DE COOP\u00c9RATION SUR LE MARCHE IB\u00c9RIQUE\u00bb (ASPT)<\/em><\/strong><\/h3>\n<a href=\"https:\/\/emedia.sn\" data-saferedirecturl=\"https:\/\/www.google.com\/url?hl=fr&amp;q=https:\/\/emedia.sn&amp;source=gmail&amp;ust=1675283783740000&amp;usg=AOvVaw3TYr3YFcJbkCQDj6cmskgU\">https:\/\/emedia.sn<\/a> La 43e \u00e9dition de la Feria Internationale del Turismo (FITUR) s\u2019est tenue du 18 au 22 janvier 2023 au parc des expositions de l\u2019Instituci\u00f3n Ferial de Madrid - IFEMA. En effet, cette rencontre a enregistr\u00e9 la participation d\u2019une importante d\u00e9l\u00e9gation d\u2019acteurs touristiques issus du priv\u00e9 et du public. C\u2019est ainsi que plusieurs rencontres avec les op\u00e9rateurs ib\u00e9riques et latino-am\u00e9ricains, ont ouvert des perspectives de collaboration dans l\u2019optique de renforcer les flux de voyages et d\u2019investissements vers la destination S\u00e9n\u00e9gal. Sur ce, l\u2019ASPT a mobilis\u00e9 d\u2019importants moyens pour r\u00e9ussir la participation s\u00e9n\u00e9galaise \u00e0 ce rendez-vous consid\u00e9r\u00e9 parmi les plus importants au monde, dans l\u2019industrie du voyage et du tourisme. Dans un communiqu\u00e9 de presse, l\u2019ASPT renseigne que dans le but de de r\u00e9cup\u00e9rer les performances de l\u2019ann\u00e9e 2019, elle et ses partenaires (SAPCO, AIBD, ANACIM, Air S\u00e9n\u00e9gal et le secteur priv\u00e9) ont tenu plusieurs r\u00e9unions avec les acteurs majeurs des march\u00e9s ib\u00e9riques et d\u2019Am\u00e9rique Latine tels que Binter Canarias, Solferias, Indra et les autorit\u00e9s touristiques des \u00eeles Canaries ainsi que Turespana, organe charg\u00e9 de la promotion de la Destination Espagne.\n<h4 class=\"blue\"><strong><em>D\u2019autres rencontres, selon toujours l\u2019ASPT, ont \u00e9t\u00e9 \u00e9galement organis\u00e9es avec les grands prescripteurs, TO et compagnies a\u00e9riennes sp\u00e9cialistes du march\u00e9 ib\u00e9rique avec l\u2019objectif de renforcer le bon positionnement de la Destination S\u00e9n\u00e9gal. L\u2019ASPT a, en outre, lanc\u00e9 sa lettre d\u2019informations mensuelle \u2018\u2019Les Echos de la Destination\u2019\u2019 dont l\u2019objectif est d\u2019assurer la mise \u00e0 disposition permanente d\u2019informations sur l\u2019industrie touristique du S\u00e9n\u00e9gal.<\/em><\/strong><\/h4>\nA en croire le document, le lancement de ce p\u00e9riodique est intervenu lors des journ\u00e9es d\u00e9di\u00e9es au grand public de la Foire Internationale du Tourisme (FITUR). \u00ab\u00a0Le climat favorable aux affaires qu\u2019offre le Pays de la Teranga, sa bonne connectivit\u00e9, ses infrastructures modernes, sa stabilit\u00e9 politique, ses nouvelles offres touristiques et ses nombreux atouts, ont \u00e9t\u00e9 au menu de deux rencontres qui se sont tenues les 16 et 17 janvier organis\u00e9es en pr\u00e9lude du FITUR.\nCes deux journ\u00e9es se sont d\u00e9roul\u00e9es en pr\u00e9sence de la Conf\u00e9d\u00e9ration espagnole des agences de voyages et des tours-op\u00e9rateurs (CEAV) ainsi que d\u2019un public compos\u00e9 d\u2019investisseurs et hommes d\u2019affaires espagnols et europ\u00e9ens\u00a0\u00bb, renseigne le communiqu\u00e9. Avant de finir\u00a0: \u00ab\u00a0le S\u00e9n\u00e9gal qui a eu le plus grand stand dans le pavillon UEMOA, a profit\u00e9 des deux derniers jours du FITUR, ouverts au grand public, pour d\u00e9rouler son programme d\u2019animation. Ainsi, des activit\u00e9s culturelles et artistiques, des spectacles musicaux, de la danse et des d\u00e9gustations gastronomiques ont provoqu\u00e9 une ru\u00e9e des visiteurs au stand du S\u00e9n\u00e9gal\u00a0\u00bb.\n","protected":false},"excerpt":{"rendered":"<p>\u00abLE S\u00c9N\u00c9GAL A OUVERT PLUSIEURS PERSPECTIVES DE COOP\u00c9RATION SUR LE MARCHE IB\u00c9RIQUE\u00bb (ASPT) https:\/\/emedia.sn La 43e \u00e9dition de la Feria Internationale del Turismo (FITUR) s\u2019est tenue du 18 au 22 janvier 2023 au parc des expositions de l\u2019Instituci\u00f3n Ferial de Madrid &#8211; IFEMA. En effet, cette rencontre a enregistr\u00e9 la participation d\u2019une importante d\u00e9l\u00e9gation d\u2019acteurs [&hellip;]<\/p>\n","protected":false},"author":8,"featured_media":0,"comment_status":"open","ping_status":"open","sticky":false,"template":"","format":"standard","meta":{"_jetpack_newsletter_access":"","_jetpack_dont_email_post_to_subs":false,"_jetpack_newsletter_tier_id":0,"_jetpack_memberships_contains_paywalled_content":false,"_jetpack_memberships_contains_paid_content":false,"footnotes":""},"categories":[42],"tags":[],"class_list":["post-13281","post","type-post","status-publish","format-standard","hentry","category-economie"],"jetpack_featured_media_url":"","jetpack_sharing_enabled":true,"_links":{"self":[{"href":"https:\/\/rp221.com\/index.php?rest_route=\/wp\/v2\/posts\/13281","targetHints":{"allow":["GET"]}}],"collection":[{"href":"https:\/\/rp221.com\/index.php?rest_route=\/wp\/v2\/posts"}],"about":[{"href":"https:\/\/rp221.com\/index.php?rest_route=\/wp\/v2\/types\/post"}],"author":[{"embeddable":true,"href":"https:\/\/rp221.com\/index.php?rest_route=\/wp\/v2\/users\/8"}],"replies":[{"embeddable":true,"href":"https:\/\/rp221.com\/index.php?rest_route=%2Fwp%2Fv2%2Fcomments&post=13281"}],"version-history":[{"count":0,"href":"https:\/\/rp221.com\/index.php?rest_route=\/wp\/v2\/posts\/13281\/revisions"}],"wp:attachment":[{"href":"https:\/\/rp221.com\/index.php?rest_route=%2Fwp%2Fv2%2Fmedia&parent=13281"}],"wp:term":[{"taxonomy":"category","embeddable":true,"href":"https:\/\/rp221.com\/index.php?rest_route=%2Fwp%2Fv2%2Fcategories&post=13281"},{"taxonomy":"post_tag","embeddable":true,"href":"https:\/\/rp221.com\/index.php?rest_route=%2Fwp%2Fv2%2Ftags&post=13281"}],"curies":[{"name":"wp","href":"https:\/\/api.w.org\/{rel}","templated":true}]}}