{"id":13279,"date":"2023-01-31T22:15:37","date_gmt":"2023-01-31T22:15:37","guid":{"rendered":"https:\/\/rp221.com\/?p=13279"},"modified":"2023-01-31T22:42:33","modified_gmt":"2023-01-31T22:42:33","slug":"abdou-karim-fofana-prone-un-nouveau-modele-de-gestion-des-marches","status":"publish","type":"post","link":"https:\/\/rp221.com\/?p=13279","title":{"rendered":"Abdou Karim Fofana pr\u00f4ne un nouveau mod\u00e8le de gestion des march\u00e9s"},"content":{"rendered":"\n<h3 class=\"red\"><strong><em>Abdou Karim Fofana pr\u00f4ne un nouveau mod\u00e8le de gestion des march\u00e9s<\/em><\/strong><\/h3>\nZiguinchor, 30 jan (APS) - Le ministre du Commerce, Abdou Karim Fofana, a pr\u00e9conis\u00e9 lundi \u00e0 Ziguinchor (sud) \"une vraie introspection sur la gestion des march\u00e9s\" au S\u00e9n\u00e9gal, pour que le pays puisse se doter d'un nouveau mod\u00e8le de fonctionnement des lieux de commerce garantissant plus de s\u00e9curit\u00e9.\n<h4 class=\"blue\"><strong><em>\"Un march\u00e9, c'est une gestion, c'est des heures d'ouverture et de fermeture. Il nous faut un nouveau mod\u00e8le de gestion des march\u00e9s au S\u00e9n\u00e9gal\", a plaid\u00e9 M. Fofana, \u00e9galement en charge de la Consommation et des PME.<\/em><\/strong><\/h4>\nIl \u00e9tait venu s'enqu\u00e9rir de l'\u00e9tat d'avancement des chantiers engag\u00e9s au march\u00e9 Til\u00e8ne de Ziguinchor, en pr\u00e9sence du gouverneur Guedj Diouf et du pr\u00e9fet Ch\u00e9rif Blondin Ndiaye.\nLa ministre de la Microfinance et de l'\u00c9conomie sociale et solidaire, Victorine Nd\u00e8ye, a \u00e9galement pris part \u00e0 cette visite, de m\u00eame que la coordonnatrice du Programme de modernisation et de gestion des march\u00e9s (PROMOGEM), Yaye Fatou Diagne.\nDes responsables du march\u00e9 Til\u00e8ne ont \u00e9galement assist\u00e9 \u00e0 cette visite du ministre Abdou Karim Fofana, par ailleurs porte-parole du gouvernement.\n<ol>\n <li>Fofana consid\u00e8re que \"la gestion des march\u00e9s doit revenir \u00e0 des gestionnaires bien form\u00e9s avec des comp\u00e9tences qui leur sont assign\u00e9es\".<\/li>\n<\/ol>\n\"Nous sommes fiers de voir l'\u00e9tat tr\u00e8s avanc\u00e9 du march\u00e9 Til\u00e8ne. Avec le PROMOGEM, nous avons pris toutes les dispositions en nous donnant comme objectif de finaliser les travaux avant le 31 mars 2023, dans deux mois\", a avanc\u00e9 le ministre du Commerce, de la Consommation et des PME.\nMais, a-t-il dit, pour ouvrir le march\u00e9 Til\u00e8ne de Ziguinchor, \"il y a des pr\u00e9requis, \u00e0 savoir la signature d'une convention de gestion du march\u00e9 avec la commune de Ziguinchor et la mise en place des dispositifs de s\u00e9curit\u00e9\".\n\"J'appelle les commer\u00e7ants autour d'une table pour mettre en place ce dispositif d'ouverture apr\u00e8s avoir respect\u00e9 les pr\u00e9requis s\u00e9curitaires et toutes les proc\u00e9dures administratives et techniques\", a lanc\u00e9 Abdou Karim Fofana.\n\"Il nous faut respecter les normes de s\u00e9curit\u00e9 des march\u00e9s pour s\u00e9curiser les investissements de l'\u00c9tat et l'activit\u00e9 des commer\u00e7ants\", a insist\u00e9 le ministre.\n<h4 class=\"blue\"><strong><em>\"Ce qui arrive au S\u00e9n\u00e9gal n'est pas normal. Nous devons avoir une introspection. En un mois, nous avons connu trois incendies de march\u00e9 et deux accidents d'une taille incommensurable. Il nous faut une vraie introspection sur la gestion des march\u00e9s\", a-t-il dit.<\/em><\/strong><\/h4>\nSelon le ministre du Commerce, il est de la responsabilit\u00e9 de tous de faire en sorte que le pays puisse disposer de march\u00e9s dot\u00e9s d'installations g\u00e9r\u00e9es ''avec rigueur''.\nAbdou Karim Fofana a rappel\u00e9 que le march\u00e9 Til\u00e8ne de Ziguinchor, r\u00e9habilit\u00e9 \u00e0 hauteur d'un milliard de francs CFA, avait subi un incendie en ao\u00fbt 2018, lequel avait occasionn\u00e9 300 sinistr\u00e9s. Depuis cette date, \"le chef de l'\u00c9tat avait donn\u00e9 des instructions pour la construction de ce march\u00e9\", a-t-il indiqu\u00e9.MNF\/BK\/ASG\n","protected":false},"excerpt":{"rendered":"<p>Abdou Karim Fofana pr\u00f4ne un nouveau mod\u00e8le de gestion des march\u00e9s Ziguinchor, 30 jan (APS) &#8211; Le ministre du Commerce, Abdou Karim Fofana, a pr\u00e9conis\u00e9 lundi \u00e0 Ziguinchor (sud) \u00ab\u00a0une vraie introspection sur la gestion des march\u00e9s\u00a0\u00bb au S\u00e9n\u00e9gal, pour que le pays puisse se doter d&rsquo;un nouveau mod\u00e8le de fonctionnement des lieux de commerce [&hellip;]<\/p>\n","protected":false},"author":8,"featured_media":0,"comment_status":"open","ping_status":"open","sticky":false,"template":"","format":"standard","meta":{"_jetpack_newsletter_access":"","_jetpack_dont_email_post_to_subs":false,"_jetpack_newsletter_tier_id":0,"_jetpack_memberships_contains_paywalled_content":false,"_jetpack_memberships_contains_paid_content":false,"footnotes":""},"categories":[42],"tags":[312,1188],"class_list":["post-13279","post","type-post","status-publish","format-standard","hentry","category-economie","tag-abdou-karim-fofana","tag-gestion-des-marches"],"jetpack_featured_media_url":"","jetpack_sharing_enabled":true,"_links":{"self":[{"href":"https:\/\/rp221.com\/index.php?rest_route=\/wp\/v2\/posts\/13279","targetHints":{"allow":["GET"]}}],"collection":[{"href":"https:\/\/rp221.com\/index.php?rest_route=\/wp\/v2\/posts"}],"about":[{"href":"https:\/\/rp221.com\/index.php?rest_route=\/wp\/v2\/types\/post"}],"author":[{"embeddable":true,"href":"https:\/\/rp221.com\/index.php?rest_route=\/wp\/v2\/users\/8"}],"replies":[{"embeddable":true,"href":"https:\/\/rp221.com\/index.php?rest_route=%2Fwp%2Fv2%2Fcomments&post=13279"}],"version-history":[{"count":0,"href":"https:\/\/rp221.com\/index.php?rest_route=\/wp\/v2\/posts\/13279\/revisions"}],"wp:attachment":[{"href":"https:\/\/rp221.com\/index.php?rest_route=%2Fwp%2Fv2%2Fmedia&parent=13279"}],"wp:term":[{"taxonomy":"category","embeddable":true,"href":"https:\/\/rp221.com\/index.php?rest_route=%2Fwp%2Fv2%2Fcategories&post=13279"},{"taxonomy":"post_tag","embeddable":true,"href":"https:\/\/rp221.com\/index.php?rest_route=%2Fwp%2Fv2%2Ftags&post=13279"}],"curies":[{"name":"wp","href":"https:\/\/api.w.org\/{rel}","templated":true}]}}