{"id":13251,"date":"2023-01-31T22:11:48","date_gmt":"2023-01-31T22:11:48","guid":{"rendered":"https:\/\/rp221.com\/?p=13251"},"modified":"2023-01-31T22:12:14","modified_gmt":"2023-01-31T22:12:14","slug":"mamadou-kasse-met-en-exergue-le-role-de-la-presse-dans-la-promotion-du-consommer-local","status":"publish","type":"post","link":"https:\/\/rp221.com\/?p=13251","title":{"rendered":"Mamadou Kass\u00e9 met en exergue le r\u00f4le de la presse dans la promotion du consommer local"},"content":{"rendered":"\n<h3 class=\"red\"><strong><em>Mamadou Kass\u00e9 met en exergue le r\u00f4le de la presse dans la promotion du consommer local<\/em><\/strong><\/h3>\nDakar, 31 jan (APS) \u2013 Le journaliste et formateur Mamadou Kass\u00e9 estime que la presse en tant qu\u2019acteur de la vie publique peut jouer un r\u00f4le primordial dans la promotion du consommer local au S\u00e9n\u00e9gal.\n<h4 class=\"blue\"><strong><em>\u2018\u2019La presse en tant qu\u2019acteur de la vie publique, r\u00e9gulateur de la vie sociale, vitrine du S\u00e9n\u00e9gal et instrument de promotion et de valorisation du made in S\u00e9n\u00e9gal, a un r\u00f4le primordial \u00e0 jouer dans le consommer local\u2019\u2019, soutient Kass\u00e9 dans une contribution \u00e0 l'occasion d\u2019un webinaire organis\u00e9 r\u00e9cemment par l\u2019Universit\u00e9 La Sorbonne (France) sur la probl\u00e9matique du consommer local.<\/em><\/strong><\/h4>\nDans cette contribution intitul\u00e9e \u2018\u2019L\u2019agriculture urbaine et p\u00e9riurbaine au S\u00e9n\u00e9gal, un levier pour le consommer local, passer du slogan \u00e0 la r\u00e9alit\u00e9\u2019\u2019, dont l\u2019APS a pris connaissance, l\u2019auteur aborde le sujet \u00e0 travers le jeu des acteurs et notamment la communication et les m\u00e9dias.\nPour le journaliste-formateur, les m\u00e9dias peuvent \u2018\u2019accompagner le processus d\u2019information, d\u2019\u00e9ducation et de communication au consommer local ; assurer une bonne promotion des produits locaux dont la qualit\u00e9 est av\u00e9r\u00e9e, en insistant non seulement sur la valeur des produits mais aussi sur la qualit\u00e9 des emballages\u2019\u2019.\nSelon lui, les journalistes peuvent aussi jouer un r\u00f4le primordial dans la promotion du consommer local \u00e0 travers des rubriques et des programmes, des reportages sur le terrain, en faisant intervenir les acteurs locaux et en mettant en exergue les meilleures pratiques.\nDans son intervention, Mamadou Kass\u00e9 appelle \u00e0 la cr\u00e9ation d\u2019une \u2018\u2019Journ\u00e9e phare\u2019\u2019 pour d\u00e9cerner \u2018\u2019des r\u00e9compenses et distinctions\u2019\u2019 aux leaders des diff\u00e9rents corps de m\u00e9tiers et aux organes de presse et journalistes \u2018\u2019ayant consacr\u00e9 les meilleurs articles ou \u00e9missions au consommer local (\u2026)\u2019\u2019.\nIl plaide aussi pour la cr\u00e9ation d\u2019un r\u00e9seau des journalistes sur le consommer local.\nKass\u00e9 ajoute que les \u00e9coles de formation en journalisme pourraient mettre \u00e0 profit leur mission pour \u2018\u2019assurer des modules sur le consommer local en interaction avec tous les autres secteurs du d\u00e9veloppement durable\u2019\u2019.\nSelon lui, \u2018\u2019une bonne compr\u00e9hension du contexte socio-\u00e9conomique et des acteurs de m\u00eame qu\u2019une bonne connaissance des textes de lois permettraient de r\u00e9ussir le pari de la formation au consommer local\u2019\u2019.\n<h4 class=\"blue\"><strong><em>Mamadou Kass\u00e9 a \u00e9galement \u00e9voqu\u00e9 \u2018\u2019le profit que les m\u00e9dias, tous secteurs confondus (\u00e9crits, audio, audiovisuels, \u00e9lectroniques) peuvent tirer d\u2019une telle initiative qui permet un important retour sur investissement \u00e0 travers la publicit\u00e9 de ces produits\u2019\u2019.<\/em><\/strong><\/h4>\n\u2018\u2019C\u2019est dire que la presse a tout \u00e0 gagner dans la promotion du consommer local qui peut booster le march\u00e9 publicitaire et permettre aux organes de presse si souvent d\u00e9ficitaires du fait de l\u2019absence de produits publicitaires d\u2019obtenir enfin des parts de march\u00e9 dans l\u2019\u00e9conomie s\u00e9n\u00e9galaise\u2019\u2019, soutient le journaliste.\nIl souligne la n\u00e9cessit\u00e9 d\u2019un partenariat entre l\u2019Etat, les acteurs du consommer local, la recherche et la presse.\nSelon lui, \u2018\u2019promouvoir le consommer local suppose n\u00e9cessairement la mise en place d\u2019un partenariat dynamique entre l\u2019Etat, les acteurs du consommer local, la presse et la recherche qui doit assur\u00e9ment \u00eatre r\u00e9habilit\u00e9e et replac\u00e9e au centre du dispositif\u2019\u2019.\u00a0OID\/ASB\n","protected":false},"excerpt":{"rendered":"<p>Mamadou Kass\u00e9 met en exergue le r\u00f4le de la presse dans la promotion du consommer local Dakar, 31 jan (APS) \u2013 Le journaliste et formateur Mamadou Kass\u00e9 estime que la presse en tant qu\u2019acteur de la vie publique peut jouer un r\u00f4le primordial dans la promotion du consommer local au S\u00e9n\u00e9gal. \u2018\u2019La presse en tant [&hellip;]<\/p>\n","protected":false},"author":8,"featured_media":0,"comment_status":"open","ping_status":"open","sticky":false,"template":"","format":"standard","meta":{"_jetpack_newsletter_access":"","_jetpack_dont_email_post_to_subs":false,"_jetpack_newsletter_tier_id":0,"_jetpack_memberships_contains_paywalled_content":false,"_jetpack_memberships_contains_paid_content":false,"footnotes":""},"categories":[42],"tags":[521],"class_list":["post-13251","post","type-post","status-publish","format-standard","hentry","category-economie","tag-consommer-local"],"jetpack_featured_media_url":"","jetpack_sharing_enabled":true,"_links":{"self":[{"href":"https:\/\/rp221.com\/index.php?rest_route=\/wp\/v2\/posts\/13251","targetHints":{"allow":["GET"]}}],"collection":[{"href":"https:\/\/rp221.com\/index.php?rest_route=\/wp\/v2\/posts"}],"about":[{"href":"https:\/\/rp221.com\/index.php?rest_route=\/wp\/v2\/types\/post"}],"author":[{"embeddable":true,"href":"https:\/\/rp221.com\/index.php?rest_route=\/wp\/v2\/users\/8"}],"replies":[{"embeddable":true,"href":"https:\/\/rp221.com\/index.php?rest_route=%2Fwp%2Fv2%2Fcomments&post=13251"}],"version-history":[{"count":0,"href":"https:\/\/rp221.com\/index.php?rest_route=\/wp\/v2\/posts\/13251\/revisions"}],"wp:attachment":[{"href":"https:\/\/rp221.com\/index.php?rest_route=%2Fwp%2Fv2%2Fmedia&parent=13251"}],"wp:term":[{"taxonomy":"category","embeddable":true,"href":"https:\/\/rp221.com\/index.php?rest_route=%2Fwp%2Fv2%2Fcategories&post=13251"},{"taxonomy":"post_tag","embeddable":true,"href":"https:\/\/rp221.com\/index.php?rest_route=%2Fwp%2Fv2%2Ftags&post=13251"}],"curies":[{"name":"wp","href":"https:\/\/api.w.org\/{rel}","templated":true}]}}