{"id":12924,"date":"2023-01-24T20:44:34","date_gmt":"2023-01-24T20:44:34","guid":{"rendered":"https:\/\/rp221.com\/?p=12924"},"modified":"2023-01-24T20:44:40","modified_gmt":"2023-01-24T20:44:40","slug":"arachide-des-travailleurs-de-la-sonacos-demandent-larret-immediat-des-exportations","status":"publish","type":"post","link":"https:\/\/rp221.com\/?p=12924","title":{"rendered":"Arachide : des travailleurs de la SONACOS demandent \u2018\u2019l\u2019arr\u00eat imm\u00e9diat\u2019\u2019 des exportations"},"content":{"rendered":"\n<h3 class=\"red\"><strong><em>Arachide : des travailleurs de la SONACOS demandent \u2018\u2019l\u2019arr\u00eat imm\u00e9diat\u2019\u2019 des exportations<\/em><\/strong><\/h3>\n(APS) \u2013 Des travailleurs de la Soci\u00e9t\u00e9 nationale de commercialisation des ol\u00e9agineux du S\u00e9n\u00e9gal (SONACOS) ont r\u00e9clam\u00e9 \u2018\u2019l\u2019arr\u00eat imm\u00e9diat\u2019\u2019 des exportations de graines d\u2019arachide en vue de la \u2018\u2019survie\u2019\u2019 de ladite fili\u00e8re agricole, a constat\u00e9 l\u2019APS, lundi, \u00e0 Diourbel (centre).\n<h4 class=\"blue\"><strong><em>\u2018\u2019Nous demandons l\u2019arr\u00eat imm\u00e9diat des exportations pour la survie de la fili\u00e8re\u2019\u2019 arachide, a d\u00e9clar\u00e9 Mor Di\u00e8ye, l\u2019un des d\u00e9l\u00e9gu\u00e9s du personnel de la SONACOS.<\/em><\/strong><\/h4>\n\u2018\u2019On va vers la catastrophe si rien n\u2019est fait pour arr\u00eater cette h\u00e9morragie, car on n\u2019aura plus de semences\u2019\u2019 d\u2019arachide, a pr\u00e9venu M. Di\u00e8ye lors d\u2019une conf\u00e9rence de presse des travailleurs de la soci\u00e9t\u00e9 agroalimentaire.\nIl fait valoir, pour obtenir l\u2019arr\u00eat des exportations, que \u2018\u2019les usines n\u2019arrivent pas \u00e0 r\u00e9unir 15.000 tonnes de graines d\u2019arachide, apr\u00e8s deux mois de collecte\u2019\u2019. \u2018\u2019La SONACOS de Diourbel, qui recrutait \u00e0 pareil moment de l\u2019ann\u00e9e entre 300 et 400 travailleurs saisonniers, n\u2019en a que 25 pour le moment, \u00e0 cause de cette situation.\u2019\u2019\nUne pluviom\u00e9trie exc\u00e9dentaire mais mal r\u00e9partie dans le temps serait \u00e0 l\u2019origine d\u2019une forte baisse de la production d\u2019arachide au cours du dernier hivernage, au S\u00e9n\u00e9gal.\nCette baisse de la production aurait engendr\u00e9 celle de l\u2019activit\u00e9 de la soci\u00e9t\u00e9 agroalimentaire.\nDevant la presse locale, les travailleurs de la SONACOS ont \u00e9galement manifest\u00e9 leur opposition \u00e0 une circulaire administrative du minist\u00e8re de l\u2019Agriculture autorisant les exportations d\u2019arachide.\nIl est \u2018\u2019exceptionnellement autoris\u00e9 une exp\u00e9dition partielle de 80 % des quantit\u00e9s effectivement trouv\u00e9es dans les entrep\u00f4ts et sites de r\u00e9ception des exportateurs de graines, si les exigences sanitaires et phytosanitaires sont respect\u00e9es\u2019\u2019, affirme la circulaire en question.\nCette d\u00e9cision dat\u00e9e du 9 janvier 2023, dont l\u2019APS a obtenu une copie, a \u00e9t\u00e9 prise \u00e0 la suite d\u2019une \u2018\u2019r\u00e9union de pr\u00e9paration des exportations de graines d\u2019arachide tenue le 23 d\u00e9cembre 2022 au minist\u00e8re\u2019\u2019 de l\u2019Agriculture.\nElle est cons\u00e9cutive aussi \u00e0 \u2018\u2019la mission d\u2019\u00e9valuation des stocks de graines\u2019\u2019, qui s\u2019est d\u00e9roul\u00e9e \u2018\u2019durant la p\u00e9riode de 28 au 30 d\u00e9cembre 2022\u2019\u2019.\n\u2018\u2019Ouvrir les exportations \u00e0 80 % du tonnage collect\u00e9 par les \u00e9trangers, alors que l\u2019industrie locale n\u2019a pas encore collect\u00e9 10.000 tonnes, n\u2019est pas normal. Nous le d\u00e9non\u00e7ons avec force\u2019\u2019, a soutenu le secr\u00e9taire g\u00e9n\u00e9ral du Syndicat national des travailleurs des industries des corps gras et activit\u00e9s similaires du S\u00e9n\u00e9gal, Thi\u00e9 Mbaye Ndiaye, lors de la conf\u00e9rence de presse.\n","protected":false},"excerpt":{"rendered":"<p>Arachide : des travailleurs de la SONACOS demandent \u2018\u2019l\u2019arr\u00eat imm\u00e9diat\u2019\u2019 des exportations (APS) \u2013 Des travailleurs de la Soci\u00e9t\u00e9 nationale de commercialisation des ol\u00e9agineux du S\u00e9n\u00e9gal (SONACOS) ont r\u00e9clam\u00e9 \u2018\u2019l\u2019arr\u00eat imm\u00e9diat\u2019\u2019 des exportations de graines d\u2019arachide en vue de la \u2018\u2019survie\u2019\u2019 de ladite fili\u00e8re agricole, a constat\u00e9 l\u2019APS, lundi, \u00e0 Diourbel (centre). \u2018\u2019Nous demandons l\u2019arr\u00eat [&hellip;]<\/p>\n","protected":false},"author":8,"featured_media":0,"comment_status":"open","ping_status":"open","sticky":false,"template":"","format":"standard","meta":{"_jetpack_newsletter_access":"","_jetpack_dont_email_post_to_subs":false,"_jetpack_newsletter_tier_id":0,"_jetpack_memberships_contains_paywalled_content":false,"_jetpack_memberships_contains_paid_content":false,"footnotes":""},"categories":[42],"tags":[722,171,744],"class_list":["post-12924","post","type-post","status-publish","format-standard","hentry","category-economie","tag-arachide","tag-exportation","tag-sonacos"],"jetpack_featured_media_url":"","jetpack_sharing_enabled":true,"_links":{"self":[{"href":"https:\/\/rp221.com\/index.php?rest_route=\/wp\/v2\/posts\/12924","targetHints":{"allow":["GET"]}}],"collection":[{"href":"https:\/\/rp221.com\/index.php?rest_route=\/wp\/v2\/posts"}],"about":[{"href":"https:\/\/rp221.com\/index.php?rest_route=\/wp\/v2\/types\/post"}],"author":[{"embeddable":true,"href":"https:\/\/rp221.com\/index.php?rest_route=\/wp\/v2\/users\/8"}],"replies":[{"embeddable":true,"href":"https:\/\/rp221.com\/index.php?rest_route=%2Fwp%2Fv2%2Fcomments&post=12924"}],"version-history":[{"count":0,"href":"https:\/\/rp221.com\/index.php?rest_route=\/wp\/v2\/posts\/12924\/revisions"}],"wp:attachment":[{"href":"https:\/\/rp221.com\/index.php?rest_route=%2Fwp%2Fv2%2Fmedia&parent=12924"}],"wp:term":[{"taxonomy":"category","embeddable":true,"href":"https:\/\/rp221.com\/index.php?rest_route=%2Fwp%2Fv2%2Fcategories&post=12924"},{"taxonomy":"post_tag","embeddable":true,"href":"https:\/\/rp221.com\/index.php?rest_route=%2Fwp%2Fv2%2Ftags&post=12924"}],"curies":[{"name":"wp","href":"https:\/\/api.w.org\/{rel}","templated":true}]}}