{"id":12919,"date":"2023-01-24T20:48:32","date_gmt":"2023-01-24T20:48:32","guid":{"rendered":"https:\/\/rp221.com\/?p=12919"},"modified":"2023-01-24T20:48:41","modified_gmt":"2023-01-24T20:48:41","slug":"diourbel-ag-des-travailleurs-de-la-sonacos-contre-louverture-des-frontieres-une-menace-pour-la-filiere-arachide","status":"publish","type":"post","link":"https:\/\/rp221.com\/?p=12919","title":{"rendered":"Diourbel\/ag des travailleurs de la sonacos contre l\u2019ouverture des fronti\u00e8res : une menace pour la fili\u00e8re arachide"},"content":{"rendered":"\n<h3 class=\"red\"><strong><em>Diourbel\/ag des travailleurs de la sonacos contre l\u2019ouverture des fronti\u00e8res : une menace pour la fili\u00e8re arachide<\/em><\/strong><\/h3>\n<strong><a href=\"https:\/\/www.sudquotidien.sn\" data-saferedirecturl=\"https:\/\/www.google.com\/url?hl=fr&amp;q=https:\/\/www.sudquotidien.sn&amp;source=gmail&amp;ust=1674672112651000&amp;usg=AOvVaw2FFDf0YEtPWuicF8nQcil2\">https:\/\/www.sudquotidien.sn<\/a> Les travailleurs de la Sonacos en assembl\u00e9e g\u00e9n\u00e9rale\u00a0 hier, lundi, \u00e0 l\u2019usine de Diourbel d\u00e9noncent avec la derni\u00e8re \u00e9nergie la circulaire du ministre de l\u2019Agriculture et de l\u2019\u00e9quipement rural autorisant les op\u00e9rateurs priv\u00e9s stockeurs \u00e0 exp\u00e9dier 80 % des graines effectivement trouv\u00e9es dans les entrep\u00f4ts. Ce qui constitue une menace pour la perte d\u2019emplois dans les usines mais aussi la disparition de la fili\u00e8re arachide. Ils invitent l\u2019Etat \u00e0 surseoir \u00e0 cette mesure qui remplace le d\u00e9cret 2010.\u00a0<\/strong>\nLa circulaire autorisant exceptionnellement les op\u00e9rateurs priv\u00e9s stockeurs \u00e0 op\u00e9rer une exp\u00e9dition partielle de 80%\u00a0 des quantit\u00e9s effectivement trouv\u00e9es dans les entrep\u00f4ts est vivement contest\u00e9e par les huiliers. En assembl\u00e9e g\u00e9n\u00e9rale, les acteurs de la fili\u00e8re arachide d\u00e9noncent cette lettre circulaire du ministre de l\u2019Agriculture qui vient remplacer celle du ministre du Commerce jug\u00e9e inacceptable. Cette situation va\u00a0\u00e0 coup s\u00fbr contribuer \u00e0 l\u2019arr\u00eat des activit\u00e9s, faute de graines. Les cons\u00e9quences sont l\u00e0 perte des emplois. Issa Ly, secr\u00e9taire g\u00e9n\u00e9ral de la section\u00a0 locale du Syndicat national des travailleurs des corps gras et activit\u00e9s similaires explique\u00a0 : \u00ab\u00a0La Sonacos utilise plus de 2000 saisonniers par ann\u00e9e en plus des permanents au cas o\u00f9 il y a des\u00a0graines. Dans le cas contraire, on n\u2019a que 25 saisonniers\u00a0 dans l\u2019ensemble du territoire national. Nous demandons \u00e0\u00a0l\u2019Etat particuli\u00e8rement au ministre de l\u2019Agriculture\u00a0 de\u00a0 revenir sur cette mesure\u00a0\u00bb. Et il poursuit\u00a0 : \u00a0\u00bb Ce que nous demandons aux autorit\u00e9s, c\u2019est d\u2019arr\u00eater les exportations mais aussi faire des r\u00e9formes pour la fili\u00e8re arachide. Notre position est tr\u00e8s claire\u00a0 : nous n\u2019accepterons jamais\u00a0 que des Chinois ou des\u00a0 \u00e9trangers viennent d\u2019ailleurs pour prendre nos mati\u00e8res premi\u00e8res et nous laisser avec les mains vides. Nous le d\u00e9noncerons\u00a0jusqu\u2019\u00e0 l\u2019\u00e9ternit\u00e9\u00a0\u00bb. Le 2\u00e8me secr\u00e9taire g\u00e9n\u00e9ral adjoint Monsieur Thi\u00e9 Mbaye Ndiaye\u00a0 dira que l\u2019Etat a mis la charrue avant les b\u0153ufs. \u00ab\u00a0Nous allons passer \u00e0 la vitesse sup\u00e9rieure en se couchant sur la chauss\u00e9e. Ainsi, les camionneurs chinois vont passer sur nos cadavres. Nous le r\u00e9p\u00e9tons, \u00a0il n\u2019y a pas de graines \u00e0 exporter\u00a0\u00bb, a-t-il conclu.<strong>ADAMA NDIAYE<\/strong>\n","protected":false},"excerpt":{"rendered":"<p>Diourbel\/ag des travailleurs de la sonacos contre l\u2019ouverture des fronti\u00e8res : une menace pour la fili\u00e8re arachide https:\/\/www.sudquotidien.sn Les travailleurs de la Sonacos en assembl\u00e9e g\u00e9n\u00e9rale\u00a0 hier, lundi, \u00e0 l\u2019usine de Diourbel d\u00e9noncent avec la derni\u00e8re \u00e9nergie la circulaire du ministre de l\u2019Agriculture et de l\u2019\u00e9quipement rural autorisant les op\u00e9rateurs priv\u00e9s stockeurs \u00e0 exp\u00e9dier 80 [&hellip;]<\/p>\n","protected":false},"author":8,"featured_media":0,"comment_status":"open","ping_status":"open","sticky":false,"template":"","format":"standard","meta":{"_jetpack_newsletter_access":"","_jetpack_dont_email_post_to_subs":false,"_jetpack_newsletter_tier_id":0,"_jetpack_memberships_contains_paywalled_content":false,"_jetpack_memberships_contains_paid_content":false,"footnotes":""},"categories":[42],"tags":[722,744],"class_list":["post-12919","post","type-post","status-publish","format-standard","hentry","category-economie","tag-arachide","tag-sonacos"],"jetpack_featured_media_url":"","jetpack_sharing_enabled":true,"_links":{"self":[{"href":"https:\/\/rp221.com\/index.php?rest_route=\/wp\/v2\/posts\/12919","targetHints":{"allow":["GET"]}}],"collection":[{"href":"https:\/\/rp221.com\/index.php?rest_route=\/wp\/v2\/posts"}],"about":[{"href":"https:\/\/rp221.com\/index.php?rest_route=\/wp\/v2\/types\/post"}],"author":[{"embeddable":true,"href":"https:\/\/rp221.com\/index.php?rest_route=\/wp\/v2\/users\/8"}],"replies":[{"embeddable":true,"href":"https:\/\/rp221.com\/index.php?rest_route=%2Fwp%2Fv2%2Fcomments&post=12919"}],"version-history":[{"count":0,"href":"https:\/\/rp221.com\/index.php?rest_route=\/wp\/v2\/posts\/12919\/revisions"}],"wp:attachment":[{"href":"https:\/\/rp221.com\/index.php?rest_route=%2Fwp%2Fv2%2Fmedia&parent=12919"}],"wp:term":[{"taxonomy":"category","embeddable":true,"href":"https:\/\/rp221.com\/index.php?rest_route=%2Fwp%2Fv2%2Fcategories&post=12919"},{"taxonomy":"post_tag","embeddable":true,"href":"https:\/\/rp221.com\/index.php?rest_route=%2Fwp%2Fv2%2Ftags&post=12919"}],"curies":[{"name":"wp","href":"https:\/\/api.w.org\/{rel}","templated":true}]}}