{"id":12917,"date":"2023-01-24T20:42:33","date_gmt":"2023-01-24T20:42:33","guid":{"rendered":"https:\/\/rp221.com\/?p=12917"},"modified":"2023-01-24T20:42:39","modified_gmt":"2023-01-24T20:42:39","slug":"forum-de-dakar-sur-la-souverainete-alimentaire-un-cadre-dexpression-des-besoins-de-financementselon-une-responsable-de-la-bad","status":"publish","type":"post","link":"https:\/\/rp221.com\/?p=12917","title":{"rendered":"Forum de Dakar sur la souverainet\u00e9 alimentaire, un cadre d\u2019expression des besoins de financement,selon une responsable de la BAD"},"content":{"rendered":"\n<h3 class=\"red\"><strong><em>Forum de Dakar sur la souverainet\u00e9 alimentaire, un cadre d\u2019expression des besoins de financement,selon une responsable de la BAD<\/em><\/strong><\/h3>\nDiamniadio, 23 jan (APS) \u2013 Le deuxi\u00e8me Forum de Dakar sur la souverainet\u00e9 alimentaire, servira de tribune aux chefs d\u2019Etat et de gouvernement africains pr\u00e9sents de faire des propositions concr\u00e8tes et pertinentes sur le financement de leurs projets de r\u00e9silience et d\u2019autosuffisance, a soulign\u00e9, lundi, une responsable de la Banque africaine de d\u00e9veloppement (BAD), initiatrice de l\u2019\u00e9v\u00e8nement pr\u00e9vu \u00e0 partir de mercredi \u00e0 Diamniadio.\n\u2018\u2019Les financements d\u00e9pendront principalement de la pertinence, de l\u2019efficacit\u00e9 des projets et des propositions concr\u00e8tes mises sur la table pour les r\u00e9aliser dans des d\u00e9lais impartis au cours des cinq prochaines ann\u00e9es\u2019\u2019, a pr\u00e9cis\u00e9 Beth Dunford, vice-pr\u00e9sidente de la BAD, charg\u00e9e de l\u2019agriculture, du d\u00e9veloppement social et humain.\nElle prenait part, lundi \u00e0 l\u2019auditorium de la sph\u00e8re minist\u00e9rielle Ousmane Tanor Dieng de Diamniadio, au point de presse tenu \u00e0 deux jours de l\u2019ouverture du Forum de Dakar sur le th\u00e8me \u2018\u2019Nourrir l\u2019Afrique : souverainet\u00e9 alimentaire et r\u00e9silience\u2019\u2019.\nPour chaque pays, le chef d\u2019Etat ou de gouvernement repr\u00e9sent\u00e9, fera face aux bailleurs pour \u2018\u2019d\u00e9fendre sa strat\u00e9gie nationale de souverainet\u00e9 alimentaire \u00e0 travers un pacte qui sera \u00e9tabli avec les bailleurs, notamment la Banque africaine de d\u00e9veloppement, a-t-elle rappel\u00e9.\nElle a signal\u00e9 qu\u2019au sortir des sessions, le niveau de financement de l\u2019impact de la politique nationale de souverainet\u00e9 alimentaire de chaque pays sera connu.\nS\u2019agissant du S\u00e9n\u00e9gal, les besoins de financement de son pacte national de souverainet\u00e9 alimentaire s\u2019\u00e9l\u00e8vent \u00e0 5000 milliards de francs CFA sur cinq ans dont 1600 milliards attendus de la BAD et d\u2019autres partenaires apr\u00e8s la pr\u00e9sentation du pacte qui sera faite par le chef de l\u2019Etat en personne, a-t-on appris lors de la conf\u00e9rence de presse.ADL\/AKS\/ASB\n","protected":false},"excerpt":{"rendered":"<p>Forum de Dakar sur la souverainet\u00e9 alimentaire, un cadre d\u2019expression des besoins de financement,selon une responsable de la BAD Diamniadio, 23 jan (APS) \u2013 Le deuxi\u00e8me Forum de Dakar sur la souverainet\u00e9 alimentaire, servira de tribune aux chefs d\u2019Etat et de gouvernement africains pr\u00e9sents de faire des propositions concr\u00e8tes et pertinentes sur le financement de [&hellip;]<\/p>\n","protected":false},"author":8,"featured_media":0,"comment_status":"open","ping_status":"open","sticky":false,"template":"","format":"standard","meta":{"_jetpack_newsletter_access":"","_jetpack_dont_email_post_to_subs":false,"_jetpack_newsletter_tier_id":0,"_jetpack_memberships_contains_paywalled_content":false,"_jetpack_memberships_contains_paid_content":false,"footnotes":""},"categories":[42],"tags":[170],"class_list":["post-12917","post","type-post","status-publish","format-standard","hentry","category-economie","tag-bad"],"jetpack_featured_media_url":"","jetpack_sharing_enabled":true,"_links":{"self":[{"href":"https:\/\/rp221.com\/index.php?rest_route=\/wp\/v2\/posts\/12917","targetHints":{"allow":["GET"]}}],"collection":[{"href":"https:\/\/rp221.com\/index.php?rest_route=\/wp\/v2\/posts"}],"about":[{"href":"https:\/\/rp221.com\/index.php?rest_route=\/wp\/v2\/types\/post"}],"author":[{"embeddable":true,"href":"https:\/\/rp221.com\/index.php?rest_route=\/wp\/v2\/users\/8"}],"replies":[{"embeddable":true,"href":"https:\/\/rp221.com\/index.php?rest_route=%2Fwp%2Fv2%2Fcomments&post=12917"}],"version-history":[{"count":0,"href":"https:\/\/rp221.com\/index.php?rest_route=\/wp\/v2\/posts\/12917\/revisions"}],"wp:attachment":[{"href":"https:\/\/rp221.com\/index.php?rest_route=%2Fwp%2Fv2%2Fmedia&parent=12917"}],"wp:term":[{"taxonomy":"category","embeddable":true,"href":"https:\/\/rp221.com\/index.php?rest_route=%2Fwp%2Fv2%2Fcategories&post=12917"},{"taxonomy":"post_tag","embeddable":true,"href":"https:\/\/rp221.com\/index.php?rest_route=%2Fwp%2Fv2%2Ftags&post=12917"}],"curies":[{"name":"wp","href":"https:\/\/api.w.org\/{rel}","templated":true}]}}