{"id":12819,"date":"2023-01-23T18:56:42","date_gmt":"2023-01-23T18:56:42","guid":{"rendered":"https:\/\/rp221.com\/?p=12819"},"modified":"2023-01-23T18:58:00","modified_gmt":"2023-01-23T18:58:00","slug":"la-badea-accorde-un-financement-de-39-milliards-fcfa-pour-lautoroute-dakar-saint-louis","status":"publish","type":"post","link":"https:\/\/rp221.com\/?p=12819","title":{"rendered":"La BADEA accorde un financement de 39 milliards FCFA pour l\u2019autoroute Dakar-Saint Louis"},"content":{"rendered":"\n<h3 class=\"red\"><strong><em>La BADEA accorde un financement de 39 milliards FCFA pour l\u2019autoroute Dakar-Saint Louis<\/em><\/strong><\/h3>\n<a href=\"https:\/\/www.sikafinance.com\" data-saferedirecturl=\"https:\/\/www.google.com\/url?hl=fr&amp;q=https:\/\/www.sikafinance.com&amp;source=gmail&amp;ust=1674584330165000&amp;usg=AOvVaw25stWAlMd4ODCsJvqlQ9ho\">https:\/\/www.sikafinance.com<\/a> Le projet de construction de l'autoroute Dakar-Tivaouane-Saint-Louis va recevoir un appui financier de 65 millions de dollars, soit 39,3 milliards FCFA, de la Banque arabe pour le d\u00e9veloppement \u00e9conomique en Afrique.\nLa convention de financement a \u00e9t\u00e9 sign\u00e9 le 15 janvier dernier entre l'institution de financement et le minist\u00e8re s\u00e9n\u00e9galais de l'Economie, du Plan et de la Coop\u00e9ration.\nLongue de 200 km et d'un co\u00fbt de 800 millions de dollars (483 milliards FCFA), l'autoroute Dakar-Tivaouane-Saint-Louis est un axe routier strat\u00e9gique qui va permettre de d\u00e9senclaver de vastes zones rizicoles situ\u00e9es dans la partie septentrionale du pays, de faciliter l'acheminement rapide des produits halieutiques et jouer un r\u00f4le majeur dans le d\u00e9veloppement \u00e9conomique et touristique le long de la grande c\u00f4te Dakar-Saint-Louis.\nLe projet va consister concr\u00e8tement en la construction d'une autoroute 2x2 voies, extensibles en 2x3 voies \u00e0 terme, \u00e0 la r\u00e9alisation de r\u00e9alisation de 8 \u00e9changeurs et de 113 passages pi\u00e9tons, \u00e0 la construction de 50 km de routes secondaires et 8 km de routes int\u00e9rieures avec \u00e9clairage public solaire.\nOn rappelle que ce projet a d\u00e9j\u00e0 b\u00e9n\u00e9fici\u00e9 d'un financement de l'Arabie de Saoudite \u00e0 travers son Fonds pour le d\u00e9veloppement.\n<h4 class=\"blue\"><strong><em>Mamadou Moustapha Ba, Ministre des Finances et du Budget : \u00abLe cadre actuel de gestion des finances publiques permet une bonne programmation des ressources et leur ex\u00e9cution<\/em><\/strong><\/h4>\nEn acceptant de se confier sans d\u00e9tours \u00e0 Regards Magazine, Mamadou Moustapha Ba, le Ministre des Finances et du Budget se d\u00e9voile. A travers cet entretien v\u00e9rit\u00e9, l\u2019argentier de l\u2019\u00c9tat affirme que le taux d\u2019endettement du S\u00e9n\u00e9gal se situe actuellement \u00e0 68% du PIB 2022, pour un plafond fix\u00e9 \u00e0 70%. Toutefois, l\u2019Etat du S\u00e9n\u00e9gal, sous le leadership du Pr\u00e9sident Macky SALL et avec le concours des partenaires techniques et financiers, s\u2019att\u00e8le de mani\u00e8re r\u00e9solue \u00e0 ramener le ratio d\u2019endettement actuel \u00e0 ses niveaux historiques d\u2019avant crise. La trajectoire d\u2019endettement devrait s\u2019inscrire dans une dynamique de baisse continue d\u00e8s 2024. Droit dans ses bottes, Mamadou Moustapha Ba, descendant direct de Maba Diakhou BA, d\u00e9clare n\u2019avoir d\u2019autre ambition que de servir le S\u00e9n\u00e9gal et de m\u00e9riter la confiance dont le chef de l\u2019Etat a bien voulu l\u2019honorer.\n<h4 class=\"blue\"><strong><em>Regards : Monsieur le Ministre des Finances et du Budget, qui est Mamadou Moustapha Ba ?<\/em><\/strong><\/h4>\n<strong><em>Mamadou Moustapha Ba : <\/em><\/strong>\u00a0Tout d\u2019abord, permettez-moi de m\u2019incliner devant la m\u00e9moire des 41 personnes d\u00e9c\u00e9d\u00e9es il y\u2019a quelques jours, suite au tragique accident routier survenu \u00e0 Sikilo, dans le d\u00e9partement de Kaffrine. Je pr\u00e9sente mes condol\u00e9ances attrist\u00e9es \u00e0 leurs familles, mais aussi \u00e0 la nation s\u00e9n\u00e9galaise tout enti\u00e8re car ce drame nous touche tous. Aux 99 personnes bless\u00e9es recens\u00e9es, j\u2019adresse mes v\u0153ux de prompt r\u00e9tablissement.\nPour en venir maintenant \u00e0 votre question, vous conviendrez avec moi qu\u2019il est tr\u00e8s difficile de parler de soi. Mais pour ne pas me soustraire \u00e0 l\u2019exercice, je dirais en r\u00e9sum\u00e9 que Mamadou Moustapha BA est un S\u00e9n\u00e9galais bon teint, un mari et un p\u00e8re de famille, un pur produit de l\u2019\u00e9cole s\u00e9n\u00e9galaise, un fonctionnaire ayant consacr\u00e9 toute sa carri\u00e8re au service de l\u2019\u00c9tat.\n<h4 class=\"blue\"><strong><em>De Nioro, au c\u0153ur du Saloum, \u00e0 l\u2019immeuble Peytavin, que de chemins parcourus par l\u2019enfant du Rip ! Quels en furent les \u00e9tapes et temps forts ?<\/em><\/strong><\/h4>\nJe suis effectivement natif de Nioro-du-Rip, dans la r\u00e9gion de Kaolack, o\u00f9 j\u2019ai grandi. J\u2019ai \u00e9tudi\u00e9 respectivement \u00e0 BantankountouMaound\u00e9 (d\u00e9partement de Kolda) et \u00e0 Mbour, avant d\u2019int\u00e9grer le Prytan\u00e9e militaire de Saint-Louis. Apr\u00e8s le bac, j\u2019ai rejoint l\u2019Ecole Nationale d\u2019Economie Appliqu\u00e9e (ENEA) d\u2019o\u00f9 je suis sorti avec le dipl\u00f4me d\u2019Ing\u00e9nieur des travaux de planification en 1991. J\u2019ai \u00e9galement poursuivi des \u00e9tudes de troisi\u00e8me cycle en Belgique, d\u2019o\u00f9 je suis revenu avec un Dipl\u00f4me de Politique de D\u00e9veloppement ainsi qu\u2019un Master en Gestion et Administration Publiques, obtenus respectivement en 1998 et 1999.\nAvant cela, j\u2019ai int\u00e9gr\u00e9 le Minist\u00e8re de l\u2019Economie et des Finances en 1992. J\u2019ai \u00e9t\u00e9, tour \u00e0 tour, Charg\u00e9 de programmes \u00e0 la Direction de la Coop\u00e9ration \u00c9conomique et Financi\u00e8re, la DCEF, de 1992 \u00e0 2000, puis Chef du Bureau Primaire dans cette m\u00eame Direction entre 2001 et 2006. En 2007, j\u2019ai \u00e9t\u00e9 nomm\u00e9 Directeur-Adjoint de la DCEF, poste que j\u2019ai occup\u00e9 jusqu\u2019en 2012, avant de passer Directeur. Je suis donc un vrai produit de la DCEF, dont j\u2019ai gravi les \u00e9chelons de la base au sommet.\nC\u2019est un service qui m\u2019a beaucoup marqu\u00e9 car, pour peu que l\u2019on accepte de s\u2019investir pleinement dans le travail, il permet d\u2019acqu\u00e9rir une expertise pointue sur les finances publiques, une connaissance transversale des politiques sectorielles de l\u2019\u00c9tat mais aussi une parfaite ma\u00eetrise des relations avec les partenaires techniques et financiers. C\u2019est en tant que Directeur de la DCEF que j\u2019ai eu l\u2019honneur de participer \u00e0 l\u2019\u00e9laboration et la mise en \u0153uvre du Plan S\u00e9n\u00e9gal \u00c9mergent, le PSE qui constitue le r\u00e9f\u00e9rentiel des politiques publiques du S\u00e9n\u00e9gal pour la p\u00e9riode 2014-2035.\nVous me permettrez de saisir l\u2019occasion pour rendre hommage \u00e0 la m\u00e9moire de mon ami, mon compagnon avec qui je formais un tandem bien connu, feu Pierre Ndiaye, \u00e0 l\u2019\u00e9poque Directeur de la Pr\u00e9vision et des \u00e9tudes \u00e9conomiques, avec qui j\u2019ai beaucoup travaill\u00e9 sur le PSE, et qui a \u00e9t\u00e9 arrach\u00e9 \u00e0 notre affection cela fait deux ans maintenant.\nEn 2014, j\u2019ai \u00e9t\u00e9 nomm\u00e9 Directeur g\u00e9n\u00e9ral des Finances. Puis, en avril 2017, avec la r\u00e9forme des structures du Minist\u00e8re des Finances visant l\u2019efficience et la performance dans le sillage des directives de l\u2019UEMOA, la DGF s\u2019est mu\u00e9e en Direction g\u00e9n\u00e9rale du Budget. J\u2019ai dirig\u00e9 la DGB jusqu\u2019en septembre 2022 avant ma nomination comme Ministre des Finances et du Budget.\n<h4 class=\"blue\"><strong><em>Le Saloum est r\u00e9put\u00e9 terre de refus, de r\u00e9sistance et d\u2019\u00e9rudition, mais aussi d\u2019excellence qui a vu naitre Maba Diakhou BA, Baye Niasse, Ibrahima Seydou Ndaw, Valdiodio Ndiaye, Babacar BA, Moustapha Niasse et Mamadou Lamine Loum entre autres, vous reconnaissez vous en l\u2019un d\u2019entre eux ?<\/em><\/strong><\/h4>\nJe suis moi-m\u00eame un descendant de Maba Diakhou BA, dont je suis naturellement fier au regard de son parcours, de son histoire et des valeurs cardinales qu\u2019il a port\u00e9es. Pour autant, je me reconnais aussi en chacune des personnalit\u00e9s que vous avez cit\u00e9es, de m\u00eame que dans tous les autres dignes filles et fils du S\u00e9n\u00e9gal qui, par leur action, ont contribu\u00e9 \u00e0 b\u00e2tir la nation que nous avons r\u00e9ussi \u00e0 devenir.\n<h4 class=\"blue\"><strong><em>A quoi tient votre rapport si fort \u00e0 l\u2019Etat, alors que vos talents pouvait vous mener vers les affaires ou vers une carri\u00e8re internationale ?<\/em><\/strong><\/h4>\nCe rapport tient, je crois, \u00e0 la vocation que je me suis choisi, \u00e0 bas \u00e2ge, qui est celle de servir mon pays. Mon passage au Prytan\u00e9e Militaire a sans doute ancr\u00e9 et renforc\u00e9 ce sentiment. M\u00eame si je n\u2019ai pas choisi la voie militaire, je me consid\u00e8re jusqu\u2019\u00e0 pr\u00e9sent comme un soldat.\nQue ce soit dans une tranch\u00e9e, fusil \u00e0 la main, ou dans un bureau, ou dans une salle de classe, ou sur un chantier, tout agent de l\u2019\u00c9tat est un soldat dans la bataille pour le d\u00e9veloppement \u00e9conomique, le progr\u00e8s social, l\u2019enrichissement culturel, le bien-\u00eatre de nos concitoyens.\n<h4 class=\"blue\"><strong><em>Au cours de votre exp\u00e9rience de plusieurs d\u00e9cennies dans la haute administration publique, quels exp\u00e9riences et enseignements en avez-vous tir\u00e9 sur les hommes qui l\u2019animent ?<\/em><\/strong><\/h4>\nIl y a beaucoup de bonnes choses \u00e0 dire sur les hommes qu\u2019il m\u2019a \u00e9t\u00e9 donn\u00e9 de c\u00f4toyer pendant plus de trente ans de service au sein de l\u2019Administration. Mais j\u2019aimerais insister sur au moins deux choses. La premi\u00e8re qui me vient \u00e0 l\u2019esprit c\u2019est le grand professionnalisme, le haut degr\u00e9 d\u2019expertise et, surtout, le d\u00e9vouement qui caract\u00e9risent les femmes et les hommes qui animent l\u2019Administration s\u00e9n\u00e9galaise.\nLa seconde est l\u2019importance des valeurs comme la patience, la tol\u00e9rance et le sens du d\u00e9passement de soi, comme des facteurs de succ\u00e8s dans la conduite des affaires de l\u2019Etat.\n<h4 class=\"blue\"><strong><em>Vos rapports avec les politiques ?<\/em><\/strong><\/h4>\nCe sont des rapports tr\u00e8s sains, faits de respect mutuel, de courtoisie et de loyaut\u00e9. Et j\u2019oserais m\u00eame rajouter : quel que soit le bord o\u00f9 ils se trouvent.\nBien entendu, ma loyaut\u00e9 et mon engagement pour le Pr\u00e9sident Macky SALL sont sans bornes, mais je m\u2019honore \u00e9galement d\u2019entretenir des relations cordiales et mutuellement respectueuses avec les membres de l\u2019opposition que j\u2019ai l\u2019occasion de croiser dans le cadre de mon travail, notamment lors des travaux parlementaires sur les lois de finances.\n<h4 class=\"blue\"><strong><em>Ministre des finances et du budget, vous faites la quasi unanimit\u00e9 sur votre comp\u00e9tence technique, votre expertise et votre talent de persuasion, selon vous, \u00e0 quoi attribuez-vous ces qualit\u00e9s manag\u00e9riales ?<\/em><\/strong><\/h4>\nC\u2019est l\u00e0 une appr\u00e9ciation bien flatteuse pour ma modeste personne. Mais je crois pouvoir dire que j\u2019ai \u00e9t\u00e9 forg\u00e9 par une \u00e9ducation familiale qui m\u2019a transmis des valeurs fortes, une \u00e9cole qui m\u2019a donn\u00e9 une excellente formation et j\u2019ai eu la chance de c\u00f4toyer, tout au long de mon parcours, de grands cadres qui m\u2019ont form\u00e9 et inspir\u00e9.\n<h4 class=\"blue\"><strong><em>Seriez-vous une illustration de l\u2019excellence de l\u2019\u00e9cole et de la formation sup\u00e9rieure s\u00e9n\u00e9galaises, qui ont produit entre autres Babacar Ba, Mamadou Lamine Loum et Abdoulaye Diop, vos illustres pr\u00e9d\u00e9cesseurs ?<\/em><\/strong><\/h4>\nJe ne pr\u00e9tends pas \u00eatre un mod\u00e8le mais je peux t\u00e9moigner que notre syst\u00e8me \u00e9ducatif est capable de produire d\u2019excellents cadres. L\u2019ENEA, pour prendre un exemple que je connais, a notamment cette particularit\u00e9 de combiner une formation th\u00e9orique tr\u00e8s solide \u00e0 une exp\u00e9rimentation du terrain tr\u00e8s pouss\u00e9e. Cela pousse \u00e0 aller au fond des choses dans l\u2019analyse, mais aussi \u00e0 privil\u00e9gier la d\u00e9livrance de r\u00e9sultats concrets, mesurables.\nCela exige \u00e9videmment un engagement constant mais cela cadre avec mon temp\u00e9rament, puisque je m\u2019investis toujours \u00e0 fond dans tout ce que je fais, que ce soit dans ma vie professionnelle ou dans ma vie personnelle.\nJ\u2019avoue j\u2019ai \u00e9t\u00e9 \u00e9galement inspir\u00e9 par mes illustres pr\u00e9d\u00e9cesseurs qui ont gravi tous les \u00e9chelons au Minist\u00e8re des Finances pour finalement le diriger, particuli\u00e8rement Mamadou Lamine LOUM et Abdoulaye DIOP. Ce dernier est rest\u00e9 et restera ma r\u00e9f\u00e9rence dans le management de ce d\u00e9partement.\n<h4 class=\"blue\"><strong><em>Partagez-vous l\u2019avis de celles et ceux et qui estiment que les r\u00e9gies financi\u00e8res s\u00e9n\u00e9galaises sont aujourd\u2019hui tr\u00e8s politis\u00e9es avec pour cons\u00e9quences des fautes et errements aux effets d\u00e9vastateurs ?<\/em><\/strong><\/h4>\nNon, sinc\u00e8rement je ne suis pas de cet avis. D\u2019abord, hormis le cas sp\u00e9cifique des forces et de d\u00e9fense et de s\u00e9curit\u00e9 ainsi que des corps paramilitaires comme la Douane, je ne vois pas pourquoi un agent de l\u2019\u00c9tat n\u2019aurait pas le droit de faire de la politique. Les administrations dont vous parlez regorgent de gens brillants. Si ces m\u00eames personnes nourrissent en sus le d\u00e9sir de s\u2019investir dans la communaut\u00e9, de prendre une part plus active dans la gestion des affaires de la cit\u00e9, pourquoi pas ? Pour moi, c\u2019est tout b\u00e9n\u00e9fice pour le pays que le personnel politique puisse s\u2019enrichir de l\u2019apport de gens qui ma\u00eetrisent les finances publiques, la gestion publique, les rouages de l\u2019\u00c9tat.\nEt puis les cons\u00e9quences catastrophiques dont certains parlent rel\u00e8vent, \u00e0 moins avis, de l\u2019ordre du clich\u00e9, du pr\u00e9jug\u00e9. Les r\u00e9gies financi\u00e8res nous valent aujourd\u2019hui des performances remarquables, malgr\u00e9 les multiples crises que nous avons travers\u00e9es. C\u2019est d\u2019ailleurs le lieu de saluer leur engagement ainsi que celui de tous les agents du Minist\u00e8re des finances et du Budget.\n<h4 class=\"blue\"><strong><em>La dette de l\u2019Etat du S\u00e9n\u00e9gal caresse le plafond, partagez vous ce constat ?<\/em><\/strong><\/h4>\nLe taux d\u2019endettement du S\u00e9n\u00e9gal se situe actuellement \u00e0 68% du PIB 2022, pour un plafond fix\u00e9 \u00e0 70%. La marge semble t\u00e9nue mais il suffit de rappeler le contexte ayant fortement contribu\u00e9 \u00e0 une augmentation de l\u2019endettement, pour se rendre compte du caract\u00e8re transitoire de cette situation.\nLa succession des r\u00e9centes crises not\u00e9es \u00e0 l\u2019\u00e9chelle internationale a \u00e9t\u00e9 le facteur ayant rendu n\u00e9cessaire une intervention plus ferme des Etats afin d\u2019att\u00e9nuer les risques sociaux. Le cas du S\u00e9n\u00e9gal en 2022 est suffisamment illustratif \u00e0 ce sujet, avec un niveau de subvention dans le seul domaine de l\u2019\u00e9nergie, avoisinant 750 milliards afin de soutenir le pouvoir d\u2019achat des m\u00e9nages.\nToutefois, l\u2019\u00c9tat du S\u00e9n\u00e9gal, sous le leadership de Monsieur le Pr\u00e9sident de la R\u00e9publique, son Excellence Macky SALL et avec le concours des partenaires techniques et financiers, s\u2019attelle de mani\u00e8re r\u00e9solue \u00e0 ramener le ratio d\u2019endettement actuel \u00e0 ses niveaux historiques d\u2019avant crise.\nLes perspectives qui s\u2019annoncent dans un horizon proche semblent en outre favorables pour le pays, avec l\u2019effectivit\u00e9 de l\u2019exploitation des hydrocarbures d\u00e8s le quatri\u00e8me trimestre de 2023. Le d\u00e9marrage de l\u2019activit\u00e9 de production de p\u00e9trole et de gaz aura un impact significatif sur les fondamentaux de l\u2019\u00e9conomie, eu \u00e9gard notamment \u00e0 la vigueur de la croissance, \u00e0 l\u2019am\u00e9lioration des recettes fiscales et, in fine, \u00e0 la contraction du d\u00e9ficit public devant en d\u00e9couler, avec la poursuite de la strat\u00e9gie de maitrise de l\u2019ex\u00e9cution des d\u00e9penses publiques. Assur\u00e9ment, la trajectoire d\u2019endettement devrait s\u2019inscrire dans une dynamique vertueuse de baisse continue d\u00e8s 2024.\n<h4 class=\"blue\"><strong><em>Quelle politique financi\u00e8re et budg\u00e9taire peut contribuer \u00e0 r\u00e9pondre aux d\u00e9fis majeurs de la pauvret\u00e9 grandissante, de l\u2019autosuffisance alimentaire, de la r\u00e9sorption du ch\u00f4mage, de l\u2019\u00e9dification d\u2019une \u00e9cole de d\u00e9veloppement et d\u2019une soci\u00e9t\u00e9 paisible et harmonieuse ?<\/em><\/strong><\/h4>\nNous avons le PSE qui est une excellente strat\u00e9gie de d\u00e9veloppement et les d\u00e9fis que vous \u00e9voquez constituent des priorit\u00e9s, d\u2019ailleurs r\u00e9affirm\u00e9es dans le Plan d\u2019actions Prioritaires ajust\u00e9 et acc\u00e9l\u00e9r\u00e9 (PAP2A) 2019-2023 et qui seront, avec d\u2019autres, reprises dans le prochain PAP (2024-2028) qui entre en pr\u00e9paration.\nMaintenant, la prise en charge des besoins suppose que les ressources internes comme externes n\u00e9cessaires \u00e0 leur financement soient mobilis\u00e9es. Il s\u2019agira donc de poursuivre la politique de mobilisation des ressources, point\u00e9e par le PSE, gr\u00e2ce aux instruments susmentionn\u00e9s mais aussi en renfor\u00e7ant les r\u00e9formes tendant \u00e0 rendre notre pays plus attractif. Une gestion responsable de l\u2019endettement du pays continuera d\u2019\u00eatre appliqu\u00e9e, avec la strat\u00e9gie mise en place \u00e0 cet effet qui devrait nous permettre de maintenir nos ambitions en mati\u00e8re d\u2019investissements publics.\nPour le reste, le S\u00e9n\u00e9gal garde sa cr\u00e9dibilit\u00e9 au niveau international, ce qui lui permet de disposer des niveaux de ressources indispensables \u00e0 la trajectoire vers l\u2019\u00e9mergence. Les ressources p\u00e9troli\u00e8res et gazi\u00e8res, attendues \u00e0 partir de la fin de cette ann\u00e9e, devraient contribuer \u00e0 l\u2019atteinte des objectifs en la mati\u00e8re. Par ailleurs, le secteur priv\u00e9, aussi bien national qu\u2019\u00e9tranger, est davantage attendu dans le financement de l\u2019investissement public \u00e0 travers des modalit\u00e9s qui n\u2019auront pas d\u2019impact direct et imm\u00e9diat sur l\u2019endettement du pays, comme les PPP.\nLe cadre actuel de gestion des finances publiques permet une bonne programmation des ressources ainsi que leur ex\u00e9cution.\nLes informations relatives au budget et \u00e0 son ex\u00e9cution sont disponibles sur le site internet du Minist\u00e8re, pour une bonne information du public. J\u2019ai eu le plaisir, comme Directeur g\u00e9n\u00e9ral du Budget, \u00e0 pr\u00e9sider une rencontre avec les acteurs non \u00e9tatiques, afin de partager le Document de programmation budg\u00e9taire et \u00e9conomique pluriannuel qui fait l\u2019objet, chaque ann\u00e9e, du D\u00e9bat d\u2019orientation budg\u00e9taire \u00e0 l\u2019Assembl\u00e9e nationale.\n<h4 class=\"blue\"><strong><em>De nouvelles ressources financi\u00e8res sont attendues des secteurs du gaz, du p\u00e9trole et de l\u2019exploitation de l\u2019or, du fer et du zircon. Vont-elles contribuer \u00e0 sortir le S\u00e9n\u00e9gal de son \u00e9tat actuel ?<\/em><\/strong><\/h4>\nNaturellement, le S\u00e9n\u00e9gal compte sur l\u2019exploitation optimale de ses ressources, y compris celles mini\u00e8res. Tout \u00e0 l\u2019heure, en parlant de l\u2019endettement, des besoins de financement sans cesse plus \u00e9lev\u00e9s car li\u00e9s \u00e0 l\u2019ambition d\u2019\u00e9mergence, j\u2019ai soulign\u00e9 l\u2019importance du d\u00e9fi de la mobilisation des ressources. Je vous renvoie \u00e0 la loi de finances pour l\u2019ann\u00e9e 2023 qui revient sur les attentes plac\u00e9es sur l\u2019exploitation du gaz et du p\u00e9trole, lesquelles devraient contribuer \u00e0 relancer l\u2019activit\u00e9 \u00e9conomique avec un taux de croissance sup\u00e9rieur \u00e0 10% en 2024.\nSi au plan externe le S\u00e9n\u00e9gal dispose toujours d\u2019atouts, l\u2019objectif est de renforcer la mobilisation des ressources internes. Il ne faut pas oublier que notre pays a accompli ces derni\u00e8res ann\u00e9es des progr\u00e8s continus dans la mobilisation des ressources internes qui ont notablement accru les capacit\u00e9s de financement.\n<h4 class=\"blue\"><strong><em>Leur gestion sera-t-elle s\u00e9curis\u00e9e et profitable aux populations s\u00e9n\u00e9galaises ?<\/em><\/strong><\/h4>\nBien s\u00fbr, et \u00e0 ce titre l\u2019exploitation du p\u00e9trole et du gaz constitue un bel exemple. En effet, les recettes d\u2019hydrocarbures financeront principalement des d\u00e9penses prioritaires d\u2019investissement. Deux fonds ont \u00e9t\u00e9 cr\u00e9\u00e9s, un \u00ab Fonds interg\u00e9n\u00e9rationnel \u00bb et un \u00ab Fonds de stabilisation \u00bb, pour lesquels des dispositions sont mises en \u0153uvre pour le tra\u00e7age des ressources et leur suivi. Le cadre normatif qui encadre tout cela est tr\u00e8s robuste.\n<h4 class=\"blue\"><strong><em>Technocrate, on vous conna\u00eet, seriez-vous tent\u00e9 par la politique ?<\/em><\/strong><\/h4>\nJe n\u2019ai pas d\u2019autre ambition que celle de servir le S\u00e9n\u00e9gal, et de continuer de m\u00e9riter la confiance dont le Pr\u00e9sident de la R\u00e9publique, Son Excellence Monsieur Macky SALL, a bien voulu m\u2019honorer.\n<h4 class=\"blue\"><strong><em>Quels rapports entretenez-vous avec le sport en g\u00e9n\u00e9ral et le football en particulier ?<\/em><\/strong><\/h4>\nJ\u2019adore le sport ! Particuli\u00e8rement le football. Je n\u2019ai h\u00e9las plus le temps de le pratiquer, compte tenu de la lourdeur de mes charges professionnelles, mais je ne rate jamais les matchs importants de notre \u00e9quipe nationale.\n<h4 class=\"blue\"><strong><em>D\u2019o\u00f9 vient le surnom \u00ab Bosquier \u00bb ?<\/em><\/strong><\/h4>\nCe sont mes amis d\u2019enfance, avec qui je jouais au football, qui me l\u2019ont donn\u00e9. Bernard Bosquier \u00e9tait un footballeur international fran\u00e7ais, qui a fait les beaux jours du championnat de France dans les ann\u00e9es 60 et 70. Il parait que mon style de jeu \u00e9tait similaire au sien : sur le terrain, il ne l\u00e2chait rien, jusqu\u2019au coup de sifflet final. Je pense effectivement que cela me ressemble un peu, y compris dans le traitement des dossiers de l\u2019\u00c9tat (rires).\n","protected":false},"excerpt":{"rendered":"<p>La BADEA accorde un financement de 39 milliards FCFA pour l\u2019autoroute Dakar-Saint Louis https:\/\/www.sikafinance.com Le projet de construction de l&rsquo;autoroute Dakar-Tivaouane-Saint-Louis va recevoir un appui financier de 65 millions de dollars, soit 39,3 milliards FCFA, de la Banque arabe pour le d\u00e9veloppement \u00e9conomique en Afrique. La convention de financement a \u00e9t\u00e9 sign\u00e9 le 15 janvier [&hellip;]<\/p>\n","protected":false},"author":8,"featured_media":0,"comment_status":"open","ping_status":"open","sticky":false,"template":"","format":"standard","meta":{"_jetpack_newsletter_access":"","_jetpack_dont_email_post_to_subs":false,"_jetpack_newsletter_tier_id":0,"_jetpack_memberships_contains_paywalled_content":false,"_jetpack_memberships_contains_paid_content":false,"footnotes":""},"categories":[42],"tags":[173,1168],"class_list":["post-12819","post","type-post","status-publish","format-standard","hentry","category-economie","tag-autoroute-dakar-saint-louis","tag-badea"],"jetpack_featured_media_url":"","jetpack_sharing_enabled":true,"_links":{"self":[{"href":"https:\/\/rp221.com\/index.php?rest_route=\/wp\/v2\/posts\/12819","targetHints":{"allow":["GET"]}}],"collection":[{"href":"https:\/\/rp221.com\/index.php?rest_route=\/wp\/v2\/posts"}],"about":[{"href":"https:\/\/rp221.com\/index.php?rest_route=\/wp\/v2\/types\/post"}],"author":[{"embeddable":true,"href":"https:\/\/rp221.com\/index.php?rest_route=\/wp\/v2\/users\/8"}],"replies":[{"embeddable":true,"href":"https:\/\/rp221.com\/index.php?rest_route=%2Fwp%2Fv2%2Fcomments&post=12819"}],"version-history":[{"count":0,"href":"https:\/\/rp221.com\/index.php?rest_route=\/wp\/v2\/posts\/12819\/revisions"}],"wp:attachment":[{"href":"https:\/\/rp221.com\/index.php?rest_route=%2Fwp%2Fv2%2Fmedia&parent=12819"}],"wp:term":[{"taxonomy":"category","embeddable":true,"href":"https:\/\/rp221.com\/index.php?rest_route=%2Fwp%2Fv2%2Fcategories&post=12819"},{"taxonomy":"post_tag","embeddable":true,"href":"https:\/\/rp221.com\/index.php?rest_route=%2Fwp%2Fv2%2Ftags&post=12819"}],"curies":[{"name":"wp","href":"https:\/\/api.w.org\/{rel}","templated":true}]}}