{"id":12762,"date":"2023-01-21T08:07:09","date_gmt":"2023-01-21T08:07:09","guid":{"rendered":"https:\/\/rp221.com\/?p=12762"},"modified":"2023-01-21T08:07:40","modified_gmt":"2023-01-21T08:07:40","slug":"el-hadji-mansour-samb-economiste-la-greve-des-transports-aura-un-impact-reel-sur-le-piblinformel-et-la-fiscalite","status":"publish","type":"post","link":"https:\/\/rp221.com\/?p=12762","title":{"rendered":"El hadji Mansour Samb, \u00e9conomiste : \u00abLa gr\u00e8ve des transports aura un impact r\u00e9el sur le Pib,l\u2019informel et la fiscalit\u00e9\u00bb"},"content":{"rendered":"\n<h3 class=\"red\"><strong><em>El hadji Mansour Samb, \u00e9conomiste : \u00abLa gr\u00e8ve des transports aura un impact r\u00e9el sur le Pib,l\u2019informel et la fiscalit\u00e9\u00bb<\/em><\/strong><\/h3>\n<strong><a href=\"https:\/\/www.sudquotidien.sn\" data-saferedirecturl=\"https:\/\/www.google.com\/url?hl=fr&amp;q=https:\/\/www.sudquotidien.sn&amp;source=gmail&amp;ust=1674371444278000&amp;usg=AOvVaw1C1CcQJWPSrydilQeYbzVd\">https:\/\/www.sudquotidien.sn<\/a> La gr\u00e8ve illimit\u00e9e d\u00e9clench\u00e9e par le secteur des transports depuis\u00a0mercredi aura forc\u00e9ment des cons\u00e9quences n\u00e9gatives sur l\u2019\u00e9conomie du pays. Selon l\u2019\u00e9conomiste El Hadji Mansour Samb, cette gr\u00e8ve, m\u00eame si elle n\u2019est pas totalement suivie,\u00a0pourrait se ressentir \u00e0 trois niveaux de notre \u00e9conomie, notamment sur le Produit int\u00e9rieur brut (Pib),\u00a0sur l\u2019informel et sur la fiscalit\u00e9 de l\u2019Etat.<\/strong>\nDepuis deux jours, certains syndicats du secteur des transports ont d\u00e9clench\u00e9 une gr\u00e8ve illimit\u00e9e sur toute l\u2019\u00e9tendue du territoire national. M\u00eame si ce mouvement n\u2019est pas suivi \u00e0 100% par les transporteurs, il n\u2019est pas sans cons\u00e9quences sur l\u2019\u00e9conomie de notre pays, car le secteur du transport occupe une place importante sur le Produit int\u00e9rieur brut (Pib).\u00a0Selon l\u2019\u00e9conomiste El Hadji Mansour Samb, cette\u00a0gr\u00e8ve des transports\u00a0peut impacter l\u2019\u00e9conomie nationale \u00e0 trois niveaux. D\u2019abord, indique-t-il,\u00a0elle aura des r\u00e9percussions sur le Pib. \u00ab\u00a0<em>Pour mesurer une\u00a0\u00e9conomie qui marche, on utilise le Produit int\u00e9rieur brut (Pib). Il est l\u2019indicateur qui mesure la production dans un pays. Parce qu\u2019il est l\u2019ensemble des biens et services produits dans un pays pendant une ann\u00e9e. Ce sont les entreprises qui produisent. Donc s\u2019il y a une gr\u00e8ve des transports et que les travailleurs ne se d\u00e9placent pas, il aura automatiquement un ralentissement de la production. En effet, ce sont les transporteurs qui d\u00e9placent ceux qui travaillent dans les entreprises. Donc, s\u2019il y a une gr\u00e8ve du transport, il y aura un ralentissement de l\u2019\u00e9conomie. Ce qui se r\u00e9percute dur le Pib\u00a0qui est calcul\u00e9 pendant 365 jours<\/em>\u00a0\u00bb, explique-t-il. Aussi, poursuit l\u2019\u00e9conomiste, la gr\u00e8ve du secteur\u00a0des transports\u00a0peut avoir\u00a0des cons\u00e9quences \u00e9conomiques sur l\u2019informel qui repr\u00e9sente plus de 42% du Pib. \u00ab\u00a0<em>Les acteurs de l\u2019informel notamment les commer\u00e7ants, les artisans et les clients\u00a0se d\u00e9placent en masse\u00a0par le biais des\u00a0transports\u00a0publics. Donc s\u2019il n\u2019y a pas de transports publics pendant deux ou trois jours, le secteur informel ne pourra pas marcher<\/em>\u00a0\u00bb, soutient-il. Et enfin, signale M Samb, la gr\u00e8ve aura une r\u00e9percussion sur la\u00a0la fiscalit\u00e9 de l\u2019Etat qui taxe les activit\u00e9s \u00e9conomiques surtout celles du secteur l\u2019informel.<strong>NDEYE AMINATA CISSE<\/strong>\n","protected":false},"excerpt":{"rendered":"<p>El hadji Mansour Samb, \u00e9conomiste : \u00abLa gr\u00e8ve des transports aura un impact r\u00e9el sur le Pib,l\u2019informel et la fiscalit\u00e9\u00bb https:\/\/www.sudquotidien.sn La gr\u00e8ve illimit\u00e9e d\u00e9clench\u00e9e par le secteur des transports depuis\u00a0mercredi aura forc\u00e9ment des cons\u00e9quences n\u00e9gatives sur l\u2019\u00e9conomie du pays. Selon l\u2019\u00e9conomiste El Hadji Mansour Samb, cette gr\u00e8ve, m\u00eame si elle n\u2019est pas totalement suivie,\u00a0pourrait [&hellip;]<\/p>\n","protected":false},"author":8,"featured_media":0,"comment_status":"open","ping_status":"open","sticky":false,"template":"","format":"standard","meta":{"_jetpack_newsletter_access":"","_jetpack_dont_email_post_to_subs":false,"_jetpack_newsletter_tier_id":0,"_jetpack_memberships_contains_paywalled_content":false,"_jetpack_memberships_contains_paid_content":false,"footnotes":""},"categories":[42],"tags":[1160,1161,501,1162],"class_list":["post-12762","post","type-post","status-publish","format-standard","hentry","category-economie","tag-el-hadji-mansour-samb","tag-greve-des-transports","tag-pib","tag-secteur-informel"],"jetpack_featured_media_url":"","jetpack_sharing_enabled":true,"_links":{"self":[{"href":"https:\/\/rp221.com\/index.php?rest_route=\/wp\/v2\/posts\/12762","targetHints":{"allow":["GET"]}}],"collection":[{"href":"https:\/\/rp221.com\/index.php?rest_route=\/wp\/v2\/posts"}],"about":[{"href":"https:\/\/rp221.com\/index.php?rest_route=\/wp\/v2\/types\/post"}],"author":[{"embeddable":true,"href":"https:\/\/rp221.com\/index.php?rest_route=\/wp\/v2\/users\/8"}],"replies":[{"embeddable":true,"href":"https:\/\/rp221.com\/index.php?rest_route=%2Fwp%2Fv2%2Fcomments&post=12762"}],"version-history":[{"count":0,"href":"https:\/\/rp221.com\/index.php?rest_route=\/wp\/v2\/posts\/12762\/revisions"}],"wp:attachment":[{"href":"https:\/\/rp221.com\/index.php?rest_route=%2Fwp%2Fv2%2Fmedia&parent=12762"}],"wp:term":[{"taxonomy":"category","embeddable":true,"href":"https:\/\/rp221.com\/index.php?rest_route=%2Fwp%2Fv2%2Fcategories&post=12762"},{"taxonomy":"post_tag","embeddable":true,"href":"https:\/\/rp221.com\/index.php?rest_route=%2Fwp%2Fv2%2Ftags&post=12762"}],"curies":[{"name":"wp","href":"https:\/\/api.w.org\/{rel}","templated":true}]}}