{"id":12760,"date":"2023-01-21T08:04:59","date_gmt":"2023-01-21T08:04:59","guid":{"rendered":"https:\/\/rp221.com\/?p=12760"},"modified":"2023-01-21T08:07:39","modified_gmt":"2023-01-21T08:07:39","slug":"poursuite-de-la-greve-illimitee-les-transporteurs-refusent-de-dialoguer-avec-le-ministre-mansour-faye","status":"publish","type":"post","link":"https:\/\/rp221.com\/?p=12760","title":{"rendered":"Poursuite de la gr\u00e8ve illimit\u00e9e : les transporteurs refusent de dialoguer avec le ministre Mansour Faye"},"content":{"rendered":"\n<h3 class=\"red\"><strong><em>Poursuite de la gr\u00e8ve illimit\u00e9e : les transporteurs refusent de dialoguer avec le ministre Mansour Faye<\/em><\/strong><\/h3>\n<a href=\"https:\/\/www.pressafrik.com\" data-saferedirecturl=\"https:\/\/www.google.com\/url?hl=fr&amp;q=https:\/\/www.pressafrik.com&amp;source=gmail&amp;ust=1674371444279000&amp;usg=AOvVaw13c7VOkJ3KNrIzfLwSWB_I\">https:\/\/www.pressafrik.com<\/a> Les syndicalistes gr\u00e9vistes de la route n\u2019ont pas r\u00e9pondu jeudi \u00e0 l\u2019invitation au dialogue que leur a lanc\u00e9e le ministre des Transports, Mansour Faye, \u00e0 Diamnadio. Attendus dans l\u2019apr\u00e8s-midi, Gora Khouma, de l\u2019Union des transporteurs routiers du S\u00e9n\u00e9gal, et Alassane Ndoye, du Syndicat national des travailleurs du transport routier du S\u00e9n\u00e9gal, ont pr\u00e9f\u00e9r\u00e9 faire la politique de la chaise vide pour, ont-ils pr\u00e9tendu, mieux affiner leurs strat\u00e9gies. En conf\u00e9rence de presse hier matin, Gora Khouma et Alassane Ndoye avaient invit\u00e9 leurs camarades transporteurs \u00e0 poursuivre le mot d\u2019ordre de gr\u00e8ve jusqu\u2019\u00e0 satisfaction de leurs revendications.\n\u00ab Nous f\u00e9licitons tous les camarades qui ont accept\u00e9 de suivre le mot d\u2019ordre de gr\u00e8ve. Nous les invitons \u00e9galement \u00e0 poursuivre la gr\u00e8ve jusqu\u2019\u00e0 la satisfaction de nos revendications \u00bb, avait indiqu\u00e9 Alassane Ndoye. Pour l\u2019instant, les syndicalistes se disent pr\u00eats \u00e0 dialoguer avec les autorit\u00e9s mais s\u2019abstiennent de tout commentaire devant la presse sur leur plateforme revendicative. \u00ab Nous sommes pr\u00eats pour dialoguer avec le gouvernement. D\u2019ailleurs, le ministre Mansour Faye nous a convi\u00e9s \u00e0 une rencontre mais, apr\u00e8s concertations, nous avons pr\u00e9f\u00e9r\u00e9 repousser la date ult\u00e9rieurement pour mieux nous concerter avec la base. Pour le moment, nous optons pour la poursuite de la gr\u00e8ve jusqu\u2019\u00e0 la satisfaction de nos revendications \u00bb, a pr\u00e9cis\u00e9 Gora Khouma dans les colonnes du journal Le T\u00e9moin.AYOBA FAYE\n","protected":false},"excerpt":{"rendered":"<p>Poursuite de la gr\u00e8ve illimit\u00e9e : les transporteurs refusent de dialoguer avec le ministre Mansour Faye https:\/\/www.pressafrik.com Les syndicalistes gr\u00e9vistes de la route n\u2019ont pas r\u00e9pondu jeudi \u00e0 l\u2019invitation au dialogue que leur a lanc\u00e9e le ministre des Transports, Mansour Faye, \u00e0 Diamnadio. Attendus dans l\u2019apr\u00e8s-midi, Gora Khouma, de l\u2019Union des transporteurs routiers du S\u00e9n\u00e9gal, [&hellip;]<\/p>\n","protected":false},"author":8,"featured_media":0,"comment_status":"open","ping_status":"open","sticky":false,"template":"","format":"standard","meta":{"_jetpack_newsletter_access":"","_jetpack_dont_email_post_to_subs":false,"_jetpack_newsletter_tier_id":0,"_jetpack_memberships_contains_paywalled_content":false,"_jetpack_memberships_contains_paid_content":false,"footnotes":""},"categories":[43],"tags":[1161,124,1142],"class_list":["post-12760","post","type-post","status-publish","format-standard","hentry","category-social","tag-greve-des-transports","tag-mansour-faye","tag-transport-public"],"jetpack_featured_media_url":"","jetpack_sharing_enabled":true,"_links":{"self":[{"href":"https:\/\/rp221.com\/index.php?rest_route=\/wp\/v2\/posts\/12760","targetHints":{"allow":["GET"]}}],"collection":[{"href":"https:\/\/rp221.com\/index.php?rest_route=\/wp\/v2\/posts"}],"about":[{"href":"https:\/\/rp221.com\/index.php?rest_route=\/wp\/v2\/types\/post"}],"author":[{"embeddable":true,"href":"https:\/\/rp221.com\/index.php?rest_route=\/wp\/v2\/users\/8"}],"replies":[{"embeddable":true,"href":"https:\/\/rp221.com\/index.php?rest_route=%2Fwp%2Fv2%2Fcomments&post=12760"}],"version-history":[{"count":0,"href":"https:\/\/rp221.com\/index.php?rest_route=\/wp\/v2\/posts\/12760\/revisions"}],"wp:attachment":[{"href":"https:\/\/rp221.com\/index.php?rest_route=%2Fwp%2Fv2%2Fmedia&parent=12760"}],"wp:term":[{"taxonomy":"category","embeddable":true,"href":"https:\/\/rp221.com\/index.php?rest_route=%2Fwp%2Fv2%2Fcategories&post=12760"},{"taxonomy":"post_tag","embeddable":true,"href":"https:\/\/rp221.com\/index.php?rest_route=%2Fwp%2Fv2%2Ftags&post=12760"}],"curies":[{"name":"wp","href":"https:\/\/api.w.org\/{rel}","templated":true}]}}